{"id":1993,"date":"2022-08-09T11:47:43","date_gmt":"2022-08-09T11:47:43","guid":{"rendered":"http:\/\/galleanosebastian.com.ar\/?p=1993"},"modified":"2022-08-09T11:47:43","modified_gmt":"2022-08-09T11:47:43","slug":"calidad-de-servicio","status":"publish","type":"post","link":"https:\/\/galleanosebastian.com.ar\/index.php\/2022\/08\/09\/calidad-de-servicio\/","title":{"rendered":"Calidad  de Servicio"},"content":{"rendered":"\t\t<div data-elementor-type=\"wp-post\" data-elementor-id=\"1993\" class=\"elementor elementor-1993\">\n\t\t\t\t<div class=\"elementor-element elementor-element-9beba5c e-flex e-con-boxed e-con e-parent\" data-id=\"9beba5c\" data-element_type=\"container\">\n\t\t\t\t\t<div class=\"e-con-inner\">\n\t\t\t\t<div class=\"elementor-element elementor-element-56c8eae elementor-widget elementor-widget-text-editor\" data-id=\"56c8eae\" data-element_type=\"widget\" data-widget_type=\"text-editor.default\">\n\t\t\t\t<div class=\"elementor-widget-container\">\n\t\t\t\t\t\t\t\t\t<h4>Aspectos importantes en la CALIDAD DE SERVICIO<\/h4><p><b>1 \u201cEl saber\u201d y \u201cel conocimiento\u201d.<\/b><\/p><p align=\"JUSTIFY\">La informaci\u00f3n hoy en d\u00eda se encuentra completamente virtualizada y en tiempo real, es decir, al alcance de la mano. El saber durante la atenci\u00f3n significa: implementar de forma eficaz un tratamiento terap\u00e9utico. Esto es pasar la informaci\u00f3n a la acci\u00f3n, a la asistencia misma del paciente. Para eso, uno debe poseer un criterio de abordaje. Para sus pr\u00f3ximos pacientes les voy a brindar el siguiente protocolo en modo de ejemplo:<\/p><p align=\"JUSTIFY\">\u2022 <i>Lugar de atenci\u00f3n: domicilio\/consultorio, particular\/obra social\/empresa, etc.<\/i><\/p><p>\u2022 <i>Paciente: edad\/sexo\/profesi\u00f3n\/etc.<\/i><\/p><p>\u2022 <i>An\u00e1lisis de antecedentes: patolog\u00edas de base\/medicaci\u00f3n\/cirug\u00edas previas\/etc. \u201cCONTRAINDICACIONES\u201d<\/i><\/p><p>\u2022 <i>Evaluaci\u00f3n: general\/espec\u00edfica\/dolor\/p\u00e9rdida de funci\u00f3n\/movilidad\/etc.<\/i><\/p><p>\u2022 <i>Patolog\u00eda o dolencia a tratar: \u201cDefinir lo que se va a tratar\u201d \u201cobjetivo principal\u201d Dolor de<\/i><\/p><p><i>espalda\/cuello\/codo\/tobillo\/rodillas\/marcha\/postura\/etc.<\/i><\/p><p>\u2022 <i>Tratamiento: \u201cNace de la evaluaci\u00f3n y orientado al objetivo principal\u201d IR y Masoterapia\/<\/i><\/p><p><i>Electro analgesia y movilizaci\u00f3n\/ Elongaci\u00f3n y Ultrasonido\/ Magnetoterapia y ejercicios activos\/ Electroestimulaci\u00f3n y ejercicios de fuerza muscular\/ movilizaci\u00f3n general y descarga de peso\/ Ejercicios activos y elongaci\u00f3n\/ etc.<\/i><\/p><p>\u2022 <i>Re evaluaci\u00f3n: Concepto de Evaluaci\u00f3n y Tratamiento Flexible.<\/i><\/p><p>\u2022 <i>? (respuesta al final del texto)<\/i><\/p><p><b>2 La presencia \u201cest\u00e9tica\u201d.<\/b><\/p><p align=\"JUSTIFY\">Todos podemos reconocer o diferenciar un restaurante caro de un bar de paso, \u00bfpero sabes por qu\u00e9?. Si la idea que te pasa por la mente es solo por la calidad de la comida o la singularidad de las recetas, te est\u00e1s quedando corto. Es por la CALIDAD DE SERVICIO y en esto intervienen muchos factores. Uno de los factores m\u00e1s importante de estos es \u201cla est\u00e9tica\u201d. Si esto lo llevamos al resto ser\u00eda lo siguiente: La condici\u00f3n edilicia del lugar, las mesas, los ba\u00f1os, la cuberter\u00eda, la presencia de los mozos, la higiene, etc. \u00bfC\u00f3mo ser\u00eda durante la atenci\u00f3n de un paciente? Explicado de una manera sencilla, es como nos presentamos frente al paciente: la ropa, la higiene y el aseo personal. Si bien la indumentaria a veces est\u00e1 condicionada al \u00e1mbito laboral, es decir, cada instituci\u00f3n presenta su uniforme caracter\u00edstico. La condici\u00f3n de la misma y la utilizaci\u00f3n de accesorios que no contradigan las normas bio\u00e9ticas; pueden favorecer la distinci\u00f3n personal. En el caso contrario, uno puede seleccionar lo que m\u00e1s se ajuste a su personalidad y condici\u00f3n f\u00edsica para hacerse agradable a la vista, siempre y cuando se pueda utilizar para la asistencia de un paciente. Por otra parte, la higiene y el aseo personal son meramente h\u00e1bitos saludables, y como promotores de salud debemos ser un ejemplo en esta \u00e1rea y llevarlo m\u00e1s all\u00e1 de nuestro cuerpo. Nuestro espacio de trabajo y el quehacer kin\u00e9sico debe profesar las condiciones de aseo y limpieza.<\/p><p align=\"JUSTIFY\"><b>3 La responsabilidad. La imagen laboral.<\/b><\/p><p align=\"JUSTIFY\">Es otro de los factores principales de la CALIDAD DE SERVICIO, y fundamentalmente se refiere al desempe\u00f1o laboral. Veamos primero el ejemplo del Resto comparado con el Bar de paso. En el Resto van a priorizar la \u201cexperiencia gastron\u00f3mica\u201d, el mozo a estar a disposici\u00f3n constantemente para servir ante la necesidad, y en el caso de no poder poder cumplir un encargo del cliente, dispondr\u00e1 de recursos para suplir el inconveniente y as\u00ed ganarse el favoritismo del comensal. Por otra parte, en el bar de paso pr\u00e1cticamente uno tiene que servirse, otras veces puede haber mucha gente y esto demorar la atenci\u00f3n, o en el caso contrario vac\u00edo y presentar una comida \u201csin gusto\u201d. Como se ve en lo expuesto, es la disposici\u00f3n de los lugares o el dise\u00f1o de los mismos lo que intervienen en este aspecto y lo mismo pasa con la actividad asistencial. Para mejorar nuestra calidad a la hora de atender un paciente debemos predisponer los siguientes aspectos:<\/p><p align=\"JUSTIFY\">\u2022 La responsabilidad.<\/p><p>\u201c<i>La responsabilidad con nuestro trabajo y el paciente\u201d.<\/i><\/p><p>\u2022 El compromiso.<\/p><p>\u201c<i>El compromiso a cumplir con los objetivos y las normas impuestas de antemano\u201d.<\/i><\/p><p>\u2022 La organizaci\u00f3n.<\/p><p>\u201c<i>La organizaci\u00f3n con las tareas impuestas y los elementos de trabajo\u201d.<\/i><\/p><p>\u2022 La comunicaci\u00f3n.<\/p><p>\u201c<i>La comunicaci\u00f3n clara y concisa con las partes intervinientes en nuestro desempe\u00f1o laboral\u201d.<\/i><\/p><p><b>IMPORTANTE:<\/b> Ninguno de estos aspectos son rec\u00edprocos o condicionantes. \u201chaz bien sin mirara quien\u201d<\/p><p><b>4 La propaganda o el marketing laboral.<\/b><\/p><p align=\"JUSTIFY\">\u00bfQu\u00e9 es la PROPAGANDA? Es como nos vendemos. Para esto debemos tener en cuenta los canales de venta. Hoy en d\u00eda existen 3 canales de venta que son los pilares en nuestra profesi\u00f3n y son los siguientes:<\/p><p align=\"JUSTIFY\">\u2022 El boca en boca<\/p><p>\u2022 Salir a vender<\/p><p>\u2022 Marketing Digital<\/p><p align=\"JUSTIFY\">Si bien los contenidos de los tres exceden este texto, voy adaptar nuestra pr\u00e1ctica diaria a estos conceptos, no solo para que lo entiendas sino para que puedas aplicarlos.<\/p><p align=\"JUSTIFY\"><b>El boca en boca<\/b><\/p><p align=\"JUSTIFY\">Bajo la premisa anterior \u201cHaz bien sin mirar a quien\u201d en un marco \u201cpositivista\u201d , el boca en boca es hoy en d\u00eda el mayor recurso que tenemos para captaci\u00f3n de nuevos clientes\/pacientes; porque la experiencia que generamos con un paciente, est\u00e9 la comparte con su allegados. Si aplicamos todos nuestros esfuerzos para mejorar nuestra CALIDAD DE SERVICIO, la publicidad ser\u00e1 efectuada por el mismo paciente.<\/p><p align=\"JUSTIFY\"><b>Salir a vender<\/b><\/p><p align=\"JUSTIFY\">Si nosotros lo que queremos hacer es realizar una b\u00fasqueda laboral; ya sea para adquirir un puesto en un centro de rehabilitaci\u00f3n, trabajar en un consultorio para un tercero, en una empresa de internaci\u00f3n domiciliaria o m\u00e1s bien captar pacientes, lo que debe poseer es una carta de presentaci\u00f3n o un esquema laboral. La carta de presentaci\u00f3n es un curr\u00edculum donde se detalla tu experiencia y tu inter\u00e9s laboral. El esquema laboral, es el detalle de los servicios que ofreces definiendo los costos y las caracter\u00edsticas. Estos dos elementos se deben adecuar al lugar de presentaci\u00f3n. \u00bfCon esto basta?, para nada. Se debe hacer \u00e9nfasis en los otros factores que intervienen en la calidad de servicio, para que cuando se realice la entrevista o la b\u00fasqueda del cliente, nuestro valor agregado sea tal que la oferta\/demanda del mercado est\u00e9 a nuestro favor. En t\u00e9rminos sencillos: \u201ctenemos que contar con todos los elementos necesarios (producto) para ir a vender puerta en puerta\u201d.<\/p><p align=\"JUSTIFY\"><b>Marketing Digital<\/b><\/p><p align=\"JUSTIFY\">Este apartado deber\u00eda ser muy grande para lo que conlleva el concepto, como en los casos anteriores lo voy a exponer orientado a nuestra pr\u00e1ctica y a la salida laboral. Hoy en d\u00eda existen tres modelos importantes de difusi\u00f3n y son los siguientes:<\/p><p align=\"JUSTIFY\">\u2022 <i>Redes sociales:Facebook\/Instagram\/Tik Tok\/Whatsapp<\/i><\/p><p>\u2022 <i>Buscadores: Google\/Youtube<\/i><\/p><p>\u2022 <i>P\u00e1gina personal y Blog<\/i><\/p><p align=\"JUSTIFY\">Lo primero e importante que debes saber es que todos estos canales de difusi\u00f3n se pueden integrar<\/p><p align=\"JUSTIFY\">entre s\u00ed y producir un monopolio digital. Para finalizar debo aclarar, que el marketing digital y creaci\u00f3n de contenido demanda mucho tiempo, y el tiempo es dinero. Esto no significa que no se deba hacer; pero antes de comenzar con este proyecto, es importante definir el esquema laboral y las estrategias de venta; y establecer el nicho\/poblaci\u00f3n a la cual va ir dirigida la publicidad o contenido digital.<\/p><p align=\"JUSTIFY\">5? \u2026 Humanizar la atenci\u00f3n\u2026<\/p><p align=\"JUSTIFY\">Lic. Sebasti\u00e1n Pablo Galleano<\/p>\t\t\t\t\t\t\t\t<\/div>\n\t\t\t\t<\/div>\n\t\t\t\t\t<\/div>\n\t\t\t\t<\/div>\n\t\t<div class=\"elementor-element elementor-element-7a1105e e-flex e-con-boxed e-con e-parent\" data-id=\"7a1105e\" data-element_type=\"container\">\n\t\t\t\t\t<div class=\"e-con-inner\">\n\t\t\t\t<div class=\"elementor-element elementor-element-e6e2b17 elementor-widget elementor-widget-image\" data-id=\"e6e2b17\" data-element_type=\"widget\" data-widget_type=\"image.default\">\n\t\t\t\t<div class=\"elementor-widget-container\">\n\t\t\t\t\t\t\t\t\t\t\t\t\t\t\t\t<a href=\"https:\/\/www.grupontg.com\/\" target=\"_blank\">\n\t\t\t\t\t\t\t<img decoding=\"async\" src=\"http:\/\/galleanosebastian.com.ar\/wp-content\/uploads\/2022\/08\/a2.jpg\" title=\"\" alt=\"\" loading=\"lazy\" \/>\t\t\t\t\t\t\t\t<\/a>\n\t\t\t\t\t\t\t\t\t\t\t\t\t\t\t<\/div>\n\t\t\t\t<\/div>\n\t\t\t\t\t<\/div>\n\t\t\t\t<\/div>\n\t\t<div class=\"elementor-element elementor-element-57a0380 e-flex e-con-boxed e-con e-parent\" data-id=\"57a0380\" data-element_type=\"container\">\n\t\t\t\t\t<div class=\"e-con-inner\">\n\t\t\t\t<div class=\"elementor-element elementor-element-a10b744 elementor-widget elementor-widget-html\" data-id=\"a10b744\" data-element_type=\"widget\" data-widget_type=\"html.default\">\n\t\t\t\t<div class=\"elementor-widget-container\">\n\t\t\t\t\t<div class=\"cff-wrapper\">\t<div id=\"cff-visual-header-100364076044594\" class=\"cff-visual-header cff-has-name\">\n\t\t\t\t\t\t<div class=\"cff-header-inner-wrap\">\n\t\t\t\t\t\t\t<div class=\"cff-header-img\">\n\t\t\t\t\t<a href=\"https:\/\/www.facebook.com\/100364076044594\" target=\"_blank\" rel=\"nofollow noopener\" title=\"Prof. Lic. Galleano Sebasti\u00e1n\"><img decoding=\"async\" src=\"https:\/\/scontent-gru2-2.xx.fbcdn.net\/v\/t39.30808-1\/285653264_100367046044297_8037184183228680538_n.jpg?stp=c448.0.1152.1152a_dst-jpg_s160x160_tt6&#038;_nc_cat=106&#038;ccb=1-7&#038;_nc_sid=08baa4&#038;_nc_eui2=AeECaloYyWQeu-pHF62GLIY3TvkUWJR7qL1O-RRYlHuovSVgkm344bto0Qp2gGk7qaLfAmwTRI1spvzHynx89WvY&#038;_nc_ohc=3qsVh1S9YOIQ7kNvwEYHD8X&#038;_nc_oc=AdoIA_OMMZ1vnjFk-WfypEpamZ5kyz8qIPKH_vi0vJne9HOqqRY28CamO3MxyH193036saKQ3daGNaT-U8g2g1jm&#038;_nc_zt=24&#038;_nc_ht=scontent-gru2-2.xx&#038;edm=AJdBtusEAAAA&#038;_nc_gid=ByFRCISabf9FVwiSwDgJ-A&#038;_nc_tpa=Q5bMBQHsvwh_ZzScre3DGRL4sx1kxjP2XkWD2Uu9CxS_60vr-3gfyTRS6K_bA2bwpKDF7Ed12t9kVHXfuQ&#038;oh=00_Af0KC6wMfkzEmLZOhcyjD4Uj9l9e9AKy0CU3humGKvR18g&#038;oe=69F487FB\" alt=\"Prof. Lic. Galleano Sebasti\u00e1n\" data-avatar=\"https:\/\/scontent-gru2-2.xx.fbcdn.net\/v\/t39.30808-1\/285653264_100367046044297_8037184183228680538_n.jpg?stp=c448.0.1152.1152a_dst-jpg_s160x160_tt6&#038;_nc_cat=106&#038;ccb=1-7&#038;_nc_sid=08baa4&#038;_nc_eui2=AeECaloYyWQeu-pHF62GLIY3TvkUWJR7qL1O-RRYlHuovSVgkm344bto0Qp2gGk7qaLfAmwTRI1spvzHynx89WvY&#038;_nc_ohc=3qsVh1S9YOIQ7kNvwEYHD8X&#038;_nc_oc=AdoIA_OMMZ1vnjFk-WfypEpamZ5kyz8qIPKH_vi0vJne9HOqqRY28CamO3MxyH193036saKQ3daGNaT-U8g2g1jm&#038;_nc_zt=24&#038;_nc_ht=scontent-gru2-2.xx&#038;edm=AJdBtusEAAAA&#038;_nc_gid=ByFRCISabf9FVwiSwDgJ-A&#038;_nc_tpa=Q5bMBQHsvwh_ZzScre3DGRL4sx1kxjP2XkWD2Uu9CxS_60vr-3gfyTRS6K_bA2bwpKDF7Ed12t9kVHXfuQ&#038;oh=00_Af0KC6wMfkzEmLZOhcyjD4Uj9l9e9AKy0CU3humGKvR18g&#038;oe=69F487FB\"><\/a>\n\t\t\t\t<\/div>\n\t\t\t\t\t\t<div class=\"cff-header-text\" >\n\n\t\t\t\t            <a href=\"https:\/\/www.facebook.com\/100364076044594\" target=\"_blank\" rel=\"nofollow noopener\" title=\"Prof. Lic. Galleano Sebasti\u00e1n\" class=\"cff-header-name\"><h3 style=\"font-size:inheritpx;\">Prof. Lic. Galleano Sebasti\u00e1n<\/h3><\/a>\n\t\t\t\t        \t\t\t\t\t\t<\/div>\n\t\t<\/div>\n\t<\/div>\n<div class=\"cff-wrapper-ctn \" ><div id=\"cff\"  class=\"cff cff-list-container cff-masonry masonry-2-tablet cff-masonry-js cff-default-styles  cff-mob-cols-1\"    data-char=\"400\" ><div class=\"cff-posts-wrap\"><div id=\"cff_100364076044594_625430840248633\" class=\"cff-item cff-photo-post author-prof-lic-galleano-sebasti-n\"  style=\"border-bottom: 1px solid #ddd;\">\n\t<div class=\"cff-author\">\n\t<div class=\"cff-author-text\">\n\t\t\t\t\t<div class=\"cff-page-name cff-author-date\" >\n\t\t\t\t<a href=\"https:\/\/facebook.com\/100364076044594\" target=\"_blank\" rel=\"nofollow noopener\" >Prof. Lic. Galleano Sebasti\u00e1n<\/a>\n\t\t\t\t<span class=\"cff-story\"> <\/span>\n\t\t\t<\/div>\n\t\t\t\n<p class=\"cff-date\" > 1 years ago <\/p>\n\t\t\t<\/div>\n\t<div class=\"cff-author-img \" data-avatar=\"https:\/\/scontent-gru2-2.xx.fbcdn.net\/v\/t39.30808-1\/285653264_100367046044297_8037184183228680538_n.jpg?stp=c448.0.1152.1152a_cp0_dst-jpg_s50x50_tt6&#038;_nc_cat=106&#038;ccb=1-7&#038;_nc_sid=f907e8&#038;_nc_eui2=AeECaloYyWQeu-pHF62GLIY3TvkUWJR7qL1O-RRYlHuovSVgkm344bto0Qp2gGk7qaLfAmwTRI1spvzHynx89WvY&#038;_nc_ohc=3qsVh1S9YOIQ7kNvwEYHD8X&#038;_nc_oc=AdoIA_OMMZ1vnjFk-WfypEpamZ5kyz8qIPKH_vi0vJne9HOqqRY28CamO3MxyH193036saKQ3daGNaT-U8g2g1jm&#038;_nc_zt=24&#038;_nc_ht=scontent-gru2-2.xx&#038;edm=AKIiGfEEAAAA&#038;_nc_gid=gTfJJVIIV0JJ7OiPpBxZWQ&#038;_nc_tpa=Q5bMBQF9CIuI7q3AjlS-g8YfI3RcZZ1FgAQgfOuG0IsKEagjibV0YYC4CBWf-9RWUAWIe8NvsPJl3KOoiw&#038;oh=00_Af380xBZSsCEbfFvfbVwabb4RNkmQwkZsc3gA3ijbXPleQ&#038;oe=69F487FB\">\n\t\t<a href=\"https:\/\/facebook.com\/100364076044594\" target=\"_blank\" rel=\"nofollow noopener\" ><img decoding=\"async\" src=\"https:\/\/scontent-gru2-2.xx.fbcdn.net\/v\/t39.30808-1\/285653264_100367046044297_8037184183228680538_n.jpg?stp=c448.0.1152.1152a_cp0_dst-jpg_s50x50_tt6&#038;_nc_cat=106&#038;ccb=1-7&#038;_nc_sid=f907e8&#038;_nc_eui2=AeECaloYyWQeu-pHF62GLIY3TvkUWJR7qL1O-RRYlHuovSVgkm344bto0Qp2gGk7qaLfAmwTRI1spvzHynx89WvY&#038;_nc_ohc=3qsVh1S9YOIQ7kNvwEYHD8X&#038;_nc_oc=AdoIA_OMMZ1vnjFk-WfypEpamZ5kyz8qIPKH_vi0vJne9HOqqRY28CamO3MxyH193036saKQ3daGNaT-U8g2g1jm&#038;_nc_zt=24&#038;_nc_ht=scontent-gru2-2.xx&#038;edm=AKIiGfEEAAAA&#038;_nc_gid=gTfJJVIIV0JJ7OiPpBxZWQ&#038;_nc_tpa=Q5bMBQF9CIuI7q3AjlS-g8YfI3RcZZ1FgAQgfOuG0IsKEagjibV0YYC4CBWf-9RWUAWIe8NvsPJl3KOoiw&#038;oh=00_Af380xBZSsCEbfFvfbVwabb4RNkmQwkZsc3gA3ijbXPleQ&#038;oe=69F487FB\" title=\"Prof. Lic. Galleano Sebasti\u00e1n\" alt=\"Prof. Lic. Galleano Sebasti\u00e1n\" width=40 height=40 onerror=\"this.style.display='none'\"><\/a>\n\t<\/div>\n<\/div>\n\n<div class=\"cff-post-text\" >\n\t<span class=\"cff-text\" data-color=\"\">\n\t\t\u23f3 Lesiones de ligamento: \u00bfcu\u00e1nto tiempo tarda la recuperaci\u00f3n?<img class=\"cff-linebreak\" \/>Una lesi\u00f3n de ligamento puede ser desesperante, pero saber cu\u00e1nto tiempo lleva sanar y qu\u00e9 hacer en cada etapa te ayudar\u00e1 a recuperarte de la mejor forma.<img class=\"cff-linebreak\" \/><img class=\"cff-linebreak\" \/>\ud83d\udd39 Fases de recuperaci\u00f3n:<img class=\"cff-linebreak\" \/>\ud83d\udccc Fase inicial: Reducir inflamaci\u00f3n y dolor.<img class=\"cff-linebreak\" \/>\ud83d\udccc Rehabilitaci\u00f3n: Recuperar fuerza y estabilidad.<img class=\"cff-linebreak\" \/>\ud83d\udccc Reincorporaci\u00f3n al entrenamiento: Volver progresivamente sin riesgos.<img class=\"cff-linebreak\" \/><img class=\"cff-linebreak\" \/>Cada lesi\u00f3n es diferente, pero con un plan bien estructurado, pod\u00e9s volver m\u00e1s fuerte. Te cuento todo sobre los tiempos de recuperaci\u00f3n y el proceso en \ud83d\udc49 <a href=\"https:\/\/www.galleanosebastian.com.ar\" rel='nofollow noopener noreferrer'>www.galleanosebastian.com.ar<\/a>. Si ten\u00e9s dudas, consultame.<img class=\"cff-linebreak\" \/><img class=\"cff-linebreak\" \/>#Rehabilitaci\u00f3n #LesionesDeLigamento #VolverM\u00e1sFuerte\t\t\t<\/span>\n\t<span class=\"cff-expand\">... <a href=\"#\" style=\"color: #\"><span class=\"cff-more\">Ver m\u00e1s<\/span><span class=\"cff-less\">Ver menos<\/span><\/a><\/span>\n\n<\/div>\n\n<p class=\"cff-media-link\">\n\t<a href=\"https:\/\/www.facebook.com\/photo.php?fbid=625430790248638&#038;set=a.129163679875354&#038;type=3\" target=\"_blank\" style=\"color: #\">\n\t\t<span style=\"padding-right: 5px;\" class=\"fa fas fa-picture-o fa-image\"><\/span>Foto\t<\/a>\n<\/p>\n\t<div class=\"cff-post-links\">\n\t\t\t\t\t<a class=\"cff-viewpost-facebook\" href=\"https:\/\/www.facebook.com\/photo.php?fbid=625430790248638&#038;set=a.129163679875354&#038;type=3\" title=\"Ver en Facebook\" target=\"_blank\" rel=\"nofollow noopener\" >Ver en Facebook<\/a>\n\t\t\t\t\t\t\t<div class=\"cff-share-container\">\n\t\t\t\t\t\t\t\t\t<span class=\"cff-dot\" >&middot;<\/span>\n\t\t\t\t\t\t\t\t<a class=\"cff-share-link\" href=\"https:\/\/www.facebook.com\/sharer\/sharer.php?u=https%3A%2F%2Fwww.facebook.com%2Fphoto.php%3Ffbid%3D625430790248638%26amp%3Bset%3Da.129163679875354%26amp%3Btype%3D3\" title=\"Compartir\" >Compartir<\/a>\n\t\t\t\t<p class=\"cff-share-tooltip\">\n\t\t\t\t\t\t\t\t\t\t\t<a href=\"https:\/\/www.facebook.com\/sharer\/sharer.php?u=https%3A%2F%2Fwww.facebook.com%2Fphoto.php%3Ffbid%3D625430790248638%26amp%3Bset%3Da.129163679875354%26amp%3Btype%3D3\" target=\"_blank\" rel=\"noopener noreferrer\" class=\"cff-facebook-icon\">\n\t\t\t\t\t\t\t<span class=\"fa fab fa-facebook-square\" aria-hidden=\"true\"><\/span>\n\t\t\t\t\t\t\t<span class=\"cff-screenreader\">Compartir en Facebook<\/span>\n\t\t\t\t\t\t<\/a>\n\t\t\t\t\t\t\t\t\t\t\t<a href=\"https:\/\/twitter.com\/intent\/tweet?text=https%3A%2F%2Fwww.facebook.com%2Fphoto.php%3Ffbid%3D625430790248638%26amp%3Bset%3Da.129163679875354%26amp%3Btype%3D3\" target=\"_blank\" rel=\"noopener noreferrer\" class=\"cff-twitter-icon\">\n\t\t\t\t\t\t\t<span class=\"fa fab fa-twitter\" aria-hidden=\"true\"><\/span>\n\t\t\t\t\t\t\t<span class=\"cff-screenreader\">Compartir en Twitter<\/span>\n\t\t\t\t\t\t<\/a>\n\t\t\t\t\t\t\t\t\t\t\t<a href=\"https:\/\/www.linkedin.com\/shareArticle?mini=true&#038;url=https%3A%2F%2Fwww.facebook.com%2Fphoto.php%3Ffbid%3D625430790248638%26amp%3Bset%3Da.129163679875354%26amp%3Btype%3D3&#038;title=%09%09%09%E2%8F%B3%20Lesiones%20de%20ligamento%3A%20%C2%BFcu%C3%A1nto%20tiempo%20tarda%20la%20recuperaci%C3%B3n%3FUna%20lesi%C3%B3n%20de%20ligamento%20puede%20ser%20desesperante%2C%20pero%20saber%20cu%C3%A1nto%20tiempo%20lleva%20sanar%20y%20qu%C3%A9%20hacer%20en%20cada%20etapa%20te%20ayudar%C3%A1%20a%20recuperarte%20de%20la%20mejor%20forma.%F0%9F%94%B9%20Fases%20de%20recuperaci%C3%B3n%3A%F0%9F%93%8C%20Fase%20inicial%3A%20Reducir%20inflamaci%C3%B3n%20y%20dolor.%F0%9F%93%8C%20Rehabilitaci%C3%B3n%3A%20Recuperar%20fuerza%20y%20estabilidad.%F0%9F%93%8C%20Reincorporaci%C3%B3n%20al%20entrenamiento%3A%20Volver%20progresivamente%20sin%20riesgos.Cada%20lesi%C3%B3n%20es%20diferente%2C%20pero%20con%20un%20plan%20bien%20estructurado%2C%20pod%C3%A9s%20volver%20m%C3%A1s%20fuerte.%20Te%20cuento%20todo%20sobre%20los%20tiempos%20de%20recuperaci%C3%B3n%20y%20el%20proceso%20en%20%F0%9F%91%89%20www.galleanosebastian.com.ar.%20Si%20ten%C3%A9s%20dudas%2C%20consultame.%23Rehabilitaci%C3%B3n%20%23LesionesDeLigamento%20%23VolverM%C3%A1sFuerte%09%09%09%09\" target=\"_blank\" rel=\"noopener noreferrer\" class=\"cff-linkedin-icon\">\n\t\t\t\t\t\t\t<span class=\"fa fab fa-linkedin\" aria-hidden=\"true\"><\/span>\n\t\t\t\t\t\t\t<span class=\"cff-screenreader\">Compartir en LinkedIn<\/span>\n\t\t\t\t\t\t<\/a>\n\t\t\t\t\t\t\t\t\t\t\t<a href=\"mailto:?subject=Facebook&#038;body=https%3A%2F%2Fwww.facebook.com%2Fphoto.php%3Ffbid%3D625430790248638%26amp%3Bset%3Da.129163679875354%26amp%3Btype%3D3%20-%20%0A%0A%09%0A%09%09%E2%8F%B3%20Lesiones%20de%20ligamento%3A%20%C2%BFcu%C3%A1nto%20tiempo%20tarda%20la%20recuperaci%C3%B3n%3FUna%20lesi%C3%B3n%20de%20ligamento%20puede%20ser%20desesperante%2C%20pero%20saber%20cu%C3%A1nto%20tiempo%20lleva%20sanar%20y%20qu%C3%A9%20hacer%20en%20cada%20etapa%20te%20ayudar%C3%A1%20a%20recuperarte%20de%20la%20mejor%20forma.%F0%9F%94%B9%20Fases%20de%20recuperaci%C3%B3n%3A%F0%9F%93%8C%20Fase%20inicial%3A%20Reducir%20inflamaci%C3%B3n%20y%20dolor.%F0%9F%93%8C%20Rehabilitaci%C3%B3n%3A%20Recuperar%20fuerza%20y%20estabilidad.%F0%9F%93%8C%20Reincorporaci%C3%B3n%20al%20entrenamiento%3A%20Volver%20progresivamente%20sin%20riesgos.Cada%20lesi%C3%B3n%20es%20diferente%2C%20pero%20con%20un%20plan%20bien%20estructurado%2C%20pod%C3%A9s%20volver%20m%C3%A1s%20fuerte.%20Te%20cuento%20todo%20sobre%20los%20tiempos%20de%20recuperaci%C3%B3n%20y%20el%20proceso%20en%20%F0%9F%91%89%20www.galleanosebastian.com.ar.%20Si%20ten%C3%A9s%20dudas%2C%20consultame.%23Rehabilitaci%C3%B3n%20%23LesionesDeLigamento%20%23VolverM%C3%A1sFuerte%09%09%09%0A%09\" target=\"_blank\" rel=\"noopener noreferrer\" class=\"cff-email-icon\">\n\t\t\t\t\t\t\t<span class=\"fa fab fa-envelope\" aria-hidden=\"true\"><\/span>\n\t\t\t\t\t\t\t<span class=\"cff-screenreader\">Compartir por correo electr\u00f3nico<\/span>\n\t\t\t\t\t\t<\/a>\n\t\t\t\t\t\t\t\t\t<\/p>\n\t\t\t<\/div>\n\t\t\t<\/div>\n\t<\/div>\n\n\n\n<div id=\"cff_100364076044594_624017647056619\" class=\"cff-item cff-photo-post author-prof-lic-galleano-sebasti-n\"  style=\"border-bottom: 1px solid #ddd;\">\n\t<div class=\"cff-author\">\n\t<div class=\"cff-author-text\">\n\t\t\t\t\t<div class=\"cff-page-name cff-author-date\" >\n\t\t\t\t<a href=\"https:\/\/facebook.com\/100364076044594\" target=\"_blank\" rel=\"nofollow noopener\" >Prof. Lic. Galleano Sebasti\u00e1n<\/a>\n\t\t\t\t<span class=\"cff-story\"> <\/span>\n\t\t\t<\/div>\n\t\t\t\n<p class=\"cff-date\" > 1 years ago <\/p>\n\t\t\t<\/div>\n\t<div class=\"cff-author-img \" data-avatar=\"https:\/\/scontent-gru2-2.xx.fbcdn.net\/v\/t39.30808-1\/285653264_100367046044297_8037184183228680538_n.jpg?stp=c448.0.1152.1152a_cp0_dst-jpg_s50x50_tt6&#038;_nc_cat=106&#038;ccb=1-7&#038;_nc_sid=f907e8&#038;_nc_eui2=AeECaloYyWQeu-pHF62GLIY3TvkUWJR7qL1O-RRYlHuovSVgkm344bto0Qp2gGk7qaLfAmwTRI1spvzHynx89WvY&#038;_nc_ohc=3qsVh1S9YOIQ7kNvwEYHD8X&#038;_nc_oc=AdoIA_OMMZ1vnjFk-WfypEpamZ5kyz8qIPKH_vi0vJne9HOqqRY28CamO3MxyH193036saKQ3daGNaT-U8g2g1jm&#038;_nc_zt=24&#038;_nc_ht=scontent-gru2-2.xx&#038;edm=AKIiGfEEAAAA&#038;_nc_gid=gTfJJVIIV0JJ7OiPpBxZWQ&#038;_nc_tpa=Q5bMBQF9CIuI7q3AjlS-g8YfI3RcZZ1FgAQgfOuG0IsKEagjibV0YYC4CBWf-9RWUAWIe8NvsPJl3KOoiw&#038;oh=00_Af380xBZSsCEbfFvfbVwabb4RNkmQwkZsc3gA3ijbXPleQ&#038;oe=69F487FB\">\n\t\t<a href=\"https:\/\/facebook.com\/100364076044594\" target=\"_blank\" rel=\"nofollow noopener\" ><img decoding=\"async\" src=\"https:\/\/scontent-gru2-2.xx.fbcdn.net\/v\/t39.30808-1\/285653264_100367046044297_8037184183228680538_n.jpg?stp=c448.0.1152.1152a_cp0_dst-jpg_s50x50_tt6&#038;_nc_cat=106&#038;ccb=1-7&#038;_nc_sid=f907e8&#038;_nc_eui2=AeECaloYyWQeu-pHF62GLIY3TvkUWJR7qL1O-RRYlHuovSVgkm344bto0Qp2gGk7qaLfAmwTRI1spvzHynx89WvY&#038;_nc_ohc=3qsVh1S9YOIQ7kNvwEYHD8X&#038;_nc_oc=AdoIA_OMMZ1vnjFk-WfypEpamZ5kyz8qIPKH_vi0vJne9HOqqRY28CamO3MxyH193036saKQ3daGNaT-U8g2g1jm&#038;_nc_zt=24&#038;_nc_ht=scontent-gru2-2.xx&#038;edm=AKIiGfEEAAAA&#038;_nc_gid=gTfJJVIIV0JJ7OiPpBxZWQ&#038;_nc_tpa=Q5bMBQF9CIuI7q3AjlS-g8YfI3RcZZ1FgAQgfOuG0IsKEagjibV0YYC4CBWf-9RWUAWIe8NvsPJl3KOoiw&#038;oh=00_Af380xBZSsCEbfFvfbVwabb4RNkmQwkZsc3gA3ijbXPleQ&#038;oe=69F487FB\" title=\"Prof. Lic. Galleano Sebasti\u00e1n\" alt=\"Prof. Lic. Galleano Sebasti\u00e1n\" width=40 height=40 onerror=\"this.style.display='none'\"><\/a>\n\t<\/div>\n<\/div>\n\n<div class=\"cff-post-text\" >\n\t<span class=\"cff-text\" data-color=\"\">\n\t\t\ud83d\udce2 \u00bfDolor de espalda, tendinitis o problemas posturales? \u00a1Pod\u00e9s solucionarlo!<img class=\"cff-linebreak\" \/><img class=\"cff-linebreak\" \/>Soy el Lic. Sebasti\u00e1n Pablo Galleano, kinesi\u00f3logo con atenci\u00f3n virtual y en consultorio. Te ayudo con rehabilitaci\u00f3n, prevenci\u00f3n y tratamientos para las patolog\u00edas m\u00e1s consultadas, como:<img class=\"cff-linebreak\" \/><img class=\"cff-linebreak\" \/>\u2705 Dolor lumbar y cervical<img class=\"cff-linebreak\" \/>\u2705 Tendinitis y lesiones deportivas<img class=\"cff-linebreak\" \/>\u2705 Problemas posturales y ergon\u00f3micos<img class=\"cff-linebreak\" \/><img class=\"cff-linebreak\" \/>\ud83d\udcbb En mi web <a href=\"https:\/\/www.galleanosebastian.com.ar\" rel='nofollow noopener noreferrer'>www.galleanosebastian.com.ar<\/a> pod\u00e9s encontrar informaci\u00f3n detallada, descargar libros gratuitos y acceder a tutor\u00edas si sos profesional en formaci\u00f3n. Tambi\u00e9n brindo asesor\u00eda en prevenci\u00f3n para empresas.<img class=\"cff-linebreak\" \/><img class=\"cff-linebreak\" \/>\ud83d\udce9 Escribime para una consulta y empez\u00e1 a moverte sin dolor. \ud83d\udcaa\u2728<img class=\"cff-linebreak\" \/><img class=\"cff-linebreak\" \/>#Kinesiolog\u00eda #Rehabilitaci\u00f3n #SaludPostural #Fisioterapia #Prevenci\u00f3n #Ergonom\u00eda #Lesiones #Bienestar #ConsultaOnline #DolorDeEspalda\t\t\t<\/span>\n\t<span class=\"cff-expand\">... <a href=\"#\" style=\"color: #\"><span class=\"cff-more\">Ver m\u00e1s<\/span><span class=\"cff-less\">Ver menos<\/span><\/a><\/span>\n\n<\/div>\n\n\t\t\t\t<p class=\"cff-cta-link\" ><a href=\"https:\/\/m.me\/100364076044594\" target=\"_blank\" data-app-link=\"\" style=\"color: #;\"  rel=\"nofollow noopener noreferrer\" >Mensaje de la p\u00e1gina<\/a><\/p>\n\t\t\t<p class=\"cff-media-link\">\n\t<a href=\"https:\/\/www.facebook.com\/photo.php?fbid=624017070390010&#038;set=a.129163679875354&#038;type=3\" target=\"_blank\" style=\"color: #\">\n\t\t<span style=\"padding-right: 5px;\" class=\"fa fas fa-picture-o fa-image\"><\/span>Foto\t<\/a>\n<\/p>\n\t<div class=\"cff-post-links\">\n\t\t\t\t\t<a class=\"cff-viewpost-facebook\" href=\"https:\/\/www.facebook.com\/photo.php?fbid=624017070390010&#038;set=a.129163679875354&#038;type=3\" title=\"Ver en Facebook\" target=\"_blank\" rel=\"nofollow noopener\" >Ver en Facebook<\/a>\n\t\t\t\t\t\t\t<div class=\"cff-share-container\">\n\t\t\t\t\t\t\t\t\t<span class=\"cff-dot\" >&middot;<\/span>\n\t\t\t\t\t\t\t\t<a class=\"cff-share-link\" href=\"https:\/\/www.facebook.com\/sharer\/sharer.php?u=https%3A%2F%2Fwww.facebook.com%2Fphoto.php%3Ffbid%3D624017070390010%26amp%3Bset%3Da.129163679875354%26amp%3Btype%3D3\" title=\"Compartir\" >Compartir<\/a>\n\t\t\t\t<p class=\"cff-share-tooltip\">\n\t\t\t\t\t\t\t\t\t\t\t<a href=\"https:\/\/www.facebook.com\/sharer\/sharer.php?u=https%3A%2F%2Fwww.facebook.com%2Fphoto.php%3Ffbid%3D624017070390010%26amp%3Bset%3Da.129163679875354%26amp%3Btype%3D3\" target=\"_blank\" rel=\"noopener noreferrer\" class=\"cff-facebook-icon\">\n\t\t\t\t\t\t\t<span class=\"fa fab fa-facebook-square\" aria-hidden=\"true\"><\/span>\n\t\t\t\t\t\t\t<span class=\"cff-screenreader\">Compartir en Facebook<\/span>\n\t\t\t\t\t\t<\/a>\n\t\t\t\t\t\t\t\t\t\t\t<a href=\"https:\/\/twitter.com\/intent\/tweet?text=https%3A%2F%2Fwww.facebook.com%2Fphoto.php%3Ffbid%3D624017070390010%26amp%3Bset%3Da.129163679875354%26amp%3Btype%3D3\" target=\"_blank\" rel=\"noopener noreferrer\" class=\"cff-twitter-icon\">\n\t\t\t\t\t\t\t<span class=\"fa fab fa-twitter\" aria-hidden=\"true\"><\/span>\n\t\t\t\t\t\t\t<span class=\"cff-screenreader\">Compartir en Twitter<\/span>\n\t\t\t\t\t\t<\/a>\n\t\t\t\t\t\t\t\t\t\t\t<a href=\"https:\/\/www.linkedin.com\/shareArticle?mini=true&#038;url=https%3A%2F%2Fwww.facebook.com%2Fphoto.php%3Ffbid%3D624017070390010%26amp%3Bset%3Da.129163679875354%26amp%3Btype%3D3&#038;title=%09%09%09%F0%9F%93%A2%20%C2%BFDolor%20de%20espalda%2C%20tendinitis%20o%20problemas%20posturales%3F%20%C2%A1Pod%C3%A9s%20solucionarlo%21Soy%20el%20Lic.%20Sebasti%C3%A1n%20Pablo%20Galleano%2C%20kinesi%C3%B3logo%20con%20atenci%C3%B3n%20virtual%20y%20en%20consultorio.%20Te%20ayudo%20con%20rehabilitaci%C3%B3n%2C%20prevenci%C3%B3n%20y%20tratamientos%20para%20las%20patolog%C3%ADas%20m%C3%A1s%20consultadas%2C%20como%3A%E2%9C%85%20Dolor%20lumbar%20y%20cervical%E2%9C%85%20Tendinitis%20y%20lesiones%20deportivas%E2%9C%85%20Problemas%20posturales%20y%20ergon%C3%B3micos%F0%9F%92%BB%20En%20mi%20web%20www.galleanosebastian.com.ar%20pod%C3%A9s%20encontrar%20informaci%C3%B3n%20detallada%2C%20descargar%20libros%20gratuitos%20y%20acceder%20a%20tutor%C3%ADas%20si%20sos%20profesional%20en%20formaci%C3%B3n.%20Tambi%C3%A9n%20brindo%20asesor%C3%ADa%20en%20prevenci%C3%B3n%20para%20empresas.%F0%9F%93%A9%20Escribime%20para%20una%20consulta%20y%20empez%C3%A1%20a%20moverte%20sin%20dolor.%20%F0%9F%92%AA%E2%9C%A8%23Kinesiolog%C3%ADa%20%23Rehabilitaci%C3%B3n%20%23SaludPostural%20%23Fisioterapia%20%23Prevenci%C3%B3n%20%23Ergonom%C3%ADa%20%23Lesiones%20%23Bienestar%20%23ConsultaOnline%20%23DolorDeEspalda%09%09%09%09\" target=\"_blank\" rel=\"noopener noreferrer\" class=\"cff-linkedin-icon\">\n\t\t\t\t\t\t\t<span class=\"fa fab fa-linkedin\" aria-hidden=\"true\"><\/span>\n\t\t\t\t\t\t\t<span class=\"cff-screenreader\">Compartir en LinkedIn<\/span>\n\t\t\t\t\t\t<\/a>\n\t\t\t\t\t\t\t\t\t\t\t<a href=\"mailto:?subject=Facebook&#038;body=https%3A%2F%2Fwww.facebook.com%2Fphoto.php%3Ffbid%3D624017070390010%26amp%3Bset%3Da.129163679875354%26amp%3Btype%3D3%20-%20%0A%0A%09%0A%09%09%F0%9F%93%A2%20%C2%BFDolor%20de%20espalda%2C%20tendinitis%20o%20problemas%20posturales%3F%20%C2%A1Pod%C3%A9s%20solucionarlo%21Soy%20el%20Lic.%20Sebasti%C3%A1n%20Pablo%20Galleano%2C%20kinesi%C3%B3logo%20con%20atenci%C3%B3n%20virtual%20y%20en%20consultorio.%20Te%20ayudo%20con%20rehabilitaci%C3%B3n%2C%20prevenci%C3%B3n%20y%20tratamientos%20para%20las%20patolog%C3%ADas%20m%C3%A1s%20consultadas%2C%20como%3A%E2%9C%85%20Dolor%20lumbar%20y%20cervical%E2%9C%85%20Tendinitis%20y%20lesiones%20deportivas%E2%9C%85%20Problemas%20posturales%20y%20ergon%C3%B3micos%F0%9F%92%BB%20En%20mi%20web%20www.galleanosebastian.com.ar%20pod%C3%A9s%20encontrar%20informaci%C3%B3n%20detallada%2C%20descargar%20libros%20gratuitos%20y%20acceder%20a%20tutor%C3%ADas%20si%20sos%20profesional%20en%20formaci%C3%B3n.%20Tambi%C3%A9n%20brindo%20asesor%C3%ADa%20en%20prevenci%C3%B3n%20para%20empresas.%F0%9F%93%A9%20Escribime%20para%20una%20consulta%20y%20empez%C3%A1%20a%20moverte%20sin%20dolor.%20%F0%9F%92%AA%E2%9C%A8%23Kinesiolog%C3%ADa%20%23Rehabilitaci%C3%B3n%20%23SaludPostural%20%23Fisioterapia%20%23Prevenci%C3%B3n%20%23Ergonom%C3%ADa%20%23Lesiones%20%23Bienestar%20%23ConsultaOnline%20%23DolorDeEspalda%09%09%09%0A%09\" target=\"_blank\" rel=\"noopener noreferrer\" class=\"cff-email-icon\">\n\t\t\t\t\t\t\t<span class=\"fa fab fa-envelope\" aria-hidden=\"true\"><\/span>\n\t\t\t\t\t\t\t<span class=\"cff-screenreader\">Compartir por correo electr\u00f3nico<\/span>\n\t\t\t\t\t\t<\/a>\n\t\t\t\t\t\t\t\t\t<\/p>\n\t\t\t<\/div>\n\t\t\t<\/div>\n\t<\/div>\n\n\n\n<div id=\"cff_100364076044594_623264640465253\" class=\"cff-item cff-photo-post author-prof-lic-galleano-sebasti-n\"  style=\"border-bottom: 1px solid #ddd;\">\n\t<div class=\"cff-author\">\n\t<div class=\"cff-author-text\">\n\t\t\t\t\t<div class=\"cff-page-name cff-author-date\" >\n\t\t\t\t<a href=\"https:\/\/facebook.com\/100364076044594\" target=\"_blank\" rel=\"nofollow noopener\" >Prof. Lic. Galleano Sebasti\u00e1n<\/a>\n\t\t\t\t<span class=\"cff-story\"> <\/span>\n\t\t\t<\/div>\n\t\t\t\n<p class=\"cff-date\" > 1 years ago <\/p>\n\t\t\t<\/div>\n\t<div class=\"cff-author-img \" data-avatar=\"https:\/\/scontent-gru2-2.xx.fbcdn.net\/v\/t39.30808-1\/285653264_100367046044297_8037184183228680538_n.jpg?stp=c448.0.1152.1152a_cp0_dst-jpg_s50x50_tt6&#038;_nc_cat=106&#038;ccb=1-7&#038;_nc_sid=f907e8&#038;_nc_eui2=AeECaloYyWQeu-pHF62GLIY3TvkUWJR7qL1O-RRYlHuovSVgkm344bto0Qp2gGk7qaLfAmwTRI1spvzHynx89WvY&#038;_nc_ohc=3qsVh1S9YOIQ7kNvwEYHD8X&#038;_nc_oc=AdoIA_OMMZ1vnjFk-WfypEpamZ5kyz8qIPKH_vi0vJne9HOqqRY28CamO3MxyH193036saKQ3daGNaT-U8g2g1jm&#038;_nc_zt=24&#038;_nc_ht=scontent-gru2-2.xx&#038;edm=AKIiGfEEAAAA&#038;_nc_gid=gTfJJVIIV0JJ7OiPpBxZWQ&#038;_nc_tpa=Q5bMBQF9CIuI7q3AjlS-g8YfI3RcZZ1FgAQgfOuG0IsKEagjibV0YYC4CBWf-9RWUAWIe8NvsPJl3KOoiw&#038;oh=00_Af380xBZSsCEbfFvfbVwabb4RNkmQwkZsc3gA3ijbXPleQ&#038;oe=69F487FB\">\n\t\t<a href=\"https:\/\/facebook.com\/100364076044594\" target=\"_blank\" rel=\"nofollow noopener\" ><img decoding=\"async\" src=\"https:\/\/scontent-gru2-2.xx.fbcdn.net\/v\/t39.30808-1\/285653264_100367046044297_8037184183228680538_n.jpg?stp=c448.0.1152.1152a_cp0_dst-jpg_s50x50_tt6&#038;_nc_cat=106&#038;ccb=1-7&#038;_nc_sid=f907e8&#038;_nc_eui2=AeECaloYyWQeu-pHF62GLIY3TvkUWJR7qL1O-RRYlHuovSVgkm344bto0Qp2gGk7qaLfAmwTRI1spvzHynx89WvY&#038;_nc_ohc=3qsVh1S9YOIQ7kNvwEYHD8X&#038;_nc_oc=AdoIA_OMMZ1vnjFk-WfypEpamZ5kyz8qIPKH_vi0vJne9HOqqRY28CamO3MxyH193036saKQ3daGNaT-U8g2g1jm&#038;_nc_zt=24&#038;_nc_ht=scontent-gru2-2.xx&#038;edm=AKIiGfEEAAAA&#038;_nc_gid=gTfJJVIIV0JJ7OiPpBxZWQ&#038;_nc_tpa=Q5bMBQF9CIuI7q3AjlS-g8YfI3RcZZ1FgAQgfOuG0IsKEagjibV0YYC4CBWf-9RWUAWIe8NvsPJl3KOoiw&#038;oh=00_Af380xBZSsCEbfFvfbVwabb4RNkmQwkZsc3gA3ijbXPleQ&#038;oe=69F487FB\" title=\"Prof. Lic. Galleano Sebasti\u00e1n\" alt=\"Prof. Lic. Galleano Sebasti\u00e1n\" width=40 height=40 onerror=\"this.style.display='none'\"><\/a>\n\t<\/div>\n<\/div>\n\n<div class=\"cff-post-text\" >\n\t<span class=\"cff-text\" data-color=\"\">\n\t\t\ud83d\udca5 \u00bfC\u00f3mo tratar una distensi\u00f3n muscular sin dejar de entrenar?<img class=\"cff-linebreak\" \/>Sufrir una distensi\u00f3n no significa que tengas que frenar todo tu progreso. Con las estrategias correctas, pod\u00e9s seguir activo sin agravar la lesi\u00f3n. La clave est\u00e1 en adaptar la carga de trabajo, enfocarse en la recuperaci\u00f3n activa y fortalecer la zona afectada de forma segura.<img class=\"cff-linebreak\" \/><img class=\"cff-linebreak\" \/>\u2705 Recuperaci\u00f3n m\u00e1s r\u00e1pida.<img class=\"cff-linebreak\" \/>\u2705 Evit\u00e1 reca\u00eddas.<img class=\"cff-linebreak\" \/>\u2705 Manten\u00e9 tu nivel de entrenamiento.<img class=\"cff-linebreak\" \/><img class=\"cff-linebreak\" \/>Si quer\u00e9s saber c\u00f3mo manejarlo sin poner en riesgo tu evoluci\u00f3n, te lo explico en \ud83d\udc49 <a href=\"https:\/\/www.galleanosebastian.com.ar\" rel='nofollow noopener noreferrer'>www.galleanosebastian.com.ar<\/a>. Consultame si necesit\u00e1s orientaci\u00f3n.<img class=\"cff-linebreak\" \/><img class=\"cff-linebreak\" \/>#Recuperaci\u00f3nMuscular #NoParesDeEntrenar #SaludYDeporte\t\t\t<\/span>\n\t<span class=\"cff-expand\">... <a href=\"#\" style=\"color: #\"><span class=\"cff-more\">Ver m\u00e1s<\/span><span class=\"cff-less\">Ver menos<\/span><\/a><\/span>\n\n<\/div>\n\n<p class=\"cff-media-link\">\n\t<a href=\"https:\/\/www.facebook.com\/photo.php?fbid=623264620465255&#038;set=a.129163679875354&#038;type=3\" target=\"_blank\" style=\"color: #\">\n\t\t<span style=\"padding-right: 5px;\" class=\"fa fas fa-picture-o fa-image\"><\/span>Foto\t<\/a>\n<\/p>\n\t<div class=\"cff-post-links\">\n\t\t\t\t\t<a class=\"cff-viewpost-facebook\" href=\"https:\/\/www.facebook.com\/photo.php?fbid=623264620465255&#038;set=a.129163679875354&#038;type=3\" title=\"Ver en Facebook\" target=\"_blank\" rel=\"nofollow noopener\" >Ver en Facebook<\/a>\n\t\t\t\t\t\t\t<div class=\"cff-share-container\">\n\t\t\t\t\t\t\t\t\t<span class=\"cff-dot\" >&middot;<\/span>\n\t\t\t\t\t\t\t\t<a class=\"cff-share-link\" href=\"https:\/\/www.facebook.com\/sharer\/sharer.php?u=https%3A%2F%2Fwww.facebook.com%2Fphoto.php%3Ffbid%3D623264620465255%26amp%3Bset%3Da.129163679875354%26amp%3Btype%3D3\" title=\"Compartir\" >Compartir<\/a>\n\t\t\t\t<p class=\"cff-share-tooltip\">\n\t\t\t\t\t\t\t\t\t\t\t<a href=\"https:\/\/www.facebook.com\/sharer\/sharer.php?u=https%3A%2F%2Fwww.facebook.com%2Fphoto.php%3Ffbid%3D623264620465255%26amp%3Bset%3Da.129163679875354%26amp%3Btype%3D3\" target=\"_blank\" rel=\"noopener noreferrer\" class=\"cff-facebook-icon\">\n\t\t\t\t\t\t\t<span class=\"fa fab fa-facebook-square\" aria-hidden=\"true\"><\/span>\n\t\t\t\t\t\t\t<span class=\"cff-screenreader\">Compartir en Facebook<\/span>\n\t\t\t\t\t\t<\/a>\n\t\t\t\t\t\t\t\t\t\t\t<a href=\"https:\/\/twitter.com\/intent\/tweet?text=https%3A%2F%2Fwww.facebook.com%2Fphoto.php%3Ffbid%3D623264620465255%26amp%3Bset%3Da.129163679875354%26amp%3Btype%3D3\" target=\"_blank\" rel=\"noopener noreferrer\" class=\"cff-twitter-icon\">\n\t\t\t\t\t\t\t<span class=\"fa fab fa-twitter\" aria-hidden=\"true\"><\/span>\n\t\t\t\t\t\t\t<span class=\"cff-screenreader\">Compartir en Twitter<\/span>\n\t\t\t\t\t\t<\/a>\n\t\t\t\t\t\t\t\t\t\t\t<a href=\"https:\/\/www.linkedin.com\/shareArticle?mini=true&#038;url=https%3A%2F%2Fwww.facebook.com%2Fphoto.php%3Ffbid%3D623264620465255%26amp%3Bset%3Da.129163679875354%26amp%3Btype%3D3&#038;title=%09%09%09%F0%9F%92%A5%20%C2%BFC%C3%B3mo%20tratar%20una%20distensi%C3%B3n%20muscular%20sin%20dejar%20de%20entrenar%3FSufrir%20una%20distensi%C3%B3n%20no%20significa%20que%20tengas%20que%20frenar%20todo%20tu%20progreso.%20Con%20las%20estrategias%20correctas%2C%20pod%C3%A9s%20seguir%20activo%20sin%20agravar%20la%20lesi%C3%B3n.%20La%20clave%20est%C3%A1%20en%20adaptar%20la%20carga%20de%20trabajo%2C%20enfocarse%20en%20la%20recuperaci%C3%B3n%20activa%20y%20fortalecer%20la%20zona%20afectada%20de%20forma%20segura.%E2%9C%85%20Recuperaci%C3%B3n%20m%C3%A1s%20r%C3%A1pida.%E2%9C%85%20Evit%C3%A1%20reca%C3%ADdas.%E2%9C%85%20Manten%C3%A9%20tu%20nivel%20de%20entrenamiento.Si%20quer%C3%A9s%20saber%20c%C3%B3mo%20manejarlo%20sin%20poner%20en%20riesgo%20tu%20evoluci%C3%B3n%2C%20te%20lo%20explico%20en%20%F0%9F%91%89%20www.galleanosebastian.com.ar.%20Consultame%20si%20necesit%C3%A1s%20orientaci%C3%B3n.%23Recuperaci%C3%B3nMuscular%20%23NoParesDeEntrenar%20%23SaludYDeporte%09%09%09%09\" target=\"_blank\" rel=\"noopener noreferrer\" class=\"cff-linkedin-icon\">\n\t\t\t\t\t\t\t<span class=\"fa fab fa-linkedin\" aria-hidden=\"true\"><\/span>\n\t\t\t\t\t\t\t<span class=\"cff-screenreader\">Compartir en LinkedIn<\/span>\n\t\t\t\t\t\t<\/a>\n\t\t\t\t\t\t\t\t\t\t\t<a href=\"mailto:?subject=Facebook&#038;body=https%3A%2F%2Fwww.facebook.com%2Fphoto.php%3Ffbid%3D623264620465255%26amp%3Bset%3Da.129163679875354%26amp%3Btype%3D3%20-%20%0A%0A%09%0A%09%09%F0%9F%92%A5%20%C2%BFC%C3%B3mo%20tratar%20una%20distensi%C3%B3n%20muscular%20sin%20dejar%20de%20entrenar%3FSufrir%20una%20distensi%C3%B3n%20no%20significa%20que%20tengas%20que%20frenar%20todo%20tu%20progreso.%20Con%20las%20estrategias%20correctas%2C%20pod%C3%A9s%20seguir%20activo%20sin%20agravar%20la%20lesi%C3%B3n.%20La%20clave%20est%C3%A1%20en%20adaptar%20la%20carga%20de%20trabajo%2C%20enfocarse%20en%20la%20recuperaci%C3%B3n%20activa%20y%20fortalecer%20la%20zona%20afectada%20de%20forma%20segura.%E2%9C%85%20Recuperaci%C3%B3n%20m%C3%A1s%20r%C3%A1pida.%E2%9C%85%20Evit%C3%A1%20reca%C3%ADdas.%E2%9C%85%20Manten%C3%A9%20tu%20nivel%20de%20entrenamiento.Si%20quer%C3%A9s%20saber%20c%C3%B3mo%20manejarlo%20sin%20poner%20en%20riesgo%20tu%20evoluci%C3%B3n%2C%20te%20lo%20explico%20en%20%F0%9F%91%89%20www.galleanosebastian.com.ar.%20Consultame%20si%20necesit%C3%A1s%20orientaci%C3%B3n.%23Recuperaci%C3%B3nMuscular%20%23NoParesDeEntrenar%20%23SaludYDeporte%09%09%09%0A%09\" target=\"_blank\" rel=\"noopener noreferrer\" class=\"cff-email-icon\">\n\t\t\t\t\t\t\t<span class=\"fa fab fa-envelope\" aria-hidden=\"true\"><\/span>\n\t\t\t\t\t\t\t<span class=\"cff-screenreader\">Compartir por correo electr\u00f3nico<\/span>\n\t\t\t\t\t\t<\/a>\n\t\t\t\t\t\t\t\t\t<\/p>\n\t\t\t<\/div>\n\t\t\t<\/div>\n\t<\/div>\n\n\n\n\n<div class=\"cff-likebox cff-bottom\" >\n\t\t<iframe title=\"Likebox Iframe\" src=\"\" class=\"fb_iframe_widget\" data-likebox-id=\"100364076044594\" data-likebox-width=\"300\" data-likebox-header=\"\" data-hide-cover=\"\" data-hide-cta=\"\" data-likebox-faces=\"\" data-height=\"130\" data-locale=\"es_LA\" scrolling=\"no\" allowTransparency=\"true\" allow=\"encrypted-media\" ><\/iframe>\n<\/div>\n<\/div><input class=\"cff-pag-url\" type=\"hidden\" data-locatornonce=\"a5a53e2bc5\" data-cff-shortcode=\"{&quot;feed&quot;: &quot;1&quot;}\" data-post-id=\"1993\" data-feed-id=\"100364076044594\"><\/div><\/div><div class=\"cff-clear\"><\/div><\/div>\t\t\t\t<\/div>\n\t\t\t\t<\/div>\n\t\t\t\t\t<\/div>\n\t\t\t\t<\/div>\n\t\t\t\t<\/div>\n\t\t","protected":false},"excerpt":{"rendered":"<p>Aspectos importantes en la CALIDAD DE SERVICIO 1 \u201cEl saber\u201d y \u201cel conocimiento\u201d. La informaci\u00f3n hoy en d\u00eda se encuentra completamente virtualizada y en tiempo real, es decir, al alcance de la mano. El saber durante la atenci\u00f3n significa: implementar de forma eficaz un tratamiento terap\u00e9utico. Esto es pasar la informaci\u00f3n a la acci\u00f3n, a [&hellip;]<\/p>\n","protected":false},"author":1,"featured_media":1999,"comment_status":"open","ping_status":"open","sticky":false,"template":"","format":"standard","meta":{"site-sidebar-layout":"default","site-content-layout":"","ast-site-content-layout":"","site-content-style":"default","site-sidebar-style":"default","ast-global-header-display":"","ast-banner-title-visibility":"","ast-main-header-display":"","ast-hfb-above-header-display":"","ast-hfb-below-header-display":"","ast-hfb-mobile-header-display":"","site-post-title":"","ast-breadcrumbs-content":"","ast-featured-img":"","footer-sml-layout":"","theme-transparent-header-meta":"","adv-header-id-meta":"","stick-header-meta":"","header-above-stick-meta":"","header-main-stick-meta":"","header-below-stick-meta":"","astra-migrate-meta-layouts":"default","ast-page-background-enabled":"default","ast-page-background-meta":{"desktop":{"background-color":"var(--ast-global-color-4)","background-image":"","background-repeat":"repeat","background-position":"center center","background-size":"auto","background-attachment":"scroll","background-type":"","background-media":"","overlay-type":"","overlay-color":"","overlay-opacity":"","overlay-gradient":""},"tablet":{"background-color":"","background-image":"","background-repeat":"repeat","background-position":"center center","background-size":"auto","background-attachment":"scroll","background-type":"","background-media":"","overlay-type":"","overlay-color":"","overlay-opacity":"","overlay-gradient":""},"mobile":{"background-color":"","background-image":"","background-repeat":"repeat","background-position":"center center","background-size":"auto","background-attachment":"scroll","background-type":"","background-media":"","overlay-type":"","overlay-color":"","overlay-opacity":"","overlay-gradient":""}},"ast-content-background-meta":{"desktop":{"background-color":"var(--ast-global-color-5)","background-image":"","background-repeat":"repeat","background-position":"center center","background-size":"auto","background-attachment":"scroll","background-type":"","background-media":"","overlay-type":"","overlay-color":"","overlay-opacity":"","overlay-gradient":""},"tablet":{"background-color":"var(--ast-global-color-5)","background-image":"","background-repeat":"repeat","background-position":"center center","background-size":"auto","background-attachment":"scroll","background-type":"","background-media":"","overlay-type":"","overlay-color":"","overlay-opacity":"","overlay-gradient":""},"mobile":{"background-color":"var(--ast-global-color-5)","background-image":"","background-repeat":"repeat","background-position":"center center","background-size":"auto","background-attachment":"scroll","background-type":"","background-media":"","overlay-type":"","overlay-color":"","overlay-opacity":"","overlay-gradient":""}},"footnotes":"","_wpscppro_custom_social_share_image":0,"_facebook_share_type":"","_twitter_share_type":"","_linkedin_share_type":"","_pinterest_share_type":"","_linkedin_share_type_page":"","_instagram_share_type":"","_medium_share_type":"","_threads_share_type":"","_selected_social_profile":[]},"categories":[2],"tags":[],"class_list":["post-1993","post","type-post","status-publish","format-standard","has-post-thumbnail","hentry","category-asistencia"],"yoast_head":"<!-- This site is optimized with the Yoast SEO plugin v24.6 - https:\/\/yoast.com\/wordpress\/plugins\/seo\/ -->\n<title>Calidad de Servicio -<\/title>\n<meta name=\"robots\" content=\"index, follow, max-snippet:-1, max-image-preview:large, max-video-preview:-1\" \/>\n<link rel=\"canonical\" href=\"https:\/\/galleanosebastian.com.ar\/index.php\/2022\/08\/09\/calidad-de-servicio\/\" \/>\n<meta property=\"og:locale\" content=\"es_ES\" \/>\n<meta property=\"og:type\" content=\"article\" \/>\n<meta property=\"og:title\" content=\"Calidad de Servicio -\" \/>\n<meta property=\"og:description\" content=\"Aspectos importantes en la CALIDAD DE SERVICIO 1 \u201cEl saber\u201d y \u201cel conocimiento\u201d. La informaci\u00f3n hoy en d\u00eda se encuentra completamente virtualizada y en tiempo real, es decir, al alcance de la mano. El saber durante la atenci\u00f3n significa: implementar de forma eficaz un tratamiento terap\u00e9utico. Esto es pasar la informaci\u00f3n a la acci\u00f3n, a [&hellip;]\" \/>\n<meta property=\"og:url\" content=\"https:\/\/galleanosebastian.com.ar\/index.php\/2022\/08\/09\/calidad-de-servicio\/\" \/>\n<meta property=\"article:published_time\" content=\"2022-08-09T11:47:43+00:00\" \/>\n<meta name=\"author\" content=\"galleano.sebastian\" \/>\n<meta name=\"twitter:card\" content=\"summary_large_image\" \/>\n<meta name=\"twitter:label1\" content=\"Escrito por\" \/>\n\t<meta name=\"twitter:data1\" content=\"galleano.sebastian\" \/>\n\t<meta name=\"twitter:label2\" content=\"Tiempo de lectura\" \/>\n\t<meta name=\"twitter:data2\" content=\"6 minutos\" \/>\n<script type=\"application\/ld+json\" class=\"yoast-schema-graph\">{\"@context\":\"https:\/\/schema.org\",\"@graph\":[{\"@type\":\"Article\",\"@id\":\"https:\/\/galleanosebastian.com.ar\/index.php\/2022\/08\/09\/calidad-de-servicio\/#article\",\"isPartOf\":{\"@id\":\"https:\/\/galleanosebastian.com.ar\/index.php\/2022\/08\/09\/calidad-de-servicio\/\"},\"author\":{\"name\":\"galleano.sebastian\",\"@id\":\"https:\/\/galleanosebastian.com.ar\/#\/schema\/person\/e9e053bc7d61b5b176e446bc0b052f9c\"},\"headline\":\"Calidad de Servicio\",\"datePublished\":\"2022-08-09T11:47:43+00:00\",\"mainEntityOfPage\":{\"@id\":\"https:\/\/galleanosebastian.com.ar\/index.php\/2022\/08\/09\/calidad-de-servicio\/\"},\"wordCount\":1242,\"commentCount\":0,\"publisher\":{\"@id\":\"https:\/\/galleanosebastian.com.ar\/#\/schema\/person\/e9e053bc7d61b5b176e446bc0b052f9c\"},\"image\":{\"@id\":\"https:\/\/galleanosebastian.com.ar\/index.php\/2022\/08\/09\/calidad-de-servicio\/#primaryimage\"},\"thumbnailUrl\":\"\",\"articleSection\":[\"Asistencia\"],\"inLanguage\":\"es\",\"potentialAction\":[{\"@type\":\"CommentAction\",\"name\":\"Comment\",\"target\":[\"https:\/\/galleanosebastian.com.ar\/index.php\/2022\/08\/09\/calidad-de-servicio\/#respond\"]}]},{\"@type\":\"WebPage\",\"@id\":\"https:\/\/galleanosebastian.com.ar\/index.php\/2022\/08\/09\/calidad-de-servicio\/\",\"url\":\"https:\/\/galleanosebastian.com.ar\/index.php\/2022\/08\/09\/calidad-de-servicio\/\",\"name\":\"Calidad de Servicio -\",\"isPartOf\":{\"@id\":\"https:\/\/galleanosebastian.com.ar\/#website\"},\"primaryImageOfPage\":{\"@id\":\"https:\/\/galleanosebastian.com.ar\/index.php\/2022\/08\/09\/calidad-de-servicio\/#primaryimage\"},\"image\":{\"@id\":\"https:\/\/galleanosebastian.com.ar\/index.php\/2022\/08\/09\/calidad-de-servicio\/#primaryimage\"},\"thumbnailUrl\":\"\",\"datePublished\":\"2022-08-09T11:47:43+00:00\",\"breadcrumb\":{\"@id\":\"https:\/\/galleanosebastian.com.ar\/index.php\/2022\/08\/09\/calidad-de-servicio\/#breadcrumb\"},\"inLanguage\":\"es\",\"potentialAction\":[{\"@type\":\"ReadAction\",\"target\":[\"https:\/\/galleanosebastian.com.ar\/index.php\/2022\/08\/09\/calidad-de-servicio\/\"]}]},{\"@type\":\"ImageObject\",\"inLanguage\":\"es\",\"@id\":\"https:\/\/galleanosebastian.com.ar\/index.php\/2022\/08\/09\/calidad-de-servicio\/#primaryimage\",\"url\":\"\",\"contentUrl\":\"\"},{\"@type\":\"BreadcrumbList\",\"@id\":\"https:\/\/galleanosebastian.com.ar\/index.php\/2022\/08\/09\/calidad-de-servicio\/#breadcrumb\",\"itemListElement\":[{\"@type\":\"ListItem\",\"position\":1,\"name\":\"Home\",\"item\":\"https:\/\/galleanosebastian.com.ar\/\"},{\"@type\":\"ListItem\",\"position\":2,\"name\":\"Calidad de Servicio\"}]},{\"@type\":\"WebSite\",\"@id\":\"https:\/\/galleanosebastian.com.ar\/#website\",\"url\":\"https:\/\/galleanosebastian.com.ar\/\",\"name\":\"Sebasti\u00e1n Pablo Galleano\",\"description\":\"\",\"publisher\":{\"@id\":\"https:\/\/galleanosebastian.com.ar\/#\/schema\/person\/e9e053bc7d61b5b176e446bc0b052f9c\"},\"potentialAction\":[{\"@type\":\"SearchAction\",\"target\":{\"@type\":\"EntryPoint\",\"urlTemplate\":\"https:\/\/galleanosebastian.com.ar\/?s={search_term_string}\"},\"query-input\":{\"@type\":\"PropertyValueSpecification\",\"valueRequired\":true,\"valueName\":\"search_term_string\"}}],\"inLanguage\":\"es\"},{\"@type\":[\"Person\",\"Organization\"],\"@id\":\"https:\/\/galleanosebastian.com.ar\/#\/schema\/person\/e9e053bc7d61b5b176e446bc0b052f9c\",\"name\":\"galleano.sebastian\",\"image\":{\"@type\":\"ImageObject\",\"inLanguage\":\"es\",\"@id\":\"https:\/\/galleanosebastian.com.ar\/#\/schema\/person\/image\/\",\"url\":\"https:\/\/galleanosebastian.com.ar\/wp-content\/uploads\/2023\/11\/cropped-Diseno-sin-titulo-6.png\",\"contentUrl\":\"https:\/\/galleanosebastian.com.ar\/wp-content\/uploads\/2023\/11\/cropped-Diseno-sin-titulo-6.png\",\"width\":250,\"height\":117,\"caption\":\"galleano.sebastian\"},\"logo\":{\"@id\":\"https:\/\/galleanosebastian.com.ar\/#\/schema\/person\/image\/\"},\"sameAs\":[\"https:\/\/galleanosebastian.com.ar\"],\"url\":\"https:\/\/galleanosebastian.com.ar\/index.php\/author\/galleano-sebastian\/\"}]}<\/script>\n<!-- \/ Yoast SEO plugin. -->","yoast_head_json":{"title":"Calidad de Servicio -","robots":{"index":"index","follow":"follow","max-snippet":"max-snippet:-1","max-image-preview":"max-image-preview:large","max-video-preview":"max-video-preview:-1"},"canonical":"https:\/\/galleanosebastian.com.ar\/index.php\/2022\/08\/09\/calidad-de-servicio\/","og_locale":"es_ES","og_type":"article","og_title":"Calidad de Servicio -","og_description":"Aspectos importantes en la CALIDAD DE SERVICIO 1 \u201cEl saber\u201d y \u201cel conocimiento\u201d. La informaci\u00f3n hoy en d\u00eda se encuentra completamente virtualizada y en tiempo real, es decir, al alcance de la mano. El saber durante la atenci\u00f3n significa: implementar de forma eficaz un tratamiento terap\u00e9utico. Esto es pasar la informaci\u00f3n a la acci\u00f3n, a [&hellip;]","og_url":"https:\/\/galleanosebastian.com.ar\/index.php\/2022\/08\/09\/calidad-de-servicio\/","article_published_time":"2022-08-09T11:47:43+00:00","author":"galleano.sebastian","twitter_card":"summary_large_image","twitter_misc":{"Escrito por":"galleano.sebastian","Tiempo de lectura":"6 minutos"},"schema":{"@context":"https:\/\/schema.org","@graph":[{"@type":"Article","@id":"https:\/\/galleanosebastian.com.ar\/index.php\/2022\/08\/09\/calidad-de-servicio\/#article","isPartOf":{"@id":"https:\/\/galleanosebastian.com.ar\/index.php\/2022\/08\/09\/calidad-de-servicio\/"},"author":{"name":"galleano.sebastian","@id":"https:\/\/galleanosebastian.com.ar\/#\/schema\/person\/e9e053bc7d61b5b176e446bc0b052f9c"},"headline":"Calidad de Servicio","datePublished":"2022-08-09T11:47:43+00:00","mainEntityOfPage":{"@id":"https:\/\/galleanosebastian.com.ar\/index.php\/2022\/08\/09\/calidad-de-servicio\/"},"wordCount":1242,"commentCount":0,"publisher":{"@id":"https:\/\/galleanosebastian.com.ar\/#\/schema\/person\/e9e053bc7d61b5b176e446bc0b052f9c"},"image":{"@id":"https:\/\/galleanosebastian.com.ar\/index.php\/2022\/08\/09\/calidad-de-servicio\/#primaryimage"},"thumbnailUrl":"","articleSection":["Asistencia"],"inLanguage":"es","potentialAction":[{"@type":"CommentAction","name":"Comment","target":["https:\/\/galleanosebastian.com.ar\/index.php\/2022\/08\/09\/calidad-de-servicio\/#respond"]}]},{"@type":"WebPage","@id":"https:\/\/galleanosebastian.com.ar\/index.php\/2022\/08\/09\/calidad-de-servicio\/","url":"https:\/\/galleanosebastian.com.ar\/index.php\/2022\/08\/09\/calidad-de-servicio\/","name":"Calidad de Servicio -","isPartOf":{"@id":"https:\/\/galleanosebastian.com.ar\/#website"},"primaryImageOfPage":{"@id":"https:\/\/galleanosebastian.com.ar\/index.php\/2022\/08\/09\/calidad-de-servicio\/#primaryimage"},"image":{"@id":"https:\/\/galleanosebastian.com.ar\/index.php\/2022\/08\/09\/calidad-de-servicio\/#primaryimage"},"thumbnailUrl":"","datePublished":"2022-08-09T11:47:43+00:00","breadcrumb":{"@id":"https:\/\/galleanosebastian.com.ar\/index.php\/2022\/08\/09\/calidad-de-servicio\/#breadcrumb"},"inLanguage":"es","potentialAction":[{"@type":"ReadAction","target":["https:\/\/galleanosebastian.com.ar\/index.php\/2022\/08\/09\/calidad-de-servicio\/"]}]},{"@type":"ImageObject","inLanguage":"es","@id":"https:\/\/galleanosebastian.com.ar\/index.php\/2022\/08\/09\/calidad-de-servicio\/#primaryimage","url":"","contentUrl":""},{"@type":"BreadcrumbList","@id":"https:\/\/galleanosebastian.com.ar\/index.php\/2022\/08\/09\/calidad-de-servicio\/#breadcrumb","itemListElement":[{"@type":"ListItem","position":1,"name":"Home","item":"https:\/\/galleanosebastian.com.ar\/"},{"@type":"ListItem","position":2,"name":"Calidad de Servicio"}]},{"@type":"WebSite","@id":"https:\/\/galleanosebastian.com.ar\/#website","url":"https:\/\/galleanosebastian.com.ar\/","name":"Sebasti\u00e1n Pablo Galleano","description":"","publisher":{"@id":"https:\/\/galleanosebastian.com.ar\/#\/schema\/person\/e9e053bc7d61b5b176e446bc0b052f9c"},"potentialAction":[{"@type":"SearchAction","target":{"@type":"EntryPoint","urlTemplate":"https:\/\/galleanosebastian.com.ar\/?s={search_term_string}"},"query-input":{"@type":"PropertyValueSpecification","valueRequired":true,"valueName":"search_term_string"}}],"inLanguage":"es"},{"@type":["Person","Organization"],"@id":"https:\/\/galleanosebastian.com.ar\/#\/schema\/person\/e9e053bc7d61b5b176e446bc0b052f9c","name":"galleano.sebastian","image":{"@type":"ImageObject","inLanguage":"es","@id":"https:\/\/galleanosebastian.com.ar\/#\/schema\/person\/image\/","url":"https:\/\/galleanosebastian.com.ar\/wp-content\/uploads\/2023\/11\/cropped-Diseno-sin-titulo-6.png","contentUrl":"https:\/\/galleanosebastian.com.ar\/wp-content\/uploads\/2023\/11\/cropped-Diseno-sin-titulo-6.png","width":250,"height":117,"caption":"galleano.sebastian"},"logo":{"@id":"https:\/\/galleanosebastian.com.ar\/#\/schema\/person\/image\/"},"sameAs":["https:\/\/galleanosebastian.com.ar"],"url":"https:\/\/galleanosebastian.com.ar\/index.php\/author\/galleano-sebastian\/"}]}},"_links":{"self":[{"href":"https:\/\/galleanosebastian.com.ar\/index.php\/wp-json\/wp\/v2\/posts\/1993","targetHints":{"allow":["GET"]}}],"collection":[{"href":"https:\/\/galleanosebastian.com.ar\/index.php\/wp-json\/wp\/v2\/posts"}],"about":[{"href":"https:\/\/galleanosebastian.com.ar\/index.php\/wp-json\/wp\/v2\/types\/post"}],"author":[{"embeddable":true,"href":"https:\/\/galleanosebastian.com.ar\/index.php\/wp-json\/wp\/v2\/users\/1"}],"replies":[{"embeddable":true,"href":"https:\/\/galleanosebastian.com.ar\/index.php\/wp-json\/wp\/v2\/comments?post=1993"}],"version-history":[{"count":0,"href":"https:\/\/galleanosebastian.com.ar\/index.php\/wp-json\/wp\/v2\/posts\/1993\/revisions"}],"wp:featuredmedia":[{"embeddable":true,"href":"https:\/\/galleanosebastian.com.ar\/index.php\/wp-json\/"}],"wp:attachment":[{"href":"https:\/\/galleanosebastian.com.ar\/index.php\/wp-json\/wp\/v2\/media?parent=1993"}],"wp:term":[{"taxonomy":"category","embeddable":true,"href":"https:\/\/galleanosebastian.com.ar\/index.php\/wp-json\/wp\/v2\/categories?post=1993"},{"taxonomy":"post_tag","embeddable":true,"href":"https:\/\/galleanosebastian.com.ar\/index.php\/wp-json\/wp\/v2\/tags?post=1993"}],"curies":[{"name":"wp","href":"https:\/\/api.w.org\/{rel}","templated":true}]}}