{"id":3075,"date":"2022-12-08T13:30:37","date_gmt":"2022-12-08T13:30:37","guid":{"rendered":"http:\/\/galleanosebastian.com.ar\/?p=3075"},"modified":"2023-12-31T02:50:25","modified_gmt":"2023-12-31T01:50:25","slug":"la-migrana","status":"publish","type":"post","link":"https:\/\/galleanosebastian.com.ar\/index.php\/2022\/12\/08\/la-migrana\/","title":{"rendered":"La Migra\u00f1a"},"content":{"rendered":"\t\t<div data-elementor-type=\"wp-post\" data-elementor-id=\"3075\" class=\"elementor elementor-3075\">\n\t\t\t\t<div class=\"elementor-element elementor-element-6449ad2 e-flex e-con-boxed e-con e-parent\" data-id=\"6449ad2\" data-element_type=\"container\">\n\t\t\t\t\t<div class=\"e-con-inner\">\n\t\t\t\t<div class=\"elementor-element elementor-element-c648cef elementor-widget elementor-widget-text-editor\" data-id=\"c648cef\" data-element_type=\"widget\" data-widget_type=\"text-editor.default\">\n\t\t\t\t<div class=\"elementor-widget-container\">\n\t\t\t\t\t\t\t\t\t<p><span style=\"font-weight: 400;\">Comenzaremos con una breve introducci\u00f3n a trav\u00e9s de una serie de preguntas <\/span><span style=\"font-weight: 400;\">frecuentes relacionadas con el tema. Para que el lector se interiorice en el <\/span><span style=\"font-weight: 400;\">conocimiento de esta enfermedad, sus s\u00edntomas, el grado de severidad y <\/span><span style=\"font-weight: 400;\">consecuencias al que la padece; Donde al final del texto se deduzca la <\/span><span style=\"font-weight: 400;\">necesidad de un abordaje integral e individual sobre dicha patolog\u00eda que <\/span><span style=\"font-weight: 400;\">ocasiona un malestar generalmente intolerable.<\/span><\/p><p><span style=\"font-weight: 400;\">\u00bfQu\u00e9 causa los dolores de cabeza de tipo migra\u00f1a?<\/span><\/p><p><span style=\"font-weight: 400;\">Los dolores de cabeza de tipo migra\u00f1as parecen ser causados en parte por <\/span><span style=\"font-weight: 400;\">cambios en el nivel de una substancia qu\u00edmica que el cerebro produce llamada <\/span><span style=\"font-weight: 400;\">serotonina. La serotonina juega muchos papeles en el cuerpo y tambi\u00e9n puede <\/span><span style=\"font-weight: 400;\">ejercer efecto sobre los vasos sangu\u00edneos. Cuando los niveles de serotonina <\/span><span style=\"font-weight: 400;\">est\u00e1n elevados los vasos sangu\u00edneos se constri\u00f1en; es decir se hacen m\u00e1s <\/span><span style=\"font-weight: 400;\">estrechos. Cuando los niveles de serotonina disminuyen los vasos sangu\u00edneos <\/span><span style=\"font-weight: 400;\">se dilatan, es decir se hinchan. Esta hinchaz\u00f3n puede causar dolor u otros <\/span><span style=\"font-weight: 400;\">problemas.<\/span><\/p><p><span style=\"font-weight: 400;\">Muchas cosas pueden afectar el nivel de serotonina dentro de su cuerpo; <\/span><span style=\"font-weight: 400;\">inclusive su nivel de az\u00facar sangu\u00ednea, ciertas comidas y cambios en el nivel <\/span><span style=\"font-weight: 400;\">de estr\u00f3geno si usted es mujer.<\/span><\/p><p><span style=\"font-weight: 400;\">\u00bfC\u00f3mo se siente una migra\u00f1a?<\/span><\/p><p><span style=\"font-weight: 400;\">El dolor causado por una migra\u00f1a puede ser intenso. Puede interferir con sus <\/span><span style=\"font-weight: 400;\">actividades diarias. Las migra\u00f1as no son iguales en todas las personas. Los <\/span><span style=\"font-weight: 400;\">s\u00edntomas posibles de las migra\u00f1as est\u00e1n anotados en el cuatro que aparece <\/span><span style=\"font-weight: 400;\">abajo.<\/span><\/p><p><span style=\"font-weight: 400;\">Usted puede tener la \u00abpremonici\u00f3n\u00bb varias horas o un d\u00eda antes de que le <\/span><span style=\"font-weight: 400;\">comience la migra\u00f1a. Las premoniciones son sensaciones que le dan a usted <\/span><span style=\"font-weight: 400;\">que pueden se\u00f1alar que le va a dar una migra\u00f1a. Estas sensaciones pueden incluir\u00a0<\/span><span style=\"text-align: var(--text-align); background-color: rgba(255, 255, 255, 0); color: var(--nv-text-color); font-family: Poppins, var(--nv-fallback-ff);\">mucha energ\u00eda, fatiga, antojos por alimentos, sed y cambios en el humor.<\/span><\/p><p><b>S\u00cdNTOMAS POSIBLES DE LAS MIGRA\u00d1AS<\/b><\/p><ul><li><i><span style=\"font-weight: 400;\"> Dolor palpitante e intenso o dolor sordo a un lado de la cabeza o a ambos lados.<\/span><\/i><\/li><li><i><span style=\"font-weight: 400;\"> Dolor que empeora con la actividad f\u00edsica.<\/span><\/i><\/li><li><i><span style=\"font-weight: 400;\"> N\u00e1usea o v\u00f3mito<\/span><\/i><\/li><li><i><span style=\"font-weight: 400;\"> Cambios en la manera como usted ve, incluso visi\u00f3n borrosa o tener puntos ciegos.<\/span><\/i><\/li><li><i><span style=\"font-weight: 400;\"> Molestarle la luz, ruido u olores<\/span><\/i><\/li><li><i><span style=\"font-weight: 400;\"> Sentirse cansado y confundido o solamente esto \u00faltimo<\/span><\/i><\/li><li><i><span style=\"font-weight: 400;\"> Tener la nariz tupida<\/span><\/i><\/li><li><i><span style=\"font-weight: 400;\"> Sentir fr\u00edo o sudar<\/span><\/i><\/li><li><i><span style=\"font-weight: 400;\"> Cuello tenso o sensible al tacto<\/span><\/i><\/li><li><i><span style=\"font-weight: 400;\"> Mareo leve<\/span><\/i><\/li><li><i><span style=\"font-weight: 400;\"> Sensibilidad al tacto en el cuero cabelludo<\/span><\/i><\/li><\/ul><p>\u00a0<\/p><p><span style=\"font-weight: 400;\">TIPOS DE MIGRA\u00d1AS<\/span><\/p><p><span style=\"font-weight: 400;\">Existen varios tipos de migra\u00f1a. La m\u00e1s frecuente es la Migra\u00f1a Com\u00fan o <\/span><span style=\"font-weight: 400;\">Cl\u00e1sica, que se caracteriza por el dolor en mitad de la cabeza, con un dolor <\/span><span style=\"font-weight: 400;\">puls\u00e1til que se inicia en la frente, sien y puede abarcar el ojo y extenderse <\/span><span style=\"font-weight: 400;\">al otro lado de la cabeza. A veces va asociado a n\u00e1useas e intolerancia del ruido y la luz.<\/span><\/p><p><span style=\"font-weight: 400;\">En la Migra\u00f1a Cl\u00e1sica hay aviso de que el dolor se inicia (aura), con pr\u00f3dromos <\/span><span style=\"font-weight: 400;\">visuales como manchas o destellos luminosos. <\/span><span style=\"font-weight: 400;\">El dolor puede variar de intensidad, de leve a muy intenso y desesperante. <\/span><span style=\"font-weight: 400;\">Existen otras variedades como la Oft\u00e1lmica, la Vasomotora (hemipl\u00e9jica), la <\/span><span style=\"font-weight: 400;\">Migra\u00f1a Menstrual, asociada a la ansiedad y depresi\u00f3n de \u201cesos d\u00edas\u201d.<\/span><\/p><p><span style=\"font-weight: 400;\">Otras variedades complicadas con el sistema simp\u00e1tico y el nervio trig\u00e9mino, <\/span><span style=\"font-weight: 400;\">muy dolorosas llamada Migra\u00f1a neur\u00e1lgica o de Cluster, m\u00e1s frecuente en el <\/span><span style=\"font-weight: 400;\">hombre, se presenta alrededor del ojo y sien, dolor que se extiende a la nuca, <\/span><span style=\"font-weight: 400;\">o\u00eddo y a la mitad de la cabeza, generalmente afecta a un solo lado, con dolor <\/span><span style=\"font-weight: 400;\">de tipo opresivo, puls\u00e1til y lacerante.<\/span><\/p><p><span style=\"font-weight: 400;\">Los dolores de cabeza se deben a la interacci\u00f3n anormal del cerebro, con los <\/span><span style=\"font-weight: 400;\">vasos sangu\u00edneos y con los nervios que contiene. Esta interacci\u00f3n anormal es <\/span><span style=\"font-weight: 400;\">debida a las alteraciones en las sustancias neurotransmisoras que controlan <\/span><span style=\"font-weight: 400;\">las funciones org\u00e1nicas de nuestro cuerpo.<\/span><\/p><p><span style=\"font-weight: 400;\">Las causas que precipitan el dolor son el estr\u00e9s, insomnio, caf\u00e9, chocolate, vino <\/span><span style=\"font-weight: 400;\">tinto, embutidos, quesos a\u00f1ejos, salsa de soya y otros alimentos. Adem\u00e1s del <\/span><span style=\"font-weight: 400;\">trabajo continuo en una sola postura incorrecta, como en la computadora.<\/span><\/p><p><span style=\"font-weight: 400;\">El diagn\u00f3stico se realiza con el historial del cuadro cl\u00ednico del paciente y su <\/span><span style=\"font-weight: 400;\">proceso evolutivo, descartando enfermedades que pueden enmascarar estos <\/span><span style=\"font-weight: 400;\">s\u00edntomas de la migra\u00f1a, con la exploraci\u00f3n cerebral a trav\u00e9s de la Tomograf\u00eda <\/span><span style=\"font-weight: 400;\">Craneal Computada (TAC) y de la Resonancia Magn\u00e9tica (IRM) y as\u00ed descartar <\/span><span style=\"font-weight: 400;\">patolog\u00eda tumoral y malformaciones arteriales principalmente.<\/span><\/p><p><span style=\"font-weight: 400;\">\u00bfQu\u00e9 puede desencadenar una migra\u00f1a?<\/span><\/p><p><span style=\"font-weight: 400;\">Ciertas cosas que pueden desencadenar una migra\u00f1a incluyen lo siguiente:<\/span><\/p><ul><li><i><span style=\"font-weight: 400;\"> Olores fuertes o inusuales, luces brillantes o ruidos fuertes<\/span><\/i><\/li><li><i><span style=\"font-weight: 400;\"> Cambios de temperatura o de altura<\/span><\/i><\/li><li><i><span style=\"font-weight: 400;\"> Estar cansado, tenso o deprimido<\/span><\/i><\/li><li><i><span style=\"font-weight: 400;\"> Cambios en los patrones del sue\u00f1o<\/span><\/i><\/li><li><i><span style=\"font-weight: 400;\"> Ciertos alimentos especialmente aquellos que contienen tiramina, nitratos de sodio o fenilalanina.<\/span><\/i><\/li><li><i><span style=\"font-weight: 400;\"> Saltarse comidas o ayunar<\/span><\/i><\/li><li><i><span style=\"font-weight: 400;\"> Per\u00edodos menstruales, p\u00edldoras para el control de la natalidad o cambios hormonales en la mujer<\/span><\/i><\/li><li><i><span style=\"font-weight: 400;\"> Actividad f\u00edsica intensa, incluso actividad sexual<\/span><\/i><\/li><li><i><span style=\"font-weight: 400;\"> Fumar<\/span><\/i><\/li><li><i><span style=\"font-weight: 400;\"> Vapores<\/span><\/i><\/li><\/ul><p>\u00a0<\/p><p><span style=\"font-weight: 400;\">\u00bfC\u00f3mo es el tratamiento para las migra\u00f1as?<\/span><\/p><p><span style=\"font-weight: 400;\">Existen dos tipos de medicamentos para los tratamientos de las migra\u00f1as. <\/span><span style=\"font-weight: 400;\">El enfoque de uno de estos es aliviar el dolor de cabeza. Este tipo de tratamiento <\/span><span style=\"font-weight: 400;\">debe comenzar tan pronto como usted crea que le est\u00e1 dando una migra\u00f1a.<\/span><\/p><p><span style=\"font-weight: 400;\">El otro tipo incluye medicamentos que se usan para prevenir las migra\u00f1as <\/span><span style=\"font-weight: 400;\">antes de que \u00e9stas ocurran.<\/span><\/p><p><span style=\"font-weight: 400;\">\u00bfQu\u00e9 m\u00e1s puedo hacer para prevenir las migra\u00f1as?<\/span><\/p><p><span style=\"font-weight: 400;\">Trate de evitar comidas u otras cosas que parecen causar migra\u00f1as. Lleve un <\/span><span style=\"font-weight: 400;\">diario para ayudarle a identificar los desencadenantes. Duerma bastante y <\/span><span style=\"font-weight: 400;\">tome bastantes l\u00edquidos. Trate de relajarse y de disminuir la tensi\u00f3n en su vida.<\/span><\/p><p><span style=\"font-weight: 400;\">Tambi\u00e9n trate de hacer ejercicio con regularidad. El ejercicio aer\u00f3bico puede <\/span><span style=\"font-weight: 400;\">ayudar a disminuir la tensi\u00f3n al igual que ayudarle a mantener un peso <\/span><span style=\"font-weight: 400;\">adecuado. La obesidad contribuye a las migra\u00f1as.<\/span><\/p><p><span style=\"font-weight: 400;\">En modo de conclusi\u00f3n, se observa que la migra\u00f1a posee s\u00edntomas <\/span><span style=\"font-weight: 400;\">invalidantes que requieren la necesidad de disminuir el dolor lo m\u00e1s r\u00e1pido <\/span><span style=\"font-weight: 400;\">posible. Vemos que el protocolo de tratamiento actual, se basa <\/span><span style=\"font-weight: 400;\">espec\u00edficamente en dos v\u00edas: la prevenci\u00f3n, evitando la aparici\u00f3n de la misma; <\/span><span style=\"font-weight: 400;\">y la reducci\u00f3n del dolor, la disminuci\u00f3n de los s\u00edntomas. Pero a la vez, se <\/span><span style=\"font-weight: 400;\">evidencia una numerosa variedad de tipos de migra\u00f1as y condiciones, que <\/span><span style=\"font-weight: 400;\">no todos la padecen de la misma forma. Por lo tanto se requiere una <\/span><span style=\"font-weight: 400;\">evaluaci\u00f3n individual y un abordaje integral.<\/span><\/p><p><span style=\"font-weight: 400;\">EVALUACI\u00d3N INDIVIDUAL Y EL ABORDAJE INTEGRAL<\/span><\/p><p><span style=\"font-weight: 400;\">Seg\u00fan el protocolo normal, se requiere un seguimiento y an\u00e1lisis de los <\/span><span style=\"font-weight: 400;\">estudios cl\u00ednicos. (laboratorio, im\u00e1genes, etc.). Lo cual son de relevante <\/span><span style=\"font-weight: 400;\">importancia para descartar patolog\u00edas de base o asociadas, es decir aquellas <\/span><span style=\"font-weight: 400;\">que generen un desequilibrio en el cuerpo, que como un sistema de alerta <\/span><span style=\"font-weight: 400;\">ocasionen \u201cuna migra\u00f1a\u201d o s\u00edntomas similares. Ejemplo de las mismas tales <\/span><span style=\"font-weight: 400;\">como la hipertensi\u00f3n arterial, intolerancia a alg\u00fan alimento, como tambi\u00e9n una <\/span><span style=\"font-weight: 400;\">deficiente digesti\u00f3n. Pero al descartar estas mismas, se nos van cerrando los <\/span><span style=\"font-weight: 400;\">caminos y la causa se hace desconocida, entrando en el c\u00edrculo de una <\/span><span style=\"font-weight: 400;\">medicaci\u00f3n precoz con el fin anterior mencionado.<\/span><\/p><p><span style=\"font-weight: 400;\">Algunos pacientes van migrando a diferentes especialistas y otros se estancan <\/span><span style=\"font-weight: 400;\">en uno sin lograr resultados algunos, es aqu\u00ed donde existe la necesidad de una <\/span><span style=\"font-weight: 400;\">evaluaci\u00f3n individual e integral multidisciplinar\u00eda. Es decir no solo en el \u00e1mbito <\/span><span style=\"font-weight: 400;\">cl\u00ednico que refiera al estudio del cuerpo f\u00edsico como una alteraci\u00f3n org\u00e1nica o <\/span><span style=\"font-weight: 400;\">sist\u00e9mica; sino estudiando las posibilidades de un desequilibrio nutricional o <\/span><span style=\"font-weight: 400;\">postural, donde tambi\u00e9n se debe incluir el campo de la mente y la funci\u00f3n, <\/span><span style=\"font-weight: 400;\">com\u00fanmente llamada medicina psicosom\u00e1tica. Considerando y teniendo en <\/span><span style=\"font-weight: 400;\">cuenta que los acontecimientos, las dificultades ambientales y el estr\u00e9s <\/span><span style=\"font-weight: 400;\">desempe\u00f1an un papel importante en la g\u00e9nesis de la enfermedad.<\/span><\/p><p><span style=\"font-weight: 400;\">TRATAMIENTO INTEGRAL DE LA MIGRA\u00d1A.<\/span><\/p><p><span style=\"font-weight: 400;\">La migra\u00f1a, es una patolog\u00eda invalidante de dif\u00edcil abordaje. Para tratar la <\/span><span style=\"font-weight: 400;\">misma es necesaria la integraci\u00f3n de los siguientes campos:<\/span><\/p><ul><li><i><span style=\"font-weight: 400;\"> Cl\u00ednico (sist\u00e9mico-org\u00e1nico)<\/span><\/i><\/li><li><i><span style=\"font-weight: 400;\"> Psicol\u00f3gico<\/span><\/i><\/li><li><i><span style=\"font-weight: 400;\"> Nutricional<\/span><\/i><\/li><li><i><span style=\"font-weight: 400;\"> Postural<\/span><\/i><\/li><\/ul><p><span style=\"font-weight: 400;\">El tratamiento mismo consta de una evaluaci\u00f3n inicial, que contiene dos <\/span><span style=\"font-weight: 400;\">cuestionarios y un examen f\u00edsico en el \u00e1mbito postural para integrar los campos <\/span><span style=\"font-weight: 400;\">antes mencionados, como la recepci\u00f3n e interpretaci\u00f3n de estudios <\/span><span style=\"font-weight: 400;\">complementarios (Rx, TC, laboratorio, etc.) ya realizados. Con la intenci\u00f3n de <\/span><span style=\"font-weight: 400;\">descartar patolog\u00edas desencadenantes de cuadros sintom\u00e1ticos, donde <\/span><span style=\"font-weight: 400;\">sugerimos la derivaci\u00f3n al especialista adecuado a dicha enfermedad.<\/span><\/p><p><span style=\"font-weight: 400;\">LUEGO DE LA EVALUACI\u00d3N INICIAL SE PROPONE UN TRATAMIENTO EN TODOS LOS CAMPOS ANTES MENCIONADOS<\/span><\/p><p><span style=\"font-weight: 400;\">La efectividad del mismo lo da seguimiento y el cumplimiento de todas las <\/span><span style=\"font-weight: 400;\">pautas sugeridas en el tratamiento. El incumplimiento de alguna, puede <\/span><span style=\"font-weight: 400;\">desencadenar un s\u00edntoma que encuadra en varios campos dando como <\/span><span style=\"font-weight: 400;\">resultado de la migra\u00f1a<\/span><span style=\"font-weight: 400;\">.<\/span><\/p><p><span style=\"font-weight: 400;\">Veamos un ejemplo esquem\u00e1tico:<\/span><\/p><p><span style=\"font-weight: 400;\">Si se le proh\u00edbe a un paciente dentro de su evaluaci\u00f3n nutricional un alimento <\/span><span style=\"font-weight: 400;\">del cual creemos que lo est\u00e1 comiendo en exceso o que surge una intolerancia, va a generar una reacci\u00f3n en el campo cl\u00ednico con un cuadro de <\/span><span style=\"font-weight: 400;\">malestar f\u00edsico general. A continuaci\u00f3n, el paciente mismo tratar\u00e1 de encontrar <\/span><span style=\"font-weight: 400;\">una postura para evitar el dolor o se va a recostar para que se le pase el <\/span><span style=\"font-weight: 400;\">mismo, esto puede modificar no solo la postura sino tambi\u00e9n el \u00e1mbito social, <\/span><span style=\"font-weight: 400;\">como perderse eventos o salidas y entrar en una depresi\u00f3n. Como resultado <\/span><span style=\"font-weight: 400;\">final: \u201cLa migra\u00f1a\u201d<\/span><\/p><p><span style=\"font-weight: 400;\">POR ESO MISMO EL TRATAMIENTO ES RIGUROSO Y DEPENDE UN 100% DE UNA BUENA EVALUACI\u00d3N Y UN IMPORTANTE CUMPLIMIENTO DEL TRATAMIENTO POR PARTE DEL PACIENTE.<\/span><\/p>\t\t\t\t\t\t\t\t<\/div>\n\t\t\t\t<\/div>\n\t\t\t\t\t<\/div>\n\t\t\t\t<\/div>\n\t\t<div class=\"elementor-element elementor-element-0ba78b9 e-flex e-con-boxed e-con e-parent\" data-id=\"0ba78b9\" data-element_type=\"container\">\n\t\t\t\t\t<div class=\"e-con-inner\">\n\t\t\t\t<div class=\"elementor-element elementor-element-4fcd1ce elementor-widget elementor-widget-heading\" data-id=\"4fcd1ce\" data-element_type=\"widget\" data-widget_type=\"heading.default\">\n\t\t\t\t<div class=\"elementor-widget-container\">\n\t\t\t\t\t<h2 class=\"elementor-heading-title elementor-size-default\">Lic. Sebasti\u00e1n Pablo Galleano<\/h2>\t\t\t\t<\/div>\n\t\t\t\t<\/div>\n\t\t\t\t<div class=\"elementor-element elementor-element-8c95f73 elementor-widget elementor-widget-image\" data-id=\"8c95f73\" data-element_type=\"widget\" data-widget_type=\"image.default\">\n\t\t\t\t<div class=\"elementor-widget-container\">\n\t\t\t\t\t\t\t\t\t\t\t\t\t\t\t\t<a href=\"http:\/\/ambitokinesico.com.ar\/\">\n\t\t\t\t\t\t\t<img decoding=\"async\" src=\"http:\/\/galleanosebastian.com.ar\/wp-content\/uploads\/2022\/08\/a11-1.jpg\" title=\"\" alt=\"\" class=\"elementor-animation-grow\" loading=\"lazy\" \/>\t\t\t\t\t\t\t\t<\/a>\n\t\t\t\t\t\t\t\t\t\t\t\t\t\t\t<\/div>\n\t\t\t\t<\/div>\n\t\t\t\t\t<\/div>\n\t\t\t\t<\/div>\n\t\t<div class=\"elementor-element elementor-element-c79b4c2 e-flex e-con-boxed e-con e-parent\" data-id=\"c79b4c2\" data-element_type=\"container\">\n\t\t\t\t\t<div class=\"e-con-inner\">\n\t\t\t\t<div class=\"elementor-element elementor-element-654301f elementor-widget elementor-widget-html\" data-id=\"654301f\" data-element_type=\"widget\" data-widget_type=\"html.default\">\n\t\t\t\t<div class=\"elementor-widget-container\">\n\t\t\t\t\t[youtube-feed feed=1]\t\t\t\t<\/div>\n\t\t\t\t<\/div>\n\t\t\t\t\t<\/div>\n\t\t\t\t<\/div>\n\t\t\t\t<\/div>\n\t\t","protected":false},"excerpt":{"rendered":"<p>Comenzaremos con una breve introducci\u00f3n a trav\u00e9s de una serie de preguntas frecuentes relacionadas con el tema. Para que el lector se interiorice en el conocimiento de esta enfermedad, sus s\u00edntomas, el grado de severidad y consecuencias al que la padece; Donde al final del texto se deduzca la necesidad de un abordaje integral e [&hellip;]<\/p>\n","protected":false},"author":1,"featured_media":3436,"comment_status":"open","ping_status":"open","sticky":false,"template":"","format":"standard","meta":{"site-sidebar-layout":"default","site-content-layout":"","ast-site-content-layout":"","site-content-style":"default","site-sidebar-style":"default","ast-global-header-display":"","ast-banner-title-visibility":"","ast-main-header-display":"","ast-hfb-above-header-display":"","ast-hfb-below-header-display":"","ast-hfb-mobile-header-display":"","site-post-title":"","ast-breadcrumbs-content":"","ast-featured-img":"","footer-sml-layout":"","theme-transparent-header-meta":"","adv-header-id-meta":"","stick-header-meta":"","header-above-stick-meta":"","header-main-stick-meta":"","header-below-stick-meta":"","astra-migrate-meta-layouts":"default","ast-page-background-enabled":"default","ast-page-background-meta":{"desktop":{"background-color":"var(--ast-global-color-4)","background-image":"","background-repeat":"repeat","background-position":"center center","background-size":"auto","background-attachment":"scroll","background-type":"","background-media":"","overlay-type":"","overlay-color":"","overlay-opacity":"","overlay-gradient":""},"tablet":{"background-color":"","background-image":"","background-repeat":"repeat","background-position":"center center","background-size":"auto","background-attachment":"scroll","background-type":"","background-media":"","overlay-type":"","overlay-color":"","overlay-opacity":"","overlay-gradient":""},"mobile":{"background-color":"","background-image":"","background-repeat":"repeat","background-position":"center center","background-size":"auto","background-attachment":"scroll","background-type":"","background-media":"","overlay-type":"","overlay-color":"","overlay-opacity":"","overlay-gradient":""}},"ast-content-background-meta":{"desktop":{"background-color":"var(--ast-global-color-5)","background-image":"","background-repeat":"repeat","background-position":"center center","background-size":"auto","background-attachment":"scroll","background-type":"","background-media":"","overlay-type":"","overlay-color":"","overlay-opacity":"","overlay-gradient":""},"tablet":{"background-color":"var(--ast-global-color-5)","background-image":"","background-repeat":"repeat","background-position":"center center","background-size":"auto","background-attachment":"scroll","background-type":"","background-media":"","overlay-type":"","overlay-color":"","overlay-opacity":"","overlay-gradient":""},"mobile":{"background-color":"var(--ast-global-color-5)","background-image":"","background-repeat":"repeat","background-position":"center center","background-size":"auto","background-attachment":"scroll","background-type":"","background-media":"","overlay-type":"","overlay-color":"","overlay-opacity":"","overlay-gradient":""}},"footnotes":"","_wpscppro_custom_social_share_image":0,"_facebook_share_type":"","_twitter_share_type":"","_linkedin_share_type":"","_pinterest_share_type":"","_linkedin_share_type_page":"","_instagram_share_type":"","_medium_share_type":"","_threads_share_type":"","_selected_social_profile":[]},"categories":[2],"tags":[103,46,100,97,98],"class_list":["post-3075","post","type-post","status-publish","format-standard","has-post-thumbnail","hentry","category-asistencia","tag-ejercicio-terapeutico","tag-fisioterapia","tag-movilidad","tag-recuperacion","tag-terapia-manual"],"yoast_head":"<!-- This site is optimized with the Yoast SEO plugin v24.6 - https:\/\/yoast.com\/wordpress\/plugins\/seo\/ -->\n<title>La Migra\u00f1a -<\/title>\n<meta name=\"robots\" content=\"index, follow, max-snippet:-1, max-image-preview:large, max-video-preview:-1\" \/>\n<link rel=\"canonical\" href=\"https:\/\/galleanosebastian.com.ar\/index.php\/2022\/12\/08\/la-migrana\/\" \/>\n<meta property=\"og:locale\" content=\"es_ES\" \/>\n<meta property=\"og:type\" content=\"article\" \/>\n<meta property=\"og:title\" content=\"La Migra\u00f1a -\" \/>\n<meta property=\"og:description\" content=\"Comenzaremos con una breve introducci\u00f3n a trav\u00e9s de una serie de preguntas frecuentes relacionadas con el tema. Para que el lector se interiorice en el conocimiento de esta enfermedad, sus s\u00edntomas, el grado de severidad y consecuencias al que la padece; Donde al final del texto se deduzca la necesidad de un abordaje integral e [&hellip;]\" \/>\n<meta property=\"og:url\" content=\"https:\/\/galleanosebastian.com.ar\/index.php\/2022\/12\/08\/la-migrana\/\" \/>\n<meta property=\"article:published_time\" content=\"2022-12-08T13:30:37+00:00\" \/>\n<meta property=\"article:modified_time\" content=\"2023-12-31T01:50:25+00:00\" \/>\n<meta property=\"og:image\" content=\"https:\/\/galleanosebastian.com.ar\/wp-content\/uploads\/2022\/12\/Diseno-sin-titulo-2-scaled.jpg\" \/>\n\t<meta property=\"og:image:width\" content=\"2560\" \/>\n\t<meta property=\"og:image:height\" content=\"1280\" \/>\n\t<meta property=\"og:image:type\" content=\"image\/jpeg\" \/>\n<meta name=\"author\" content=\"galleano.sebastian\" \/>\n<meta name=\"twitter:card\" content=\"summary_large_image\" \/>\n<meta name=\"twitter:label1\" content=\"Escrito por\" \/>\n\t<meta name=\"twitter:data1\" content=\"galleano.sebastian\" \/>\n\t<meta name=\"twitter:label2\" content=\"Tiempo de lectura\" \/>\n\t<meta name=\"twitter:data2\" content=\"8 minutos\" \/>\n<script type=\"application\/ld+json\" class=\"yoast-schema-graph\">{\"@context\":\"https:\/\/schema.org\",\"@graph\":[{\"@type\":\"Article\",\"@id\":\"https:\/\/galleanosebastian.com.ar\/index.php\/2022\/12\/08\/la-migrana\/#article\",\"isPartOf\":{\"@id\":\"https:\/\/galleanosebastian.com.ar\/index.php\/2022\/12\/08\/la-migrana\/\"},\"author\":{\"name\":\"galleano.sebastian\",\"@id\":\"https:\/\/galleanosebastian.com.ar\/#\/schema\/person\/e9e053bc7d61b5b176e446bc0b052f9c\"},\"headline\":\"La Migra\u00f1a\",\"datePublished\":\"2022-12-08T13:30:37+00:00\",\"dateModified\":\"2023-12-31T01:50:25+00:00\",\"mainEntityOfPage\":{\"@id\":\"https:\/\/galleanosebastian.com.ar\/index.php\/2022\/12\/08\/la-migrana\/\"},\"wordCount\":1646,\"commentCount\":0,\"publisher\":{\"@id\":\"https:\/\/galleanosebastian.com.ar\/#\/schema\/person\/e9e053bc7d61b5b176e446bc0b052f9c\"},\"image\":{\"@id\":\"https:\/\/galleanosebastian.com.ar\/index.php\/2022\/12\/08\/la-migrana\/#primaryimage\"},\"thumbnailUrl\":\"https:\/\/galleanosebastian.com.ar\/wp-content\/uploads\/2022\/12\/Diseno-sin-titulo-2-scaled.jpg\",\"keywords\":[\"ejercicio terap\u00e9utico\",\"fisioterapia\",\"movilidad\",\"recuperaci\u00f3n\",\"terapia manual\"],\"articleSection\":[\"Asistencia\"],\"inLanguage\":\"es\",\"potentialAction\":[{\"@type\":\"CommentAction\",\"name\":\"Comment\",\"target\":[\"https:\/\/galleanosebastian.com.ar\/index.php\/2022\/12\/08\/la-migrana\/#respond\"]}]},{\"@type\":\"WebPage\",\"@id\":\"https:\/\/galleanosebastian.com.ar\/index.php\/2022\/12\/08\/la-migrana\/\",\"url\":\"https:\/\/galleanosebastian.com.ar\/index.php\/2022\/12\/08\/la-migrana\/\",\"name\":\"La Migra\u00f1a -\",\"isPartOf\":{\"@id\":\"https:\/\/galleanosebastian.com.ar\/#website\"},\"primaryImageOfPage\":{\"@id\":\"https:\/\/galleanosebastian.com.ar\/index.php\/2022\/12\/08\/la-migrana\/#primaryimage\"},\"image\":{\"@id\":\"https:\/\/galleanosebastian.com.ar\/index.php\/2022\/12\/08\/la-migrana\/#primaryimage\"},\"thumbnailUrl\":\"https:\/\/galleanosebastian.com.ar\/wp-content\/uploads\/2022\/12\/Diseno-sin-titulo-2-scaled.jpg\",\"datePublished\":\"2022-12-08T13:30:37+00:00\",\"dateModified\":\"2023-12-31T01:50:25+00:00\",\"breadcrumb\":{\"@id\":\"https:\/\/galleanosebastian.com.ar\/index.php\/2022\/12\/08\/la-migrana\/#breadcrumb\"},\"inLanguage\":\"es\",\"potentialAction\":[{\"@type\":\"ReadAction\",\"target\":[\"https:\/\/galleanosebastian.com.ar\/index.php\/2022\/12\/08\/la-migrana\/\"]}]},{\"@type\":\"ImageObject\",\"inLanguage\":\"es\",\"@id\":\"https:\/\/galleanosebastian.com.ar\/index.php\/2022\/12\/08\/la-migrana\/#primaryimage\",\"url\":\"https:\/\/galleanosebastian.com.ar\/wp-content\/uploads\/2022\/12\/Diseno-sin-titulo-2-scaled.jpg\",\"contentUrl\":\"https:\/\/galleanosebastian.com.ar\/wp-content\/uploads\/2022\/12\/Diseno-sin-titulo-2-scaled.jpg\",\"width\":2560,\"height\":1280},{\"@type\":\"BreadcrumbList\",\"@id\":\"https:\/\/galleanosebastian.com.ar\/index.php\/2022\/12\/08\/la-migrana\/#breadcrumb\",\"itemListElement\":[{\"@type\":\"ListItem\",\"position\":1,\"name\":\"Home\",\"item\":\"https:\/\/galleanosebastian.com.ar\/\"},{\"@type\":\"ListItem\",\"position\":2,\"name\":\"La Migra\u00f1a\"}]},{\"@type\":\"WebSite\",\"@id\":\"https:\/\/galleanosebastian.com.ar\/#website\",\"url\":\"https:\/\/galleanosebastian.com.ar\/\",\"name\":\"Sebasti\u00e1n Pablo Galleano\",\"description\":\"\",\"publisher\":{\"@id\":\"https:\/\/galleanosebastian.com.ar\/#\/schema\/person\/e9e053bc7d61b5b176e446bc0b052f9c\"},\"potentialAction\":[{\"@type\":\"SearchAction\",\"target\":{\"@type\":\"EntryPoint\",\"urlTemplate\":\"https:\/\/galleanosebastian.com.ar\/?s={search_term_string}\"},\"query-input\":{\"@type\":\"PropertyValueSpecification\",\"valueRequired\":true,\"valueName\":\"search_term_string\"}}],\"inLanguage\":\"es\"},{\"@type\":[\"Person\",\"Organization\"],\"@id\":\"https:\/\/galleanosebastian.com.ar\/#\/schema\/person\/e9e053bc7d61b5b176e446bc0b052f9c\",\"name\":\"galleano.sebastian\",\"image\":{\"@type\":\"ImageObject\",\"inLanguage\":\"es\",\"@id\":\"https:\/\/galleanosebastian.com.ar\/#\/schema\/person\/image\/\",\"url\":\"https:\/\/galleanosebastian.com.ar\/wp-content\/uploads\/2023\/11\/cropped-Diseno-sin-titulo-6.png\",\"contentUrl\":\"https:\/\/galleanosebastian.com.ar\/wp-content\/uploads\/2023\/11\/cropped-Diseno-sin-titulo-6.png\",\"width\":250,\"height\":117,\"caption\":\"galleano.sebastian\"},\"logo\":{\"@id\":\"https:\/\/galleanosebastian.com.ar\/#\/schema\/person\/image\/\"},\"sameAs\":[\"https:\/\/galleanosebastian.com.ar\"],\"url\":\"https:\/\/galleanosebastian.com.ar\/index.php\/author\/galleano-sebastian\/\"}]}<\/script>\n<!-- \/ Yoast SEO plugin. -->","yoast_head_json":{"title":"La Migra\u00f1a -","robots":{"index":"index","follow":"follow","max-snippet":"max-snippet:-1","max-image-preview":"max-image-preview:large","max-video-preview":"max-video-preview:-1"},"canonical":"https:\/\/galleanosebastian.com.ar\/index.php\/2022\/12\/08\/la-migrana\/","og_locale":"es_ES","og_type":"article","og_title":"La Migra\u00f1a -","og_description":"Comenzaremos con una breve introducci\u00f3n a trav\u00e9s de una serie de preguntas frecuentes relacionadas con el tema. Para que el lector se interiorice en el conocimiento de esta enfermedad, sus s\u00edntomas, el grado de severidad y consecuencias al que la padece; Donde al final del texto se deduzca la necesidad de un abordaje integral e [&hellip;]","og_url":"https:\/\/galleanosebastian.com.ar\/index.php\/2022\/12\/08\/la-migrana\/","article_published_time":"2022-12-08T13:30:37+00:00","article_modified_time":"2023-12-31T01:50:25+00:00","og_image":[{"width":2560,"height":1280,"url":"https:\/\/galleanosebastian.com.ar\/wp-content\/uploads\/2022\/12\/Diseno-sin-titulo-2-scaled.jpg","type":"image\/jpeg"}],"author":"galleano.sebastian","twitter_card":"summary_large_image","twitter_misc":{"Escrito por":"galleano.sebastian","Tiempo de lectura":"8 minutos"},"schema":{"@context":"https:\/\/schema.org","@graph":[{"@type":"Article","@id":"https:\/\/galleanosebastian.com.ar\/index.php\/2022\/12\/08\/la-migrana\/#article","isPartOf":{"@id":"https:\/\/galleanosebastian.com.ar\/index.php\/2022\/12\/08\/la-migrana\/"},"author":{"name":"galleano.sebastian","@id":"https:\/\/galleanosebastian.com.ar\/#\/schema\/person\/e9e053bc7d61b5b176e446bc0b052f9c"},"headline":"La Migra\u00f1a","datePublished":"2022-12-08T13:30:37+00:00","dateModified":"2023-12-31T01:50:25+00:00","mainEntityOfPage":{"@id":"https:\/\/galleanosebastian.com.ar\/index.php\/2022\/12\/08\/la-migrana\/"},"wordCount":1646,"commentCount":0,"publisher":{"@id":"https:\/\/galleanosebastian.com.ar\/#\/schema\/person\/e9e053bc7d61b5b176e446bc0b052f9c"},"image":{"@id":"https:\/\/galleanosebastian.com.ar\/index.php\/2022\/12\/08\/la-migrana\/#primaryimage"},"thumbnailUrl":"https:\/\/galleanosebastian.com.ar\/wp-content\/uploads\/2022\/12\/Diseno-sin-titulo-2-scaled.jpg","keywords":["ejercicio terap\u00e9utico","fisioterapia","movilidad","recuperaci\u00f3n","terapia manual"],"articleSection":["Asistencia"],"inLanguage":"es","potentialAction":[{"@type":"CommentAction","name":"Comment","target":["https:\/\/galleanosebastian.com.ar\/index.php\/2022\/12\/08\/la-migrana\/#respond"]}]},{"@type":"WebPage","@id":"https:\/\/galleanosebastian.com.ar\/index.php\/2022\/12\/08\/la-migrana\/","url":"https:\/\/galleanosebastian.com.ar\/index.php\/2022\/12\/08\/la-migrana\/","name":"La Migra\u00f1a -","isPartOf":{"@id":"https:\/\/galleanosebastian.com.ar\/#website"},"primaryImageOfPage":{"@id":"https:\/\/galleanosebastian.com.ar\/index.php\/2022\/12\/08\/la-migrana\/#primaryimage"},"image":{"@id":"https:\/\/galleanosebastian.com.ar\/index.php\/2022\/12\/08\/la-migrana\/#primaryimage"},"thumbnailUrl":"https:\/\/galleanosebastian.com.ar\/wp-content\/uploads\/2022\/12\/Diseno-sin-titulo-2-scaled.jpg","datePublished":"2022-12-08T13:30:37+00:00","dateModified":"2023-12-31T01:50:25+00:00","breadcrumb":{"@id":"https:\/\/galleanosebastian.com.ar\/index.php\/2022\/12\/08\/la-migrana\/#breadcrumb"},"inLanguage":"es","potentialAction":[{"@type":"ReadAction","target":["https:\/\/galleanosebastian.com.ar\/index.php\/2022\/12\/08\/la-migrana\/"]}]},{"@type":"ImageObject","inLanguage":"es","@id":"https:\/\/galleanosebastian.com.ar\/index.php\/2022\/12\/08\/la-migrana\/#primaryimage","url":"https:\/\/galleanosebastian.com.ar\/wp-content\/uploads\/2022\/12\/Diseno-sin-titulo-2-scaled.jpg","contentUrl":"https:\/\/galleanosebastian.com.ar\/wp-content\/uploads\/2022\/12\/Diseno-sin-titulo-2-scaled.jpg","width":2560,"height":1280},{"@type":"BreadcrumbList","@id":"https:\/\/galleanosebastian.com.ar\/index.php\/2022\/12\/08\/la-migrana\/#breadcrumb","itemListElement":[{"@type":"ListItem","position":1,"name":"Home","item":"https:\/\/galleanosebastian.com.ar\/"},{"@type":"ListItem","position":2,"name":"La Migra\u00f1a"}]},{"@type":"WebSite","@id":"https:\/\/galleanosebastian.com.ar\/#website","url":"https:\/\/galleanosebastian.com.ar\/","name":"Sebasti\u00e1n Pablo Galleano","description":"","publisher":{"@id":"https:\/\/galleanosebastian.com.ar\/#\/schema\/person\/e9e053bc7d61b5b176e446bc0b052f9c"},"potentialAction":[{"@type":"SearchAction","target":{"@type":"EntryPoint","urlTemplate":"https:\/\/galleanosebastian.com.ar\/?s={search_term_string}"},"query-input":{"@type":"PropertyValueSpecification","valueRequired":true,"valueName":"search_term_string"}}],"inLanguage":"es"},{"@type":["Person","Organization"],"@id":"https:\/\/galleanosebastian.com.ar\/#\/schema\/person\/e9e053bc7d61b5b176e446bc0b052f9c","name":"galleano.sebastian","image":{"@type":"ImageObject","inLanguage":"es","@id":"https:\/\/galleanosebastian.com.ar\/#\/schema\/person\/image\/","url":"https:\/\/galleanosebastian.com.ar\/wp-content\/uploads\/2023\/11\/cropped-Diseno-sin-titulo-6.png","contentUrl":"https:\/\/galleanosebastian.com.ar\/wp-content\/uploads\/2023\/11\/cropped-Diseno-sin-titulo-6.png","width":250,"height":117,"caption":"galleano.sebastian"},"logo":{"@id":"https:\/\/galleanosebastian.com.ar\/#\/schema\/person\/image\/"},"sameAs":["https:\/\/galleanosebastian.com.ar"],"url":"https:\/\/galleanosebastian.com.ar\/index.php\/author\/galleano-sebastian\/"}]}},"_links":{"self":[{"href":"https:\/\/galleanosebastian.com.ar\/index.php\/wp-json\/wp\/v2\/posts\/3075","targetHints":{"allow":["GET"]}}],"collection":[{"href":"https:\/\/galleanosebastian.com.ar\/index.php\/wp-json\/wp\/v2\/posts"}],"about":[{"href":"https:\/\/galleanosebastian.com.ar\/index.php\/wp-json\/wp\/v2\/types\/post"}],"author":[{"embeddable":true,"href":"https:\/\/galleanosebastian.com.ar\/index.php\/wp-json\/wp\/v2\/users\/1"}],"replies":[{"embeddable":true,"href":"https:\/\/galleanosebastian.com.ar\/index.php\/wp-json\/wp\/v2\/comments?post=3075"}],"version-history":[{"count":2,"href":"https:\/\/galleanosebastian.com.ar\/index.php\/wp-json\/wp\/v2\/posts\/3075\/revisions"}],"predecessor-version":[{"id":3437,"href":"https:\/\/galleanosebastian.com.ar\/index.php\/wp-json\/wp\/v2\/posts\/3075\/revisions\/3437"}],"wp:featuredmedia":[{"embeddable":true,"href":"https:\/\/galleanosebastian.com.ar\/index.php\/wp-json\/wp\/v2\/media\/3436"}],"wp:attachment":[{"href":"https:\/\/galleanosebastian.com.ar\/index.php\/wp-json\/wp\/v2\/media?parent=3075"}],"wp:term":[{"taxonomy":"category","embeddable":true,"href":"https:\/\/galleanosebastian.com.ar\/index.php\/wp-json\/wp\/v2\/categories?post=3075"},{"taxonomy":"post_tag","embeddable":true,"href":"https:\/\/galleanosebastian.com.ar\/index.php\/wp-json\/wp\/v2\/tags?post=3075"}],"curies":[{"name":"wp","href":"https:\/\/api.w.org\/{rel}","templated":true}]}}