{"id":3534,"date":"2024-01-06T23:46:13","date_gmt":"2024-01-06T22:46:13","guid":{"rendered":"https:\/\/galleanosebastian.com.ar\/?p=3534"},"modified":"2024-01-06T23:55:41","modified_gmt":"2024-01-06T22:55:41","slug":"entre-vinetas","status":"publish","type":"post","link":"https:\/\/galleanosebastian.com.ar\/index.php\/2024\/01\/06\/entre-vinetas\/","title":{"rendered":"Entre Vi\u00f1etas"},"content":{"rendered":"\t\t<div data-elementor-type=\"wp-post\" data-elementor-id=\"3534\" class=\"elementor elementor-3534\">\n\t\t\t\t<div class=\"elementor-element elementor-element-5755789 e-flex e-con-boxed e-con e-parent\" data-id=\"5755789\" data-element_type=\"container\">\n\t\t\t\t\t<div class=\"e-con-inner\">\n\t\t\t\t<div class=\"elementor-element elementor-element-d9d16ea elementor-widget elementor-widget-heading\" data-id=\"d9d16ea\" data-element_type=\"widget\" data-widget_type=\"heading.default\">\n\t\t\t\t<div class=\"elementor-widget-container\">\n\t\t\t\t\t<h2 class=\"elementor-heading-title elementor-size-default\">La Magia de la Libre Interpretaci\u00f3n en las Tiras C\u00f3micas<\/h2>\t\t\t\t<\/div>\n\t\t\t\t<\/div>\n\t\t\t\t<div class=\"elementor-element elementor-element-e6e448f elementor-widget elementor-widget-image\" data-id=\"e6e448f\" data-element_type=\"widget\" data-widget_type=\"image.default\">\n\t\t\t\t<div class=\"elementor-widget-container\">\n\t\t\t\t\t\t\t\t\t\t\t\t\t\t\t<img fetchpriority=\"high\" decoding=\"async\" width=\"451\" height=\"597\" src=\"https:\/\/galleanosebastian.com.ar\/wp-content\/uploads\/2024\/01\/316546156_145328958258826_7670590117572634923_n.jpg\" class=\"attachment-large size-large wp-image-3536\" alt=\"\" srcset=\"https:\/\/galleanosebastian.com.ar\/wp-content\/uploads\/2024\/01\/316546156_145328958258826_7670590117572634923_n.jpg 451w, https:\/\/galleanosebastian.com.ar\/wp-content\/uploads\/2024\/01\/316546156_145328958258826_7670590117572634923_n-227x300.jpg 227w\" sizes=\"(max-width: 451px) 100vw, 451px\" \/>\t\t\t\t\t\t\t\t\t\t\t\t\t\t\t<\/div>\n\t\t\t\t<\/div>\n\t\t\t\t<div class=\"elementor-element elementor-element-50875e8 elementor-widget elementor-widget-text-editor\" data-id=\"50875e8\" data-element_type=\"widget\" data-widget_type=\"text-editor.default\">\n\t\t\t\t<div class=\"elementor-widget-container\">\n\t\t\t\t\t\t\t\t\t<p>\u00abLa lengua, aunque no tiene huesos los quiebra\u00bb<br \/><br \/>Hay palabras que sanan y otras que matan, como hay t\u00edtulos en la pared y otros en alg\u00fan terreno suburbano aislado. La forma es la esencia y la humanidad es la herramienta. La incomodidad corroe la calidad y perjudica al saber. No existe la profesi\u00f3n sin vocaci\u00f3n, menos a\u00fan, la vida sin amor.<\/p>\t\t\t\t\t\t\t\t<\/div>\n\t\t\t\t<\/div>\n\t\t\t\t<div class=\"elementor-element elementor-element-7b8f021 elementor-widget elementor-widget-image\" data-id=\"7b8f021\" data-element_type=\"widget\" data-widget_type=\"image.default\">\n\t\t\t\t<div class=\"elementor-widget-container\">\n\t\t\t\t\t\t\t\t\t\t\t\t\t\t\t<img decoding=\"async\" width=\"781\" height=\"411\" src=\"https:\/\/galleanosebastian.com.ar\/wp-content\/uploads\/2024\/01\/317281907_145710534887335_5212536680355060666_n.jpg\" class=\"attachment-large size-large wp-image-3538\" alt=\"\" srcset=\"https:\/\/galleanosebastian.com.ar\/wp-content\/uploads\/2024\/01\/317281907_145710534887335_5212536680355060666_n.jpg 781w, https:\/\/galleanosebastian.com.ar\/wp-content\/uploads\/2024\/01\/317281907_145710534887335_5212536680355060666_n-300x158.jpg 300w, https:\/\/galleanosebastian.com.ar\/wp-content\/uploads\/2024\/01\/317281907_145710534887335_5212536680355060666_n-768x404.jpg 768w\" sizes=\"(max-width: 781px) 100vw, 781px\" \/>\t\t\t\t\t\t\t\t\t\t\t\t\t\t\t<\/div>\n\t\t\t\t<\/div>\n\t\t\t\t<div class=\"elementor-element elementor-element-f328c74 elementor-widget elementor-widget-text-editor\" data-id=\"f328c74\" data-element_type=\"widget\" data-widget_type=\"text-editor.default\">\n\t\t\t\t<div class=\"elementor-widget-container\">\n\t\t\t\t\t\t\t\t\t<p>\u201cLas palabras son como las hojas, cuando m\u00e1s abundan pocos frutos hay entre ellas.\u201d<br \/><br \/>Desprovisto de raz\u00f3n y a falta de ilusiones, el predicador s\u00f3lo fomenta voluntad y compromiso. \u201cLeer el car\u00e1cter\u201d es un requisito m\u00e1s a la hora de sugerir una sentencia, dicho sea de paso, un modo de contemplar o sobrellevar el \u00fanico final posible. El enga\u00f1o es no decirlo en voz alta y que lo perciba a trav\u00e9s de los s\u00edntomas. El explorar es el arte en el aprendizaje y el descubrir en la ense\u00f1anza.<\/p>\t\t\t\t\t\t\t\t<\/div>\n\t\t\t\t<\/div>\n\t\t\t\t<div class=\"elementor-element elementor-element-f93c142 elementor-widget elementor-widget-image\" data-id=\"f93c142\" data-element_type=\"widget\" data-widget_type=\"image.default\">\n\t\t\t\t<div class=\"elementor-widget-container\">\n\t\t\t\t\t\t\t\t\t\t\t\t\t\t\t<img decoding=\"async\" width=\"445\" height=\"567\" src=\"https:\/\/galleanosebastian.com.ar\/wp-content\/uploads\/2024\/01\/318034437_146229768168745_8240437006237417978_n.jpg\" class=\"attachment-large size-large wp-image-3539\" alt=\"\" srcset=\"https:\/\/galleanosebastian.com.ar\/wp-content\/uploads\/2024\/01\/318034437_146229768168745_8240437006237417978_n.jpg 445w, https:\/\/galleanosebastian.com.ar\/wp-content\/uploads\/2024\/01\/318034437_146229768168745_8240437006237417978_n-235x300.jpg 235w\" sizes=\"(max-width: 445px) 100vw, 445px\" \/>\t\t\t\t\t\t\t\t\t\t\t\t\t\t\t<\/div>\n\t\t\t\t<\/div>\n\t\t\t\t<div class=\"elementor-element elementor-element-d4c29db elementor-widget elementor-widget-text-editor\" data-id=\"d4c29db\" data-element_type=\"widget\" data-widget_type=\"text-editor.default\">\n\t\t\t\t<div class=\"elementor-widget-container\">\n\t\t\t\t\t\t\t\t\t<p>\u201cEl dinero no es santo; pero hace milagros\u201d.<br \/><br \/>Ansiedad y depresi\u00f3n, dos caras de la misma moneda. El valor nace del mercado y el azar. La cultura de deuda en una sociedad desvalorizada fomenta cadena y l\u00e1tigo. \u201cEl tiempo\u201d tirano y esclavista propone y uno dispone. Para la salud, emblema de la misericordia y la semiolog\u00eda, toma el pulso y acepta tarjeta de cr\u00e9dito<\/p>\t\t\t\t\t\t\t\t<\/div>\n\t\t\t\t<\/div>\n\t\t\t\t<div class=\"elementor-element elementor-element-d972c32 elementor-widget elementor-widget-image\" data-id=\"d972c32\" data-element_type=\"widget\" data-widget_type=\"image.default\">\n\t\t\t\t<div class=\"elementor-widget-container\">\n\t\t\t\t\t\t\t\t\t\t\t\t\t\t\t<img loading=\"lazy\" decoding=\"async\" width=\"408\" height=\"515\" src=\"https:\/\/galleanosebastian.com.ar\/wp-content\/uploads\/2024\/01\/317979593_146687671456288_7193001850685639937_n.jpg\" class=\"attachment-large size-large wp-image-3540\" alt=\"\" srcset=\"https:\/\/galleanosebastian.com.ar\/wp-content\/uploads\/2024\/01\/317979593_146687671456288_7193001850685639937_n.jpg 408w, https:\/\/galleanosebastian.com.ar\/wp-content\/uploads\/2024\/01\/317979593_146687671456288_7193001850685639937_n-238x300.jpg 238w\" sizes=\"(max-width: 408px) 100vw, 408px\" \/>\t\t\t\t\t\t\t\t\t\t\t\t\t\t\t<\/div>\n\t\t\t\t<\/div>\n\t\t\t\t<div class=\"elementor-element elementor-element-dba7d43 elementor-widget elementor-widget-text-editor\" data-id=\"dba7d43\" data-element_type=\"widget\" data-widget_type=\"text-editor.default\">\n\t\t\t\t<div class=\"elementor-widget-container\">\n\t\t\t\t\t\t\t\t\t<p>Vanidad exterior es indicio de pobreza interior.<br \/><br \/>Muchas m\u00e1scaras son meras supervivencias del ideal y no del ser, tipificar o representar es solo un acto, propaganda sin valor y carente de recompensas. La batalla m\u00e1s importante es contra la impotencia y el hacer. La inconsecuencia es la guerra, escuchar es la victoria. Ley inmutable y eterna: \u201cesperar lo inesperado\u201d.<\/p>\t\t\t\t\t\t\t\t<\/div>\n\t\t\t\t<\/div>\n\t\t\t\t<div class=\"elementor-element elementor-element-70ba49e elementor-widget elementor-widget-image\" data-id=\"70ba49e\" data-element_type=\"widget\" data-widget_type=\"image.default\">\n\t\t\t\t<div class=\"elementor-widget-container\">\n\t\t\t\t\t\t\t\t\t\t\t\t\t\t\t<img loading=\"lazy\" decoding=\"async\" width=\"405\" height=\"523\" src=\"https:\/\/galleanosebastian.com.ar\/wp-content\/uploads\/2024\/01\/318205609_146955918096130_4347966881844234664_n.jpg\" class=\"attachment-large size-large wp-image-3541\" alt=\"\" srcset=\"https:\/\/galleanosebastian.com.ar\/wp-content\/uploads\/2024\/01\/318205609_146955918096130_4347966881844234664_n.jpg 405w, https:\/\/galleanosebastian.com.ar\/wp-content\/uploads\/2024\/01\/318205609_146955918096130_4347966881844234664_n-232x300.jpg 232w\" sizes=\"(max-width: 405px) 100vw, 405px\" \/>\t\t\t\t\t\t\t\t\t\t\t\t\t\t\t<\/div>\n\t\t\t\t<\/div>\n\t\t\t\t<div class=\"elementor-element elementor-element-788917a elementor-widget elementor-widget-text-editor\" data-id=\"788917a\" data-element_type=\"widget\" data-widget_type=\"text-editor.default\">\n\t\t\t\t<div class=\"elementor-widget-container\">\n\t\t\t\t\t\t\t\t\t<p>\u201cEl tiempo aclara las cosas\u201d.<br \/><br \/>El tiempo perverso, intolerable y pagano. El protocolo carece de milagros. Curaci\u00f3n y sanaci\u00f3n para la religi\u00f3n. El mito se hace h\u00e1bito en el \u00e1mbito. El destino se hace claro a cada paso. \u00bfC\u00f3mo se llama la obra? \u201cLenguaje forense\u201d.<\/p>\t\t\t\t\t\t\t\t<\/div>\n\t\t\t\t<\/div>\n\t\t\t\t<div class=\"elementor-element elementor-element-44fbd1b elementor-widget elementor-widget-image\" data-id=\"44fbd1b\" data-element_type=\"widget\" data-widget_type=\"image.default\">\n\t\t\t\t<div class=\"elementor-widget-container\">\n\t\t\t\t\t\t\t\t\t\t\t\t\t\t\t<img loading=\"lazy\" decoding=\"async\" width=\"411\" height=\"514\" src=\"https:\/\/galleanosebastian.com.ar\/wp-content\/uploads\/2024\/01\/318426824_147191814739207_2101125651648866998_n.jpg\" class=\"attachment-large size-large wp-image-3542\" alt=\"\" srcset=\"https:\/\/galleanosebastian.com.ar\/wp-content\/uploads\/2024\/01\/318426824_147191814739207_2101125651648866998_n.jpg 411w, https:\/\/galleanosebastian.com.ar\/wp-content\/uploads\/2024\/01\/318426824_147191814739207_2101125651648866998_n-240x300.jpg 240w\" sizes=\"(max-width: 411px) 100vw, 411px\" \/>\t\t\t\t\t\t\t\t\t\t\t\t\t\t\t<\/div>\n\t\t\t\t<\/div>\n\t\t\t\t<div class=\"elementor-element elementor-element-1640d46 elementor-widget elementor-widget-text-editor\" data-id=\"1640d46\" data-element_type=\"widget\" data-widget_type=\"text-editor.default\">\n\t\t\t\t<div class=\"elementor-widget-container\">\n\t\t\t\t\t\t\t\t\t<p>\u201cLa ignorancia es la madre de la felicidad\u201d.<br \/><br \/>La risa: gesto incurable, distinguido e ir\u00f3nico. La tendencia sat\u00edrica se establece seg\u00fan sea el marco social y regula los aspectos m\u00e1s primitivos de la humanidad. Para el rab\u00ed, Jes\u00fas, ser o actuar como un ni\u00f1o era la mejor forma de comprender al Padre que habita en nuestro interior. Al \u201cAMOR\u201d (con may\u00fascula) solo se puede llegar a trav\u00e9s del juego de la duda y la inquietud.<\/p>\t\t\t\t\t\t\t\t<\/div>\n\t\t\t\t<\/div>\n\t\t\t\t<div class=\"elementor-element elementor-element-ebd89ae elementor-widget elementor-widget-image\" data-id=\"ebd89ae\" data-element_type=\"widget\" data-widget_type=\"image.default\">\n\t\t\t\t<div class=\"elementor-widget-container\">\n\t\t\t\t\t\t\t\t\t\t\t\t\t\t\t<img loading=\"lazy\" decoding=\"async\" width=\"434\" height=\"519\" src=\"https:\/\/galleanosebastian.com.ar\/wp-content\/uploads\/2024\/01\/318452304_147371611387894_7177464797631807119_n.jpg\" class=\"attachment-large size-large wp-image-3543\" alt=\"\" srcset=\"https:\/\/galleanosebastian.com.ar\/wp-content\/uploads\/2024\/01\/318452304_147371611387894_7177464797631807119_n.jpg 434w, https:\/\/galleanosebastian.com.ar\/wp-content\/uploads\/2024\/01\/318452304_147371611387894_7177464797631807119_n-251x300.jpg 251w\" sizes=\"(max-width: 434px) 100vw, 434px\" \/>\t\t\t\t\t\t\t\t\t\t\t\t\t\t\t<\/div>\n\t\t\t\t<\/div>\n\t\t\t\t<div class=\"elementor-element elementor-element-e1c79f1 elementor-widget elementor-widget-text-editor\" data-id=\"e1c79f1\" data-element_type=\"widget\" data-widget_type=\"text-editor.default\">\n\t\t\t\t<div class=\"elementor-widget-container\">\n\t\t\t\t\t\t\t\t\t<p>\u201cLa mala no es la herramienta, si no el obrero\u201d.<br \/><br \/>Compasi\u00f3n disfrazada por la modernidad. Automatismo que carece de virtud, pero si de criterio artificial. Efecto placebo desde la est\u00e9tica hasta el dise\u00f1o. Ergon\u00f3mico, tratable y de acceso remoto. Confort para el paciente \u201chu\u00e9rfano\u201d. Dependencia y servilismo, herramientas de la quietud y la ignorancia.<\/p>\t\t\t\t\t\t\t\t<\/div>\n\t\t\t\t<\/div>\n\t\t\t\t<div class=\"elementor-element elementor-element-7805d15 elementor-widget elementor-widget-image\" data-id=\"7805d15\" data-element_type=\"widget\" data-widget_type=\"image.default\">\n\t\t\t\t<div class=\"elementor-widget-container\">\n\t\t\t\t\t\t\t\t\t\t\t\t\t\t\t<img loading=\"lazy\" decoding=\"async\" width=\"469\" height=\"575\" src=\"https:\/\/galleanosebastian.com.ar\/wp-content\/uploads\/2024\/01\/318487001_147636804694708_3474433533807562224_n.jpg\" class=\"attachment-large size-large wp-image-3544\" alt=\"\" srcset=\"https:\/\/galleanosebastian.com.ar\/wp-content\/uploads\/2024\/01\/318487001_147636804694708_3474433533807562224_n.jpg 469w, https:\/\/galleanosebastian.com.ar\/wp-content\/uploads\/2024\/01\/318487001_147636804694708_3474433533807562224_n-245x300.jpg 245w\" sizes=\"(max-width: 469px) 100vw, 469px\" \/>\t\t\t\t\t\t\t\t\t\t\t\t\t\t\t<\/div>\n\t\t\t\t<\/div>\n\t\t\t\t<div class=\"elementor-element elementor-element-37dbac0 elementor-widget elementor-widget-text-editor\" data-id=\"37dbac0\" data-element_type=\"widget\" data-widget_type=\"text-editor.default\">\n\t\t\t\t<div class=\"elementor-widget-container\">\n\t\t\t\t\t\t\t\t\t<p>\u201cLa vida no es un problema para resolver: es un misterio para vivir\u201d.<br \/><br \/>En descomposici\u00f3n y sin soluci\u00f3n es la involuci\u00f3n. La acci\u00f3n provee el sendero del destino incierto. La quietud fomenta la reflexi\u00f3n del pasado y la contemplaci\u00f3n del futuro. Reflejos, sombras y automatismos de base para el presente. La controversia del nacimiento divino distorsiona nuestra realidad. \u201cA imagen y semejanza\u201d, instrumentos del pecado, ruina de lo inesperado: \u201cla vida eterna\u201d.<\/p>\t\t\t\t\t\t\t\t<\/div>\n\t\t\t\t<\/div>\n\t\t\t\t<div class=\"elementor-element elementor-element-d6c7f9f elementor-widget elementor-widget-image\" data-id=\"d6c7f9f\" data-element_type=\"widget\" data-widget_type=\"image.default\">\n\t\t\t\t<div class=\"elementor-widget-container\">\n\t\t\t\t\t\t\t\t\t\t\t\t\t\t\t<img loading=\"lazy\" decoding=\"async\" width=\"631\" height=\"503\" src=\"https:\/\/galleanosebastian.com.ar\/wp-content\/uploads\/2024\/01\/318817717_147886734669715_3224741836991115323_n.jpg\" class=\"attachment-large size-large wp-image-3545\" alt=\"\" srcset=\"https:\/\/galleanosebastian.com.ar\/wp-content\/uploads\/2024\/01\/318817717_147886734669715_3224741836991115323_n.jpg 631w, https:\/\/galleanosebastian.com.ar\/wp-content\/uploads\/2024\/01\/318817717_147886734669715_3224741836991115323_n-300x239.jpg 300w\" sizes=\"(max-width: 631px) 100vw, 631px\" \/>\t\t\t\t\t\t\t\t\t\t\t\t\t\t\t<\/div>\n\t\t\t\t<\/div>\n\t\t\t\t<div class=\"elementor-element elementor-element-29a15c5 elementor-widget elementor-widget-text-editor\" data-id=\"29a15c5\" data-element_type=\"widget\" data-widget_type=\"text-editor.default\">\n\t\t\t\t<div class=\"elementor-widget-container\">\n\t\t\t\t\t\t\t\t\t<div class=\"xyamay9 x1pi30zi xsag5q8 x1swvt13\"><div><div class=\"xyinxu5 x4uap5 x1g2khh7 xkhd6sd\"><span class=\"x193iq5w xeuugli x13faqbe x1vvkbs x1xmvt09 x1lliihq x1s928wv xhkezso x1gmr53x x1cpjm7i x1fgarty x1943h6x xudqn12 x3x7a5m x6prxxf xvq8zen xo1l8bm xzsf02u\" dir=\"auto\">\u201cDe las carreras nada queda, solo el cansancio\u201d.<br \/><br \/>Esquema c\u00f3mplice y circunstancial que lleva al acad\u00e9mico a los brazos de Morfeo. Provisto de vocaci\u00f3n sufre por compasi\u00f3n. Demostrar que el cansancio es un mal menor de la profesi\u00f3n es una virtud que termina siendo el ideal, eje representativo de las instituciones sanitarias. El estigma corroe, se expande y pr\u00f3ximamente ser\u00e1 una epidemia. Posible soluci\u00f3n al dilema: \u201cprimum non nocere\u201d.<\/span><\/div><\/div><\/div><div><div><div class=\"x1fqkajt x1aj7aux x1axty5n x1uuop16\"><div class=\"x9f619 x1n2onr6 x1ja2u2z x78zum5 x2lah0s x1qughib x1qjc9v5 xozqiw3 x1q0g3np xjkvuk6 x1iorvi4 x4cne27 xifccgj\"><div class=\"x9f619 x1n2onr6 x1ja2u2z x78zum5 xdt5ytf x193iq5w xeuugli x1r8uery x1iyjqo2 xs83m0k x10b6aqq x1yrsyyn\"><div class=\"x1i10hfl x1qjc9v5 xjbqb8w xjqpnuy xa49m3k xqeqjp1 x2hbi6w x13fuv20 xu3j5b3 x1q0q8m5 x26u7qi x972fbf xcfux6l x1qhh985 xm0m39n x9f619 x1ypdohk xdl72j9 x2lah0s xe8uvvx xdj266r x11i5rnm xat24cr x1mh8g0r x2lwn1j xeuugli xexx8yu x4uap5 x18d9i69 xkhd6sd x1n2onr6 x16tdsg8 x1hl2dhg xggy1nq x1ja2u2z x1t137rt x1o1ewxj x3x9cwd x1e5q0jg x13rtm0m x3nfvp2 x1q0g3np x87ps6o x1lku1pv x1a2a7pz\" tabindex=\"0\" role=\"button\" aria-label=\"Env\u00edalo a amigos o publ\u00edcalo en tu biograf\u00eda.\"><div class=\"x1o1ewxj x3x9cwd x1e5q0jg x13rtm0m x1ey2m1c xds687c xg01cxk x47corl x10l6tqk x17qophe x13vifvy x1ebt8du x19991ni x1dhq9h\" role=\"none\" data-visualcompletion=\"ignore\">\u00a0<\/div><\/div><\/div><\/div><\/div><\/div><\/div>\t\t\t\t\t\t\t\t<\/div>\n\t\t\t\t<\/div>\n\t\t\t\t<div class=\"elementor-element elementor-element-28e785b elementor-widget elementor-widget-image\" data-id=\"28e785b\" data-element_type=\"widget\" data-widget_type=\"image.default\">\n\t\t\t\t<div class=\"elementor-widget-container\">\n\t\t\t\t\t\t\t\t\t\t\t\t\t\t\t<img loading=\"lazy\" decoding=\"async\" width=\"349\" height=\"571\" src=\"https:\/\/galleanosebastian.com.ar\/wp-content\/uploads\/2024\/01\/319724805_727434471707479_7092496646507237844_n.jpg\" class=\"attachment-large size-large wp-image-3546\" alt=\"\" srcset=\"https:\/\/galleanosebastian.com.ar\/wp-content\/uploads\/2024\/01\/319724805_727434471707479_7092496646507237844_n.jpg 349w, https:\/\/galleanosebastian.com.ar\/wp-content\/uploads\/2024\/01\/319724805_727434471707479_7092496646507237844_n-183x300.jpg 183w\" sizes=\"(max-width: 349px) 100vw, 349px\" \/>\t\t\t\t\t\t\t\t\t\t\t\t\t\t\t<\/div>\n\t\t\t\t<\/div>\n\t\t\t\t<div class=\"elementor-element elementor-element-b9ec9f2 elementor-widget elementor-widget-text-editor\" data-id=\"b9ec9f2\" data-element_type=\"widget\" data-widget_type=\"text-editor.default\">\n\t\t\t\t<div class=\"elementor-widget-container\">\n\t\t\t\t\t\t\t\t\t<p>\u201cAunque la jaula sea de oro, no deja de ser prisi\u00f3n\u201d.<br \/><br \/>Invirtiendo en gratitud modificando el valor del art\u00edculo, es la intenci\u00f3n de su creaci\u00f3n. Lo ideal es que alcance a todos. Rinc\u00f3n desprovisto de conciencia, donde abundan recetas y t\u00e9cnicas de trazo seg\u00fan la cotizaci\u00f3n. Bajo anestesia se confiesa, pero al bistur\u00ed se reza. La moral castiga bajo demanda de una sociedad h\u00edbrida. Nativa del consumo, no ofrece recompensa y no fomenta el buen juicio. Nicho de demandas para el derecho procesal.<\/p>\t\t\t\t\t\t\t\t<\/div>\n\t\t\t\t<\/div>\n\t\t\t\t<div class=\"elementor-element elementor-element-7cdecd5 elementor-widget elementor-widget-image\" data-id=\"7cdecd5\" data-element_type=\"widget\" data-widget_type=\"image.default\">\n\t\t\t\t<div class=\"elementor-widget-container\">\n\t\t\t\t\t\t\t\t\t\t\t\t\t\t\t<img loading=\"lazy\" decoding=\"async\" width=\"453\" height=\"569\" src=\"https:\/\/galleanosebastian.com.ar\/wp-content\/uploads\/2024\/01\/319997002_681568110248121_6100824652529443424_n.jpg\" class=\"attachment-large size-large wp-image-3547\" alt=\"\" srcset=\"https:\/\/galleanosebastian.com.ar\/wp-content\/uploads\/2024\/01\/319997002_681568110248121_6100824652529443424_n.jpg 453w, https:\/\/galleanosebastian.com.ar\/wp-content\/uploads\/2024\/01\/319997002_681568110248121_6100824652529443424_n-239x300.jpg 239w\" sizes=\"(max-width: 453px) 100vw, 453px\" \/>\t\t\t\t\t\t\t\t\t\t\t\t\t\t\t<\/div>\n\t\t\t\t<\/div>\n\t\t\t\t<div class=\"elementor-element elementor-element-fab2b93 elementor-widget elementor-widget-text-editor\" data-id=\"fab2b93\" data-element_type=\"widget\" data-widget_type=\"text-editor.default\">\n\t\t\t\t<div class=\"elementor-widget-container\">\n\t\t\t\t\t\t\t\t\t<p>\u201cEl \u00e9xito es la realizaci\u00f3n progresiva de un sue\u00f1o\u201d.<br \/><br \/>La pesadilla de todo enfermo, el eterno sue\u00f1o. Batalla desleal contra el destino incierto. Relatos fantasiosos durante el despertar. Recuerdos de probabilidades del deseo inconsciente. Un gesto de compresi\u00f3n ofrece el doctor, una teor\u00eda el fil\u00f3sofo y un dogma el pont\u00edfice. \u201cLa tregua\u201d, \u201cel regalo\u201d, \u201cla vida\u201d.<\/p>\t\t\t\t\t\t\t\t<\/div>\n\t\t\t\t<\/div>\n\t\t\t\t<div class=\"elementor-element elementor-element-2ab3946 elementor-widget elementor-widget-image\" data-id=\"2ab3946\" data-element_type=\"widget\" data-widget_type=\"image.default\">\n\t\t\t\t<div class=\"elementor-widget-container\">\n\t\t\t\t\t\t\t\t\t\t\t\t\t\t\t<img loading=\"lazy\" decoding=\"async\" width=\"463\" height=\"547\" src=\"https:\/\/galleanosebastian.com.ar\/wp-content\/uploads\/2024\/01\/320111746_1205148993736350_5158934783815893885_n.jpg\" class=\"attachment-large size-large wp-image-3548\" alt=\"\" srcset=\"https:\/\/galleanosebastian.com.ar\/wp-content\/uploads\/2024\/01\/320111746_1205148993736350_5158934783815893885_n.jpg 463w, https:\/\/galleanosebastian.com.ar\/wp-content\/uploads\/2024\/01\/320111746_1205148993736350_5158934783815893885_n-254x300.jpg 254w\" sizes=\"(max-width: 463px) 100vw, 463px\" \/>\t\t\t\t\t\t\t\t\t\t\t\t\t\t\t<\/div>\n\t\t\t\t<\/div>\n\t\t\t\t<div class=\"elementor-element elementor-element-1b765be elementor-widget elementor-widget-text-editor\" data-id=\"1b765be\" data-element_type=\"widget\" data-widget_type=\"text-editor.default\">\n\t\t\t\t<div class=\"elementor-widget-container\">\n\t\t\t\t\t\t\t\t\t<p>\u201cSe cuenta el milagro, pero no el santo\u201d.<br \/><br \/>Relato falso que responde a las necesidades o inquietudes de las masas. Ejerce atracci\u00f3n en los fieles espectadores. El no conocer el truco lo hace m\u00e1gico. El \u00e9xito depende de la distracci\u00f3n. Emulaci\u00f3n heroica como parte del entretenimiento. La propaganda nace del entendimiento, no de la situaci\u00f3n. Dentro del protocolo, \u201cel efecto placebo\u00bb.<\/p>\t\t\t\t\t\t\t\t<\/div>\n\t\t\t\t<\/div>\n\t\t\t\t<div class=\"elementor-element elementor-element-df1cb74 elementor-widget elementor-widget-image\" data-id=\"df1cb74\" data-element_type=\"widget\" data-widget_type=\"image.default\">\n\t\t\t\t<div class=\"elementor-widget-container\">\n\t\t\t\t\t\t\t\t\t\t\t\t\t\t\t<img loading=\"lazy\" decoding=\"async\" width=\"465\" height=\"591\" src=\"https:\/\/galleanosebastian.com.ar\/wp-content\/uploads\/2024\/01\/320580154_1350875289033114_2488400907564537842_n.jpg\" class=\"attachment-large size-large wp-image-3549\" alt=\"\" srcset=\"https:\/\/galleanosebastian.com.ar\/wp-content\/uploads\/2024\/01\/320580154_1350875289033114_2488400907564537842_n.jpg 465w, https:\/\/galleanosebastian.com.ar\/wp-content\/uploads\/2024\/01\/320580154_1350875289033114_2488400907564537842_n-236x300.jpg 236w\" sizes=\"(max-width: 465px) 100vw, 465px\" \/>\t\t\t\t\t\t\t\t\t\t\t\t\t\t\t<\/div>\n\t\t\t\t<\/div>\n\t\t\t\t<div class=\"elementor-element elementor-element-39f7766 elementor-widget elementor-widget-text-editor\" data-id=\"39f7766\" data-element_type=\"widget\" data-widget_type=\"text-editor.default\">\n\t\t\t\t<div class=\"elementor-widget-container\">\n\t\t\t\t\t\t\t\t\t<p>\u201cCriticar es m\u00e1s f\u00e1cil que imitar\u201d.<br \/><br \/>El especialista, es el que todo lo sabe y de todos se aleja. El observador, es el que todo disfruta y de todos aprende. El cr\u00edtico, es al que todo le sirve y al que todos rechazan. El religioso, es ante todo sermones y al que todos ignoran. El orador, es el que todo argumenta y al que todos olvidan. El m\u00fasico, es el que todo escucha y al que todos recuerdan. El creador, es el que a todos une y en todos se siente<\/p>\t\t\t\t\t\t\t\t<\/div>\n\t\t\t\t<\/div>\n\t\t\t\t<div class=\"elementor-element elementor-element-aa93057 elementor-widget elementor-widget-image\" data-id=\"aa93057\" data-element_type=\"widget\" data-widget_type=\"image.default\">\n\t\t\t\t<div class=\"elementor-widget-container\">\n\t\t\t\t\t\t\t\t\t\t\t\t\t\t\t<img loading=\"lazy\" decoding=\"async\" width=\"723\" height=\"543\" src=\"https:\/\/galleanosebastian.com.ar\/wp-content\/uploads\/2024\/01\/320666641_1803357803377704_8231881349147315920_n.jpg\" class=\"attachment-large size-large wp-image-3550\" alt=\"\" srcset=\"https:\/\/galleanosebastian.com.ar\/wp-content\/uploads\/2024\/01\/320666641_1803357803377704_8231881349147315920_n.jpg 723w, https:\/\/galleanosebastian.com.ar\/wp-content\/uploads\/2024\/01\/320666641_1803357803377704_8231881349147315920_n-300x225.jpg 300w\" sizes=\"(max-width: 723px) 100vw, 723px\" \/>\t\t\t\t\t\t\t\t\t\t\t\t\t\t\t<\/div>\n\t\t\t\t<\/div>\n\t\t\t\t<div class=\"elementor-element elementor-element-ee175b0 elementor-widget elementor-widget-text-editor\" data-id=\"ee175b0\" data-element_type=\"widget\" data-widget_type=\"text-editor.default\">\n\t\t\t\t<div class=\"elementor-widget-container\">\n\t\t\t\t\t\t\t\t\t<p>\u201cPara pelear se necesitan dos\u201d.<br \/><br \/>La raz\u00f3n se pierde cuando uno de valor carece. El di\u00e1logo es el don que el profesional en el futuro deber\u00e1 fomentar, con la intenci\u00f3n de vender y no de curar. El paciente\/cliente es un hecho concreto, una prima y un sueldo, una prestaci\u00f3n por una atenci\u00f3n. Prestar \u201cel saber\u201d no debe considerarse bajo un aspecto laboral de relaci\u00f3n de dependencia. El desvincular la responsabilidad de dicha atenci\u00f3n, solo produce el deterioro de la profesi\u00f3n. El que paga no consume, el que consume no paga, el que cobra no atiende y el que asiste no gana.\u00a0<\/p>\t\t\t\t\t\t\t\t<\/div>\n\t\t\t\t<\/div>\n\t\t\t\t<div class=\"elementor-element elementor-element-b1cf1cb elementor-widget elementor-widget-image\" data-id=\"b1cf1cb\" data-element_type=\"widget\" data-widget_type=\"image.default\">\n\t\t\t\t<div class=\"elementor-widget-container\">\n\t\t\t\t\t\t\t\t\t\t\t\t\t\t\t<img loading=\"lazy\" decoding=\"async\" width=\"412\" height=\"536\" src=\"https:\/\/galleanosebastian.com.ar\/wp-content\/uploads\/2024\/01\/320613190_1029151864710621_8481035008064661200_n.jpg\" class=\"attachment-large size-large wp-image-3551\" alt=\"\" srcset=\"https:\/\/galleanosebastian.com.ar\/wp-content\/uploads\/2024\/01\/320613190_1029151864710621_8481035008064661200_n.jpg 412w, https:\/\/galleanosebastian.com.ar\/wp-content\/uploads\/2024\/01\/320613190_1029151864710621_8481035008064661200_n-231x300.jpg 231w\" sizes=\"(max-width: 412px) 100vw, 412px\" \/>\t\t\t\t\t\t\t\t\t\t\t\t\t\t\t<\/div>\n\t\t\t\t<\/div>\n\t\t\t\t<div class=\"elementor-element elementor-element-febf874 elementor-widget elementor-widget-text-editor\" data-id=\"febf874\" data-element_type=\"widget\" data-widget_type=\"text-editor.default\">\n\t\t\t\t<div class=\"elementor-widget-container\">\n\t\t\t\t\t\t\t\t\t<p>\u201cM\u00e1s cura una dieta que diez recetas\u201d.<br \/><br \/>Profesional de la vieja escuela, quien pregunta y propone dieta. Conserva amor por la humanidad y la simpleza de la vida. Conocedor del mal y de la misericordia. De la \u00e9poca de las ceremonias, hoy muy pocos quedan. Contempor\u00e1neos son, los de la ideolog\u00eda del \u201cdescarte\u201d, de la causa y efecto. Sin raz\u00f3n y compasi\u00f3n, argumentan las bases de los prospectos sin hablar de los efectos adversos.<\/p>\t\t\t\t\t\t\t\t<\/div>\n\t\t\t\t<\/div>\n\t\t\t\t<div class=\"elementor-element elementor-element-ba810ce elementor-widget elementor-widget-image\" data-id=\"ba810ce\" data-element_type=\"widget\" data-widget_type=\"image.default\">\n\t\t\t\t<div class=\"elementor-widget-container\">\n\t\t\t\t\t\t\t\t\t\t\t\t\t\t\t<img loading=\"lazy\" decoding=\"async\" width=\"853\" height=\"461\" src=\"https:\/\/galleanosebastian.com.ar\/wp-content\/uploads\/2024\/01\/320942591_5710805288997514_6554794117998726845_n-1.jpg\" class=\"attachment-large size-large wp-image-3552\" alt=\"\" srcset=\"https:\/\/galleanosebastian.com.ar\/wp-content\/uploads\/2024\/01\/320942591_5710805288997514_6554794117998726845_n-1.jpg 853w, https:\/\/galleanosebastian.com.ar\/wp-content\/uploads\/2024\/01\/320942591_5710805288997514_6554794117998726845_n-1-300x162.jpg 300w, https:\/\/galleanosebastian.com.ar\/wp-content\/uploads\/2024\/01\/320942591_5710805288997514_6554794117998726845_n-1-768x415.jpg 768w\" sizes=\"(max-width: 853px) 100vw, 853px\" \/>\t\t\t\t\t\t\t\t\t\t\t\t\t\t\t<\/div>\n\t\t\t\t<\/div>\n\t\t\t\t<div class=\"elementor-element elementor-element-5d74703 elementor-widget elementor-widget-text-editor\" data-id=\"5d74703\" data-element_type=\"widget\" data-widget_type=\"text-editor.default\">\n\t\t\t\t<div class=\"elementor-widget-container\">\n\t\t\t\t\t\t\t\t\t<p>\u201cCon mucho porfiar, se pierde la verdad\u201d.<br \/><br \/>Confirmar los errores son la base de la discusi\u00f3n y \u201cel grito\u201d siempre lleva la raz\u00f3n. Grave perjurio comete el que se somete por compasi\u00f3n a la obstinaci\u00f3n. No por ignorancia sino por amor sufre el saber y el coraz\u00f3n. Si el silogismo es la premisa de la verdad, no hay criterio para dialogar. Las variables y los factores sustentan la oposici\u00f3n del conocimiento. Ayudar a creer es la base de la religi\u00f3n, creer que ayudamos es de la profesi\u00f3n.<\/p>\t\t\t\t\t\t\t\t<\/div>\n\t\t\t\t<\/div>\n\t\t\t\t<div class=\"elementor-element elementor-element-4506475 elementor-widget elementor-widget-image\" data-id=\"4506475\" data-element_type=\"widget\" data-widget_type=\"image.default\">\n\t\t\t\t<div class=\"elementor-widget-container\">\n\t\t\t\t\t\t\t\t\t\t\t\t\t\t\t<img loading=\"lazy\" decoding=\"async\" width=\"241\" height=\"585\" src=\"https:\/\/galleanosebastian.com.ar\/wp-content\/uploads\/2024\/01\/320534934_600560005164468_806974537473729291_n.jpg\" class=\"attachment-large size-large wp-image-3553\" alt=\"\" srcset=\"https:\/\/galleanosebastian.com.ar\/wp-content\/uploads\/2024\/01\/320534934_600560005164468_806974537473729291_n.jpg 241w, https:\/\/galleanosebastian.com.ar\/wp-content\/uploads\/2024\/01\/320534934_600560005164468_806974537473729291_n-124x300.jpg 124w\" sizes=\"(max-width: 241px) 100vw, 241px\" \/>\t\t\t\t\t\t\t\t\t\t\t\t\t\t\t<\/div>\n\t\t\t\t<\/div>\n\t\t\t\t<div class=\"elementor-element elementor-element-efff4ac elementor-widget elementor-widget-text-editor\" data-id=\"efff4ac\" data-element_type=\"widget\" data-widget_type=\"text-editor.default\">\n\t\t\t\t<div class=\"elementor-widget-container\">\n\t\t\t\t\t\t\t\t\t<p>\u201cNo hables si lo que vas a decir no es m\u00e1s hermoso que el silencio\u201d.<br \/><br \/>Explicaciones y experiencias son parte de la disertaci\u00f3n, originarias del ego y carentes de raz\u00f3n. La amplitud y la modulaci\u00f3n son variables de la pasi\u00f3n y tapones para la reflexi\u00f3n. La comunicaci\u00f3n se da por medio de gestos y la expresi\u00f3n. La palabra es \u201cla herramienta\u201d y el idioma \u201cla instrumentaci\u00f3n\u201d. Saber escuchar es un don, entender una virtud e ignorar una profesi\u00f3n.<\/p>\t\t\t\t\t\t\t\t<\/div>\n\t\t\t\t<\/div>\n\t\t\t\t<div class=\"elementor-element elementor-element-b49933f elementor-widget elementor-widget-image\" data-id=\"b49933f\" data-element_type=\"widget\" data-widget_type=\"image.default\">\n\t\t\t\t<div class=\"elementor-widget-container\">\n\t\t\t\t\t\t\t\t\t\t\t\t\t\t\t<img loading=\"lazy\" decoding=\"async\" width=\"391\" height=\"513\" src=\"https:\/\/galleanosebastian.com.ar\/wp-content\/uploads\/2024\/01\/320585764_2507394102751618_3381777226219411182_n.jpg\" class=\"attachment-large size-large wp-image-3554\" alt=\"\" srcset=\"https:\/\/galleanosebastian.com.ar\/wp-content\/uploads\/2024\/01\/320585764_2507394102751618_3381777226219411182_n.jpg 391w, https:\/\/galleanosebastian.com.ar\/wp-content\/uploads\/2024\/01\/320585764_2507394102751618_3381777226219411182_n-229x300.jpg 229w\" sizes=\"(max-width: 391px) 100vw, 391px\" \/>\t\t\t\t\t\t\t\t\t\t\t\t\t\t\t<\/div>\n\t\t\t\t<\/div>\n\t\t\t\t<div class=\"elementor-element elementor-element-87bfa55 elementor-widget elementor-widget-text-editor\" data-id=\"87bfa55\" data-element_type=\"widget\" data-widget_type=\"text-editor.default\">\n\t\t\t\t<div class=\"elementor-widget-container\">\n\t\t\t\t\t\t\t\t\t<p>\u201cM\u00e1s vale estar solo, que mal acompa\u00f1ado\u201d.<br \/><br \/>La imaginaci\u00f3n y el deseo distorsionan la realidad. Maestros casados con su vocaci\u00f3n y divorciados de toda pasi\u00f3n. Sufren la transferencia negativa de los reclamos del ego\u00edsmo. Ignorancia insaciable fomentada por el populismo. Se exigen derechos y juzgan por el bolsillo. Reducido a lo primitivo, la reclusi\u00f3n es el camino. Se mat\u00f3 en nombre de Dios, se enga\u00f1\u00f3 con \u00abla salvaci\u00f3n\u00bb y ahora confunden con la inclusi\u00f3n.<\/p>\t\t\t\t\t\t\t\t<\/div>\n\t\t\t\t<\/div>\n\t\t\t\t<div class=\"elementor-element elementor-element-dec70e8 elementor-widget elementor-widget-image\" data-id=\"dec70e8\" data-element_type=\"widget\" data-widget_type=\"image.default\">\n\t\t\t\t<div class=\"elementor-widget-container\">\n\t\t\t\t\t\t\t\t\t\t\t\t\t\t\t<img loading=\"lazy\" decoding=\"async\" width=\"455\" height=\"595\" src=\"https:\/\/galleanosebastian.com.ar\/wp-content\/uploads\/2024\/01\/319921547_613016437244631_4221102467963337328_n.jpg\" class=\"attachment-large size-large wp-image-3555\" alt=\"\" srcset=\"https:\/\/galleanosebastian.com.ar\/wp-content\/uploads\/2024\/01\/319921547_613016437244631_4221102467963337328_n.jpg 455w, https:\/\/galleanosebastian.com.ar\/wp-content\/uploads\/2024\/01\/319921547_613016437244631_4221102467963337328_n-229x300.jpg 229w\" sizes=\"(max-width: 455px) 100vw, 455px\" \/>\t\t\t\t\t\t\t\t\t\t\t\t\t\t\t<\/div>\n\t\t\t\t<\/div>\n\t\t\t\t<div class=\"elementor-element elementor-element-d33e470 elementor-widget elementor-widget-text-editor\" data-id=\"d33e470\" data-element_type=\"widget\" data-widget_type=\"text-editor.default\">\n\t\t\t\t<div class=\"elementor-widget-container\">\n\t\t\t\t\t\t\t\t\t<p>\u201cEs peor el remedio que la enfermedad\u201d.<br \/><br \/>Sujetos aislados y en silencio, comprenden la triada. La tos imperativa y seca, el padre. El calor febril del contagio, el hijo. La ausencia del aliento por el contacto, el esp\u00edritu santo. Rogamos ahora y en la hora, compromiso y comprensi\u00f3n. Crucificado sea tu destino, venga la incoherencia y h\u00e1gase la voluntad de los cretinos. No nos dejes caer en la depresi\u00f3n y libranos de toda cordura. Timen!<\/p>\t\t\t\t\t\t\t\t<\/div>\n\t\t\t\t<\/div>\n\t\t\t\t<div class=\"elementor-element elementor-element-4701e5f elementor-widget elementor-widget-image\" data-id=\"4701e5f\" data-element_type=\"widget\" data-widget_type=\"image.default\">\n\t\t\t\t<div class=\"elementor-widget-container\">\n\t\t\t\t\t\t\t\t\t\t\t\t\t\t\t<img loading=\"lazy\" decoding=\"async\" width=\"393\" height=\"521\" src=\"https:\/\/galleanosebastian.com.ar\/wp-content\/uploads\/2024\/01\/321495744_670622104962651_2027738919286619145_n.jpg\" class=\"attachment-large size-large wp-image-3556\" alt=\"\" srcset=\"https:\/\/galleanosebastian.com.ar\/wp-content\/uploads\/2024\/01\/321495744_670622104962651_2027738919286619145_n.jpg 393w, https:\/\/galleanosebastian.com.ar\/wp-content\/uploads\/2024\/01\/321495744_670622104962651_2027738919286619145_n-226x300.jpg 226w\" sizes=\"(max-width: 393px) 100vw, 393px\" \/>\t\t\t\t\t\t\t\t\t\t\t\t\t\t\t<\/div>\n\t\t\t\t<\/div>\n\t\t\t\t<div class=\"elementor-element elementor-element-444df65 elementor-widget elementor-widget-text-editor\" data-id=\"444df65\" data-element_type=\"widget\" data-widget_type=\"text-editor.default\">\n\t\t\t\t<div class=\"elementor-widget-container\">\n\t\t\t\t\t\t\t\t\t<p>\u201cDura el nombre m\u00e1s que el hombre\u201d.<br \/><br \/>Incompleto y mortal, el hombre. Maleable simpat\u00eda y condici\u00f3n, la ambici\u00f3n. Codicioso y organizado, el benefactor. Propicio y recurrente, el paciente. Escucha y prerrogativa, la evaluaci\u00f3n. Inmoral y difuso, el recurso. Transcendental e incoherente, el diagn\u00f3stico. Perverso y \u00fanico, el tratamiento. Ser deforme el sin nombre..<\/p>\t\t\t\t\t\t\t\t<\/div>\n\t\t\t\t<\/div>\n\t\t\t\t<div class=\"elementor-element elementor-element-2b6f943 elementor-widget elementor-widget-image\" data-id=\"2b6f943\" data-element_type=\"widget\" data-widget_type=\"image.default\">\n\t\t\t\t<div class=\"elementor-widget-container\">\n\t\t\t\t\t\t\t\t\t\t\t\t\t\t\t<img loading=\"lazy\" decoding=\"async\" width=\"389\" height=\"515\" src=\"https:\/\/galleanosebastian.com.ar\/wp-content\/uploads\/2024\/01\/320607198_1208376140095486_8438720317738342356_n.jpg\" class=\"attachment-large size-large wp-image-3557\" alt=\"\" srcset=\"https:\/\/galleanosebastian.com.ar\/wp-content\/uploads\/2024\/01\/320607198_1208376140095486_8438720317738342356_n.jpg 389w, https:\/\/galleanosebastian.com.ar\/wp-content\/uploads\/2024\/01\/320607198_1208376140095486_8438720317738342356_n-227x300.jpg 227w\" sizes=\"(max-width: 389px) 100vw, 389px\" \/>\t\t\t\t\t\t\t\t\t\t\t\t\t\t\t<\/div>\n\t\t\t\t<\/div>\n\t\t\t\t<div class=\"elementor-element elementor-element-c3629d0 elementor-widget elementor-widget-text-editor\" data-id=\"c3629d0\" data-element_type=\"widget\" data-widget_type=\"text-editor.default\">\n\t\t\t\t<div class=\"elementor-widget-container\">\n\t\t\t\t\t\t\t\t\t<p>\u201cEntre locos me met\u00ed, y lo que fuere de ellos ser\u00e1 de mi\u201d.<br \/><br \/>Actitud mental en decadencia, la asistencia. Carente de paciencia y sentido de pertenencia. Palabras ajenas fomentan la voluntad. Respuestas inciertas alimentan la necesidad. Existencias inadmisibles confunden la realidad. Incoherencia permanente desestima la legitimidad. El silencio eterno provee la felicidad.<\/p>\t\t\t\t\t\t\t\t<\/div>\n\t\t\t\t<\/div>\n\t\t\t\t\t<\/div>\n\t\t\t\t<\/div>\n\t\t\t\t<\/div>\n\t\t","protected":false},"excerpt":{"rendered":"<p>La Magia de la Libre Interpretaci\u00f3n en las Tiras C\u00f3micas \u00abLa lengua, aunque no tiene huesos los quiebra\u00bb Hay palabras que sanan y otras que matan, como hay t\u00edtulos en la pared y otros en alg\u00fan terreno suburbano aislado. La forma es la esencia y la humanidad es la herramienta. La incomodidad corroe la calidad [&hellip;]<\/p>\n","protected":false},"author":1,"featured_media":3546,"comment_status":"open","ping_status":"open","sticky":false,"template":"","format":"standard","meta":{"site-sidebar-layout":"default","site-content-layout":"","ast-site-content-layout":"","site-content-style":"default","site-sidebar-style":"default","ast-global-header-display":"","ast-banner-title-visibility":"","ast-main-header-display":"","ast-hfb-above-header-display":"","ast-hfb-below-header-display":"","ast-hfb-mobile-header-display":"","site-post-title":"","ast-breadcrumbs-content":"","ast-featured-img":"","footer-sml-layout":"","theme-transparent-header-meta":"","adv-header-id-meta":"","stick-header-meta":"","header-above-stick-meta":"","header-main-stick-meta":"","header-below-stick-meta":"","astra-migrate-meta-layouts":"default","ast-page-background-enabled":"default","ast-page-background-meta":{"desktop":{"background-color":"var(--ast-global-color-4)","background-image":"","background-repeat":"repeat","background-position":"center center","background-size":"auto","background-attachment":"scroll","background-type":"","background-media":"","overlay-type":"","overlay-color":"","overlay-opacity":"","overlay-gradient":""},"tablet":{"background-color":"","background-image":"","background-repeat":"repeat","background-position":"center center","background-size":"auto","background-attachment":"scroll","background-type":"","background-media":"","overlay-type":"","overlay-color":"","overlay-opacity":"","overlay-gradient":""},"mobile":{"background-color":"","background-image":"","background-repeat":"repeat","background-position":"center center","background-size":"auto","background-attachment":"scroll","background-type":"","background-media":"","overlay-type":"","overlay-color":"","overlay-opacity":"","overlay-gradient":""}},"ast-content-background-meta":{"desktop":{"background-color":"var(--ast-global-color-5)","background-image":"","background-repeat":"repeat","background-position":"center center","background-size":"auto","background-attachment":"scroll","background-type":"","background-media":"","overlay-type":"","overlay-color":"","overlay-opacity":"","overlay-gradient":""},"tablet":{"background-color":"var(--ast-global-color-5)","background-image":"","background-repeat":"repeat","background-position":"center center","background-size":"auto","background-attachment":"scroll","background-type":"","background-media":"","overlay-type":"","overlay-color":"","overlay-opacity":"","overlay-gradient":""},"mobile":{"background-color":"var(--ast-global-color-5)","background-image":"","background-repeat":"repeat","background-position":"center center","background-size":"auto","background-attachment":"scroll","background-type":"","background-media":"","overlay-type":"","overlay-color":"","overlay-opacity":"","overlay-gradient":""}},"footnotes":"","_wpscppro_custom_social_share_image":0,"_facebook_share_type":"","_twitter_share_type":"","_linkedin_share_type":"","_pinterest_share_type":"","_linkedin_share_type_page":"","_instagram_share_type":"","_medium_share_type":"","_threads_share_type":"","_selected_social_profile":[]},"categories":[4],"tags":[122,115,127,124,126,123,128,118,125,117,129,116,120,121,119],"class_list":["post-3534","post","type-post","status-publish","format-standard","has-post-thumbnail","hentry","category-libre-interpretacion","tag-alimentacionsaludable","tag-bienestarintegral","tag-cuidadopersonalizado","tag-enfoqueholistico","tag-estilodevidasano","tag-innovacionsanitaria","tag-longevidadsaludable","tag-medicinapersonalizada","tag-medicinapreventiva","tag-prevencionprimaria","tag-saludconectada","tag-saluddigital","tag-saludmental","tag-tecnologiamedica","tag-vidaactiva"],"yoast_head":"<!-- This site is optimized with the Yoast SEO plugin v24.6 - https:\/\/yoast.com\/wordpress\/plugins\/seo\/ -->\n<title>Entre Vi\u00f1etas -<\/title>\n<meta name=\"robots\" content=\"index, follow, max-snippet:-1, max-image-preview:large, max-video-preview:-1\" \/>\n<link rel=\"canonical\" href=\"https:\/\/galleanosebastian.com.ar\/index.php\/2024\/01\/06\/entre-vinetas\/\" \/>\n<meta property=\"og:locale\" content=\"es_ES\" \/>\n<meta property=\"og:type\" content=\"article\" \/>\n<meta property=\"og:title\" content=\"Entre Vi\u00f1etas -\" \/>\n<meta property=\"og:description\" content=\"La Magia de la Libre Interpretaci\u00f3n en las Tiras C\u00f3micas \u00abLa lengua, aunque no tiene huesos los quiebra\u00bb Hay palabras que sanan y otras que matan, como hay t\u00edtulos en la pared y otros en alg\u00fan terreno suburbano aislado. La forma es la esencia y la humanidad es la herramienta. La incomodidad corroe la calidad [&hellip;]\" \/>\n<meta property=\"og:url\" content=\"https:\/\/galleanosebastian.com.ar\/index.php\/2024\/01\/06\/entre-vinetas\/\" \/>\n<meta property=\"article:published_time\" content=\"2024-01-06T22:46:13+00:00\" \/>\n<meta property=\"article:modified_time\" content=\"2024-01-06T22:55:41+00:00\" \/>\n<meta property=\"og:image\" content=\"https:\/\/galleanosebastian.com.ar\/wp-content\/uploads\/2024\/01\/319724805_727434471707479_7092496646507237844_n.jpg\" \/>\n\t<meta property=\"og:image:width\" content=\"349\" \/>\n\t<meta property=\"og:image:height\" content=\"571\" \/>\n\t<meta property=\"og:image:type\" content=\"image\/jpeg\" \/>\n<meta name=\"author\" content=\"galleano.sebastian\" \/>\n<meta name=\"twitter:card\" content=\"summary_large_image\" \/>\n<meta name=\"twitter:label1\" content=\"Escrito por\" \/>\n\t<meta name=\"twitter:data1\" content=\"galleano.sebastian\" \/>\n\t<meta name=\"twitter:label2\" content=\"Tiempo de lectura\" \/>\n\t<meta name=\"twitter:data2\" content=\"11 minutos\" \/>\n<script type=\"application\/ld+json\" class=\"yoast-schema-graph\">{\"@context\":\"https:\/\/schema.org\",\"@graph\":[{\"@type\":\"Article\",\"@id\":\"https:\/\/galleanosebastian.com.ar\/index.php\/2024\/01\/06\/entre-vinetas\/#article\",\"isPartOf\":{\"@id\":\"https:\/\/galleanosebastian.com.ar\/index.php\/2024\/01\/06\/entre-vinetas\/\"},\"author\":{\"name\":\"galleano.sebastian\",\"@id\":\"https:\/\/galleanosebastian.com.ar\/#\/schema\/person\/e9e053bc7d61b5b176e446bc0b052f9c\"},\"headline\":\"Entre Vi\u00f1etas\",\"datePublished\":\"2024-01-06T22:46:13+00:00\",\"dateModified\":\"2024-01-06T22:55:41+00:00\",\"mainEntityOfPage\":{\"@id\":\"https:\/\/galleanosebastian.com.ar\/index.php\/2024\/01\/06\/entre-vinetas\/\"},\"wordCount\":1614,\"commentCount\":0,\"publisher\":{\"@id\":\"https:\/\/galleanosebastian.com.ar\/#\/schema\/person\/e9e053bc7d61b5b176e446bc0b052f9c\"},\"image\":{\"@id\":\"https:\/\/galleanosebastian.com.ar\/index.php\/2024\/01\/06\/entre-vinetas\/#primaryimage\"},\"thumbnailUrl\":\"https:\/\/galleanosebastian.com.ar\/wp-content\/uploads\/2024\/01\/319724805_727434471707479_7092496646507237844_n.jpg\",\"keywords\":[\"#Alimentaci\u00f3nSaludable\",\"#BienestarIntegral\",\"#CuidadoPersonalizado\",\"#EnfoqueHol\u00edstico\",\"#EstiloDeVidaSano\",\"#Innovaci\u00f3nSanitaria\",\"#LongevidadSaludable\",\"#MedicinaPersonalizada\",\"#MedicinaPreventiva\",\"#Prevenci\u00f3nPrimaria\",\"#SaludConectada.\",\"#SaludDigital\",\"#SaludMental\",\"#Tecnolog\u00edaM\u00e9dica\",\"#VidaActiva\"],\"articleSection\":[\"Libre Interpretaci\u00f3n\"],\"inLanguage\":\"es\",\"potentialAction\":[{\"@type\":\"CommentAction\",\"name\":\"Comment\",\"target\":[\"https:\/\/galleanosebastian.com.ar\/index.php\/2024\/01\/06\/entre-vinetas\/#respond\"]}]},{\"@type\":\"WebPage\",\"@id\":\"https:\/\/galleanosebastian.com.ar\/index.php\/2024\/01\/06\/entre-vinetas\/\",\"url\":\"https:\/\/galleanosebastian.com.ar\/index.php\/2024\/01\/06\/entre-vinetas\/\",\"name\":\"Entre Vi\u00f1etas -\",\"isPartOf\":{\"@id\":\"https:\/\/galleanosebastian.com.ar\/#website\"},\"primaryImageOfPage\":{\"@id\":\"https:\/\/galleanosebastian.com.ar\/index.php\/2024\/01\/06\/entre-vinetas\/#primaryimage\"},\"image\":{\"@id\":\"https:\/\/galleanosebastian.com.ar\/index.php\/2024\/01\/06\/entre-vinetas\/#primaryimage\"},\"thumbnailUrl\":\"https:\/\/galleanosebastian.com.ar\/wp-content\/uploads\/2024\/01\/319724805_727434471707479_7092496646507237844_n.jpg\",\"datePublished\":\"2024-01-06T22:46:13+00:00\",\"dateModified\":\"2024-01-06T22:55:41+00:00\",\"breadcrumb\":{\"@id\":\"https:\/\/galleanosebastian.com.ar\/index.php\/2024\/01\/06\/entre-vinetas\/#breadcrumb\"},\"inLanguage\":\"es\",\"potentialAction\":[{\"@type\":\"ReadAction\",\"target\":[\"https:\/\/galleanosebastian.com.ar\/index.php\/2024\/01\/06\/entre-vinetas\/\"]}]},{\"@type\":\"ImageObject\",\"inLanguage\":\"es\",\"@id\":\"https:\/\/galleanosebastian.com.ar\/index.php\/2024\/01\/06\/entre-vinetas\/#primaryimage\",\"url\":\"https:\/\/galleanosebastian.com.ar\/wp-content\/uploads\/2024\/01\/319724805_727434471707479_7092496646507237844_n.jpg\",\"contentUrl\":\"https:\/\/galleanosebastian.com.ar\/wp-content\/uploads\/2024\/01\/319724805_727434471707479_7092496646507237844_n.jpg\",\"width\":349,\"height\":571},{\"@type\":\"BreadcrumbList\",\"@id\":\"https:\/\/galleanosebastian.com.ar\/index.php\/2024\/01\/06\/entre-vinetas\/#breadcrumb\",\"itemListElement\":[{\"@type\":\"ListItem\",\"position\":1,\"name\":\"Home\",\"item\":\"https:\/\/galleanosebastian.com.ar\/\"},{\"@type\":\"ListItem\",\"position\":2,\"name\":\"Entre Vi\u00f1etas\"}]},{\"@type\":\"WebSite\",\"@id\":\"https:\/\/galleanosebastian.com.ar\/#website\",\"url\":\"https:\/\/galleanosebastian.com.ar\/\",\"name\":\"Sebasti\u00e1n Pablo Galleano\",\"description\":\"\",\"publisher\":{\"@id\":\"https:\/\/galleanosebastian.com.ar\/#\/schema\/person\/e9e053bc7d61b5b176e446bc0b052f9c\"},\"potentialAction\":[{\"@type\":\"SearchAction\",\"target\":{\"@type\":\"EntryPoint\",\"urlTemplate\":\"https:\/\/galleanosebastian.com.ar\/?s={search_term_string}\"},\"query-input\":{\"@type\":\"PropertyValueSpecification\",\"valueRequired\":true,\"valueName\":\"search_term_string\"}}],\"inLanguage\":\"es\"},{\"@type\":[\"Person\",\"Organization\"],\"@id\":\"https:\/\/galleanosebastian.com.ar\/#\/schema\/person\/e9e053bc7d61b5b176e446bc0b052f9c\",\"name\":\"galleano.sebastian\",\"image\":{\"@type\":\"ImageObject\",\"inLanguage\":\"es\",\"@id\":\"https:\/\/galleanosebastian.com.ar\/#\/schema\/person\/image\/\",\"url\":\"https:\/\/galleanosebastian.com.ar\/wp-content\/uploads\/2023\/11\/cropped-Diseno-sin-titulo-6.png\",\"contentUrl\":\"https:\/\/galleanosebastian.com.ar\/wp-content\/uploads\/2023\/11\/cropped-Diseno-sin-titulo-6.png\",\"width\":250,\"height\":117,\"caption\":\"galleano.sebastian\"},\"logo\":{\"@id\":\"https:\/\/galleanosebastian.com.ar\/#\/schema\/person\/image\/\"},\"sameAs\":[\"https:\/\/galleanosebastian.com.ar\"],\"url\":\"https:\/\/galleanosebastian.com.ar\/index.php\/author\/galleano-sebastian\/\"}]}<\/script>\n<!-- \/ Yoast SEO plugin. -->","yoast_head_json":{"title":"Entre Vi\u00f1etas -","robots":{"index":"index","follow":"follow","max-snippet":"max-snippet:-1","max-image-preview":"max-image-preview:large","max-video-preview":"max-video-preview:-1"},"canonical":"https:\/\/galleanosebastian.com.ar\/index.php\/2024\/01\/06\/entre-vinetas\/","og_locale":"es_ES","og_type":"article","og_title":"Entre Vi\u00f1etas -","og_description":"La Magia de la Libre Interpretaci\u00f3n en las Tiras C\u00f3micas \u00abLa lengua, aunque no tiene huesos los quiebra\u00bb Hay palabras que sanan y otras que matan, como hay t\u00edtulos en la pared y otros en alg\u00fan terreno suburbano aislado. La forma es la esencia y la humanidad es la herramienta. La incomodidad corroe la calidad [&hellip;]","og_url":"https:\/\/galleanosebastian.com.ar\/index.php\/2024\/01\/06\/entre-vinetas\/","article_published_time":"2024-01-06T22:46:13+00:00","article_modified_time":"2024-01-06T22:55:41+00:00","og_image":[{"width":349,"height":571,"url":"https:\/\/galleanosebastian.com.ar\/wp-content\/uploads\/2024\/01\/319724805_727434471707479_7092496646507237844_n.jpg","type":"image\/jpeg"}],"author":"galleano.sebastian","twitter_card":"summary_large_image","twitter_misc":{"Escrito por":"galleano.sebastian","Tiempo de lectura":"11 minutos"},"schema":{"@context":"https:\/\/schema.org","@graph":[{"@type":"Article","@id":"https:\/\/galleanosebastian.com.ar\/index.php\/2024\/01\/06\/entre-vinetas\/#article","isPartOf":{"@id":"https:\/\/galleanosebastian.com.ar\/index.php\/2024\/01\/06\/entre-vinetas\/"},"author":{"name":"galleano.sebastian","@id":"https:\/\/galleanosebastian.com.ar\/#\/schema\/person\/e9e053bc7d61b5b176e446bc0b052f9c"},"headline":"Entre Vi\u00f1etas","datePublished":"2024-01-06T22:46:13+00:00","dateModified":"2024-01-06T22:55:41+00:00","mainEntityOfPage":{"@id":"https:\/\/galleanosebastian.com.ar\/index.php\/2024\/01\/06\/entre-vinetas\/"},"wordCount":1614,"commentCount":0,"publisher":{"@id":"https:\/\/galleanosebastian.com.ar\/#\/schema\/person\/e9e053bc7d61b5b176e446bc0b052f9c"},"image":{"@id":"https:\/\/galleanosebastian.com.ar\/index.php\/2024\/01\/06\/entre-vinetas\/#primaryimage"},"thumbnailUrl":"https:\/\/galleanosebastian.com.ar\/wp-content\/uploads\/2024\/01\/319724805_727434471707479_7092496646507237844_n.jpg","keywords":["#Alimentaci\u00f3nSaludable","#BienestarIntegral","#CuidadoPersonalizado","#EnfoqueHol\u00edstico","#EstiloDeVidaSano","#Innovaci\u00f3nSanitaria","#LongevidadSaludable","#MedicinaPersonalizada","#MedicinaPreventiva","#Prevenci\u00f3nPrimaria","#SaludConectada.","#SaludDigital","#SaludMental","#Tecnolog\u00edaM\u00e9dica","#VidaActiva"],"articleSection":["Libre Interpretaci\u00f3n"],"inLanguage":"es","potentialAction":[{"@type":"CommentAction","name":"Comment","target":["https:\/\/galleanosebastian.com.ar\/index.php\/2024\/01\/06\/entre-vinetas\/#respond"]}]},{"@type":"WebPage","@id":"https:\/\/galleanosebastian.com.ar\/index.php\/2024\/01\/06\/entre-vinetas\/","url":"https:\/\/galleanosebastian.com.ar\/index.php\/2024\/01\/06\/entre-vinetas\/","name":"Entre Vi\u00f1etas -","isPartOf":{"@id":"https:\/\/galleanosebastian.com.ar\/#website"},"primaryImageOfPage":{"@id":"https:\/\/galleanosebastian.com.ar\/index.php\/2024\/01\/06\/entre-vinetas\/#primaryimage"},"image":{"@id":"https:\/\/galleanosebastian.com.ar\/index.php\/2024\/01\/06\/entre-vinetas\/#primaryimage"},"thumbnailUrl":"https:\/\/galleanosebastian.com.ar\/wp-content\/uploads\/2024\/01\/319724805_727434471707479_7092496646507237844_n.jpg","datePublished":"2024-01-06T22:46:13+00:00","dateModified":"2024-01-06T22:55:41+00:00","breadcrumb":{"@id":"https:\/\/galleanosebastian.com.ar\/index.php\/2024\/01\/06\/entre-vinetas\/#breadcrumb"},"inLanguage":"es","potentialAction":[{"@type":"ReadAction","target":["https:\/\/galleanosebastian.com.ar\/index.php\/2024\/01\/06\/entre-vinetas\/"]}]},{"@type":"ImageObject","inLanguage":"es","@id":"https:\/\/galleanosebastian.com.ar\/index.php\/2024\/01\/06\/entre-vinetas\/#primaryimage","url":"https:\/\/galleanosebastian.com.ar\/wp-content\/uploads\/2024\/01\/319724805_727434471707479_7092496646507237844_n.jpg","contentUrl":"https:\/\/galleanosebastian.com.ar\/wp-content\/uploads\/2024\/01\/319724805_727434471707479_7092496646507237844_n.jpg","width":349,"height":571},{"@type":"BreadcrumbList","@id":"https:\/\/galleanosebastian.com.ar\/index.php\/2024\/01\/06\/entre-vinetas\/#breadcrumb","itemListElement":[{"@type":"ListItem","position":1,"name":"Home","item":"https:\/\/galleanosebastian.com.ar\/"},{"@type":"ListItem","position":2,"name":"Entre Vi\u00f1etas"}]},{"@type":"WebSite","@id":"https:\/\/galleanosebastian.com.ar\/#website","url":"https:\/\/galleanosebastian.com.ar\/","name":"Sebasti\u00e1n Pablo Galleano","description":"","publisher":{"@id":"https:\/\/galleanosebastian.com.ar\/#\/schema\/person\/e9e053bc7d61b5b176e446bc0b052f9c"},"potentialAction":[{"@type":"SearchAction","target":{"@type":"EntryPoint","urlTemplate":"https:\/\/galleanosebastian.com.ar\/?s={search_term_string}"},"query-input":{"@type":"PropertyValueSpecification","valueRequired":true,"valueName":"search_term_string"}}],"inLanguage":"es"},{"@type":["Person","Organization"],"@id":"https:\/\/galleanosebastian.com.ar\/#\/schema\/person\/e9e053bc7d61b5b176e446bc0b052f9c","name":"galleano.sebastian","image":{"@type":"ImageObject","inLanguage":"es","@id":"https:\/\/galleanosebastian.com.ar\/#\/schema\/person\/image\/","url":"https:\/\/galleanosebastian.com.ar\/wp-content\/uploads\/2023\/11\/cropped-Diseno-sin-titulo-6.png","contentUrl":"https:\/\/galleanosebastian.com.ar\/wp-content\/uploads\/2023\/11\/cropped-Diseno-sin-titulo-6.png","width":250,"height":117,"caption":"galleano.sebastian"},"logo":{"@id":"https:\/\/galleanosebastian.com.ar\/#\/schema\/person\/image\/"},"sameAs":["https:\/\/galleanosebastian.com.ar"],"url":"https:\/\/galleanosebastian.com.ar\/index.php\/author\/galleano-sebastian\/"}]}},"_links":{"self":[{"href":"https:\/\/galleanosebastian.com.ar\/index.php\/wp-json\/wp\/v2\/posts\/3534","targetHints":{"allow":["GET"]}}],"collection":[{"href":"https:\/\/galleanosebastian.com.ar\/index.php\/wp-json\/wp\/v2\/posts"}],"about":[{"href":"https:\/\/galleanosebastian.com.ar\/index.php\/wp-json\/wp\/v2\/types\/post"}],"author":[{"embeddable":true,"href":"https:\/\/galleanosebastian.com.ar\/index.php\/wp-json\/wp\/v2\/users\/1"}],"replies":[{"embeddable":true,"href":"https:\/\/galleanosebastian.com.ar\/index.php\/wp-json\/wp\/v2\/comments?post=3534"}],"version-history":[{"count":5,"href":"https:\/\/galleanosebastian.com.ar\/index.php\/wp-json\/wp\/v2\/posts\/3534\/revisions"}],"predecessor-version":[{"id":3560,"href":"https:\/\/galleanosebastian.com.ar\/index.php\/wp-json\/wp\/v2\/posts\/3534\/revisions\/3560"}],"wp:featuredmedia":[{"embeddable":true,"href":"https:\/\/galleanosebastian.com.ar\/index.php\/wp-json\/wp\/v2\/media\/3546"}],"wp:attachment":[{"href":"https:\/\/galleanosebastian.com.ar\/index.php\/wp-json\/wp\/v2\/media?parent=3534"}],"wp:term":[{"taxonomy":"category","embeddable":true,"href":"https:\/\/galleanosebastian.com.ar\/index.php\/wp-json\/wp\/v2\/categories?post=3534"},{"taxonomy":"post_tag","embeddable":true,"href":"https:\/\/galleanosebastian.com.ar\/index.php\/wp-json\/wp\/v2\/tags?post=3534"}],"curies":[{"name":"wp","href":"https:\/\/api.w.org\/{rel}","templated":true}]}}