{"id":3633,"date":"2024-03-17T15:08:29","date_gmt":"2024-03-17T14:08:29","guid":{"rendered":"https:\/\/galleanosebastian.com.ar\/?p=3633"},"modified":"2024-03-17T16:00:13","modified_gmt":"2024-03-17T15:00:13","slug":"traumatismo-del-antebrazo","status":"publish","type":"post","link":"https:\/\/galleanosebastian.com.ar\/index.php\/2024\/03\/17\/traumatismo-del-antebrazo\/","title":{"rendered":"Traumatismo del Antebrazo"},"content":{"rendered":"\t\t<div data-elementor-type=\"wp-post\" data-elementor-id=\"3633\" class=\"elementor elementor-3633\">\n\t\t\t\t<div class=\"elementor-element elementor-element-34932ce e-flex e-con-boxed e-con e-parent\" data-id=\"34932ce\" data-element_type=\"container\">\n\t\t\t\t\t<div class=\"e-con-inner\">\n\t\t\t\t<div class=\"elementor-element elementor-element-b37f33b elementor-widget elementor-widget-text-editor\" data-id=\"b37f33b\" data-element_type=\"widget\" data-widget_type=\"text-editor.default\">\n\t\t\t\t<div class=\"elementor-widget-container\">\n\t\t\t\t\t\t\t\t\t<h1><b>Causas, S\u00edntomas y Tratamiento<\/b><\/h1><p><span style=\"font-weight: 400;\">El antebrazo, una regi\u00f3n crucial del cuerpo humano que comprende los huesos del radio y el c\u00fabito, as\u00ed como los m\u00fasculos y tejidos circundantes, est\u00e1 sujeto a diversos tipos de lesiones traum\u00e1ticas. Desde fracturas hasta contusiones, los traumatismos del antebrazo pueden causar dolor, inflamaci\u00f3n y limitaciones en la movilidad. En este art\u00edculo, exploraremos en detalle las causas, s\u00edntomas y opciones de tratamiento para los traumatismos del antebrazo.<\/span><\/p><h2><b>Causas Comunes de Traumatismo del Antebrazo<\/b><\/h2><ul><li style=\"font-weight: 400;\" aria-level=\"1\"><span style=\"font-weight: 400;\">Ca\u00eddas: Las ca\u00eddas son una de las principales causas de traumatismo del antebrazo, ya sea al tropezar, resbalar o sufrir un accidente.<\/span><\/li><li style=\"font-weight: 400;\" aria-level=\"1\"><span style=\"font-weight: 400;\">Accidentes Deportivos: Actividades deportivas como el ciclismo, el skateboarding y los deportes de contacto aumentan el riesgo de lesiones en el antebrazo debido a ca\u00eddas o impactos.<\/span><\/li><li style=\"font-weight: 400;\" aria-level=\"1\"><span style=\"font-weight: 400;\">Accidentes Automovil\u00edsticos: Las colisiones automovil\u00edsticas pueden causar traumatismos en el antebrazo debido al impacto contra el volante, el tablero u otros objetos dentro del veh\u00edculo.<\/span><\/li><li style=\"font-weight: 400;\" aria-level=\"1\"><span style=\"font-weight: 400;\">Lesiones Laborales: Los trabajos que involucran el uso de maquinaria pesada o herramientas pueden aumentar el riesgo de traumatismos en el antebrazo debido a accidentes laborales.<\/span><\/li><\/ul><h2><b>S\u00edntomas de Traumatismo del Antebrazo<\/b><\/h2><p><span style=\"font-weight: 400;\">Los s\u00edntomas de un traumatismo en el antebrazo pueden variar seg\u00fan la gravedad de la lesi\u00f3n, pero generalmente incluyen:<\/span><\/p><ul><li style=\"font-weight: 400;\" aria-level=\"1\"><span style=\"font-weight: 400;\">Dolor agudo o persistente en el antebrazo.<\/span><\/li><li style=\"font-weight: 400;\" aria-level=\"1\"><span style=\"font-weight: 400;\">Inflamaci\u00f3n y sensibilidad alrededor del \u00e1rea lesionada.<\/span><\/li><li style=\"font-weight: 400;\" aria-level=\"1\"><span style=\"font-weight: 400;\">Hematomas o decoloraci\u00f3n de la piel.<\/span><\/li><li style=\"font-weight: 400;\" aria-level=\"1\"><span style=\"font-weight: 400;\">Dificultad para mover el antebrazo o la mano.<\/span><\/li><li style=\"font-weight: 400;\" aria-level=\"1\"><span style=\"font-weight: 400;\">Deformidad evidente en caso de fracturas o luxaciones.<\/span><\/li><\/ul><h2><b>Diagn\u00f3stico y Evaluaci\u00f3n<\/b><\/h2><p><span style=\"font-weight: 400;\">El diagn\u00f3stico de un traumatismo en el antebrazo implica una evaluaci\u00f3n cl\u00ednica realizada por un m\u00e9dico, que puede incluir un examen f\u00edsico, historia cl\u00ednica detallada y pruebas de diagn\u00f3stico por imagen como radiograf\u00edas, resonancias magn\u00e9ticas o tomograf\u00edas computarizadas para evaluar la gravedad y extensi\u00f3n de la lesi\u00f3n.<\/span><\/p><h2><b>Tratamiento y Recuperaci\u00f3n<\/b><\/h2><p><span style=\"font-weight: 400;\">El tratamiento de un traumatismo en el antebrazo depende de la naturaleza y gravedad de la lesi\u00f3n, pero puede incluir:<\/span><\/p><ul><li style=\"font-weight: 400;\" aria-level=\"1\"><span style=\"font-weight: 400;\">Inmovilizaci\u00f3n: El uso de f\u00e9rulas, vendajes o yesos puede ser necesario para estabilizar el antebrazo y permitir que los tejidos lesionados se curen.<\/span><\/li><li style=\"font-weight: 400;\" aria-level=\"1\"><span style=\"font-weight: 400;\">Medicaci\u00f3n: Se pueden recetar analg\u00e9sicos o antiinflamatorios para controlar el dolor y reducir la inflamaci\u00f3n.<\/span><\/li><li style=\"font-weight: 400;\" aria-level=\"1\"><span style=\"font-weight: 400;\">Terapia F\u00edsica: Una vez que la lesi\u00f3n comienza a sanar, se pueden recomendar ejercicios de rehabilitaci\u00f3n para restaurar la fuerza y la movilidad en el antebrazo.<\/span><\/li><\/ul><h2><b>Prevenci\u00f3n y Cuidado<\/b><\/h2><p><span style=\"font-weight: 400;\">La prevenci\u00f3n de los traumatismos del antebrazo implica tomar medidas de seguridad adecuadas, como usar equipo de protecci\u00f3n personal, practicar t\u00e9cnicas seguras en actividades deportivas y mantener un entorno de trabajo seguro. Adem\u00e1s, es importante buscar atenci\u00f3n m\u00e9dica inmediata si se experimenta un traumatismo en el antebrazo para recibir un diagn\u00f3stico preciso y un tratamiento adecuado que minimice las complicaciones a largo plazo.<\/span><\/p><p><span style=\"font-weight: 400;\">En conclusi\u00f3n, los traumatismos del antebrazo son lesiones comunes que pueden causar dolor y limitaci\u00f3n en la vida diaria. Con un diagn\u00f3stico y tratamiento oportunos, as\u00ed como un programa de rehabilitaci\u00f3n adecuado, la mayor\u00eda de las personas pueden recuperarse por completo y volver a sus actividades normales. Si experimentas s\u00edntomas de un traumatismo en el antebrazo, es fundamental buscar atenci\u00f3n m\u00e9dica para recibir el tratamiento adecuado.<\/span><\/p><p><strong>Lic. Sebasti\u00e1n Pablo Galleano<\/strong><\/p>\t\t\t\t\t\t\t\t<\/div>\n\t\t\t\t<\/div>\n\t\t\t\t\t<\/div>\n\t\t\t\t<\/div>\n\t\t\t\t<\/div>\n\t\t","protected":false},"excerpt":{"rendered":"<p>Causas, S\u00edntomas y Tratamiento El antebrazo, una regi\u00f3n crucial del cuerpo humano que comprende los huesos del radio y el c\u00fabito, as\u00ed como los m\u00fasculos y tejidos circundantes, est\u00e1 sujeto a diversos tipos de lesiones traum\u00e1ticas. Desde fracturas hasta contusiones, los traumatismos del antebrazo pueden causar dolor, inflamaci\u00f3n y limitaciones en la movilidad. En este [&hellip;]<\/p>\n","protected":false},"author":1,"featured_media":3639,"comment_status":"open","ping_status":"open","sticky":false,"template":"","format":"standard","meta":{"site-sidebar-layout":"default","site-content-layout":"","ast-site-content-layout":"","site-content-style":"default","site-sidebar-style":"default","ast-global-header-display":"","ast-banner-title-visibility":"","ast-main-header-display":"","ast-hfb-above-header-display":"","ast-hfb-below-header-display":"","ast-hfb-mobile-header-display":"","site-post-title":"","ast-breadcrumbs-content":"","ast-featured-img":"","footer-sml-layout":"","theme-transparent-header-meta":"","adv-header-id-meta":"","stick-header-meta":"","header-above-stick-meta":"","header-main-stick-meta":"","header-below-stick-meta":"","astra-migrate-meta-layouts":"default","ast-page-background-enabled":"default","ast-page-background-meta":{"desktop":{"background-color":"var(--ast-global-color-4)","background-image":"","background-repeat":"repeat","background-position":"center center","background-size":"auto","background-attachment":"scroll","background-type":"","background-media":"","overlay-type":"","overlay-color":"","overlay-opacity":"","overlay-gradient":""},"tablet":{"background-color":"","background-image":"","background-repeat":"repeat","background-position":"center center","background-size":"auto","background-attachment":"scroll","background-type":"","background-media":"","overlay-type":"","overlay-color":"","overlay-opacity":"","overlay-gradient":""},"mobile":{"background-color":"","background-image":"","background-repeat":"repeat","background-position":"center center","background-size":"auto","background-attachment":"scroll","background-type":"","background-media":"","overlay-type":"","overlay-color":"","overlay-opacity":"","overlay-gradient":""}},"ast-content-background-meta":{"desktop":{"background-color":"var(--ast-global-color-5)","background-image":"","background-repeat":"repeat","background-position":"center center","background-size":"auto","background-attachment":"scroll","background-type":"","background-media":"","overlay-type":"","overlay-color":"","overlay-opacity":"","overlay-gradient":""},"tablet":{"background-color":"var(--ast-global-color-5)","background-image":"","background-repeat":"repeat","background-position":"center center","background-size":"auto","background-attachment":"scroll","background-type":"","background-media":"","overlay-type":"","overlay-color":"","overlay-opacity":"","overlay-gradient":""},"mobile":{"background-color":"var(--ast-global-color-5)","background-image":"","background-repeat":"repeat","background-position":"center center","background-size":"auto","background-attachment":"scroll","background-type":"","background-media":"","overlay-type":"","overlay-color":"","overlay-opacity":"","overlay-gradient":""}},"footnotes":"","_wpscppro_custom_social_share_image":0,"_facebook_share_type":"","_twitter_share_type":"","_linkedin_share_type":"","_pinterest_share_type":"","_linkedin_share_type_page":"","_instagram_share_type":"","_medium_share_type":"","_threads_share_type":"","_selected_social_profile":[]},"categories":[2,6,7],"tags":[215,163,158,166,168,165,156,155,167,216,157,46,97,90,89,135,77,136],"class_list":["post-3633","post","type-post","status-publish","format-standard","has-post-thumbnail","hentry","category-asistencia","category-prevencion","category-semiologia","tag-antebrazo","tag-atencion-medica","tag-cirugia","tag-cuidado-postoperatorio","tag-dolor","tag-evaluacion-medica","tag-hueso","tag-lesion","tag-medico-especialista","tag-musculo","tag-ortopedia","tag-fisioterapia","tag-recuperacion","tag-rehabilitacion","tag-terapia-fisica","tag-tratamiento","tag-traumatismo","tag-traumatologia"],"yoast_head":"<!-- This site is optimized with the Yoast SEO plugin v24.6 - https:\/\/yoast.com\/wordpress\/plugins\/seo\/ -->\n<title>Traumatismo del Antebrazo -<\/title>\n<meta name=\"robots\" content=\"index, follow, max-snippet:-1, max-image-preview:large, max-video-preview:-1\" \/>\n<link rel=\"canonical\" href=\"https:\/\/galleanosebastian.com.ar\/index.php\/2024\/03\/17\/traumatismo-del-antebrazo\/\" \/>\n<meta property=\"og:locale\" content=\"es_ES\" \/>\n<meta property=\"og:type\" content=\"article\" \/>\n<meta property=\"og:title\" content=\"Traumatismo del Antebrazo -\" \/>\n<meta property=\"og:description\" content=\"Causas, S\u00edntomas y Tratamiento El antebrazo, una regi\u00f3n crucial del cuerpo humano que comprende los huesos del radio y el c\u00fabito, as\u00ed como los m\u00fasculos y tejidos circundantes, est\u00e1 sujeto a diversos tipos de lesiones traum\u00e1ticas. Desde fracturas hasta contusiones, los traumatismos del antebrazo pueden causar dolor, inflamaci\u00f3n y limitaciones en la movilidad. En este [&hellip;]\" \/>\n<meta property=\"og:url\" content=\"https:\/\/galleanosebastian.com.ar\/index.php\/2024\/03\/17\/traumatismo-del-antebrazo\/\" \/>\n<meta property=\"article:published_time\" content=\"2024-03-17T14:08:29+00:00\" \/>\n<meta property=\"article:modified_time\" content=\"2024-03-17T15:00:13+00:00\" \/>\n<meta property=\"og:image\" content=\"https:\/\/galleanosebastian.com.ar\/wp-content\/uploads\/2024\/03\/6-scaled.jpg\" \/>\n\t<meta property=\"og:image:width\" content=\"2560\" \/>\n\t<meta property=\"og:image:height\" content=\"1280\" \/>\n\t<meta property=\"og:image:type\" content=\"image\/jpeg\" \/>\n<meta name=\"author\" content=\"galleano.sebastian\" \/>\n<meta name=\"twitter:card\" content=\"summary_large_image\" \/>\n<meta name=\"twitter:label1\" content=\"Escrito por\" \/>\n\t<meta name=\"twitter:data1\" content=\"galleano.sebastian\" \/>\n\t<meta name=\"twitter:label2\" content=\"Tiempo de lectura\" \/>\n\t<meta name=\"twitter:data2\" content=\"3 minutos\" \/>\n<script type=\"application\/ld+json\" class=\"yoast-schema-graph\">{\"@context\":\"https:\/\/schema.org\",\"@graph\":[{\"@type\":\"Article\",\"@id\":\"https:\/\/galleanosebastian.com.ar\/index.php\/2024\/03\/17\/traumatismo-del-antebrazo\/#article\",\"isPartOf\":{\"@id\":\"https:\/\/galleanosebastian.com.ar\/index.php\/2024\/03\/17\/traumatismo-del-antebrazo\/\"},\"author\":{\"name\":\"galleano.sebastian\",\"@id\":\"https:\/\/galleanosebastian.com.ar\/#\/schema\/person\/e9e053bc7d61b5b176e446bc0b052f9c\"},\"headline\":\"Traumatismo del Antebrazo\",\"datePublished\":\"2024-03-17T14:08:29+00:00\",\"dateModified\":\"2024-03-17T15:00:13+00:00\",\"mainEntityOfPage\":{\"@id\":\"https:\/\/galleanosebastian.com.ar\/index.php\/2024\/03\/17\/traumatismo-del-antebrazo\/\"},\"wordCount\":574,\"commentCount\":0,\"publisher\":{\"@id\":\"https:\/\/galleanosebastian.com.ar\/#\/schema\/person\/e9e053bc7d61b5b176e446bc0b052f9c\"},\"image\":{\"@id\":\"https:\/\/galleanosebastian.com.ar\/index.php\/2024\/03\/17\/traumatismo-del-antebrazo\/#primaryimage\"},\"thumbnailUrl\":\"https:\/\/galleanosebastian.com.ar\/wp-content\/uploads\/2024\/03\/6-scaled.jpg\",\"keywords\":[\"#Antebrazo\",\"#Atenci\u00f3n M\u00e9dica\",\"#Cirug\u00eda\",\"#Cuidado Postoperatorio\",\"#Dolor\",\"#Evaluaci\u00f3n M\u00e9dica\",\"#Hueso\",\"#Lesi\u00f3n\",\"#M\u00e9dico Especialista\",\"#M\u00fasculo\",\"#Ortopedia\",\"fisioterapia\",\"recuperaci\u00f3n\",\"rehabilitaci\u00f3n\",\"terapia f\u00edsica\",\"tratamiento\",\"traumatismo\",\"traumatolog\u00eda\"],\"articleSection\":[\"Asistencia\",\"Prevenci\u00f3n\",\"Semiolog\u00eda\"],\"inLanguage\":\"es\",\"potentialAction\":[{\"@type\":\"CommentAction\",\"name\":\"Comment\",\"target\":[\"https:\/\/galleanosebastian.com.ar\/index.php\/2024\/03\/17\/traumatismo-del-antebrazo\/#respond\"]}]},{\"@type\":\"WebPage\",\"@id\":\"https:\/\/galleanosebastian.com.ar\/index.php\/2024\/03\/17\/traumatismo-del-antebrazo\/\",\"url\":\"https:\/\/galleanosebastian.com.ar\/index.php\/2024\/03\/17\/traumatismo-del-antebrazo\/\",\"name\":\"Traumatismo del Antebrazo -\",\"isPartOf\":{\"@id\":\"https:\/\/galleanosebastian.com.ar\/#website\"},\"primaryImageOfPage\":{\"@id\":\"https:\/\/galleanosebastian.com.ar\/index.php\/2024\/03\/17\/traumatismo-del-antebrazo\/#primaryimage\"},\"image\":{\"@id\":\"https:\/\/galleanosebastian.com.ar\/index.php\/2024\/03\/17\/traumatismo-del-antebrazo\/#primaryimage\"},\"thumbnailUrl\":\"https:\/\/galleanosebastian.com.ar\/wp-content\/uploads\/2024\/03\/6-scaled.jpg\",\"datePublished\":\"2024-03-17T14:08:29+00:00\",\"dateModified\":\"2024-03-17T15:00:13+00:00\",\"breadcrumb\":{\"@id\":\"https:\/\/galleanosebastian.com.ar\/index.php\/2024\/03\/17\/traumatismo-del-antebrazo\/#breadcrumb\"},\"inLanguage\":\"es\",\"potentialAction\":[{\"@type\":\"ReadAction\",\"target\":[\"https:\/\/galleanosebastian.com.ar\/index.php\/2024\/03\/17\/traumatismo-del-antebrazo\/\"]}]},{\"@type\":\"ImageObject\",\"inLanguage\":\"es\",\"@id\":\"https:\/\/galleanosebastian.com.ar\/index.php\/2024\/03\/17\/traumatismo-del-antebrazo\/#primaryimage\",\"url\":\"https:\/\/galleanosebastian.com.ar\/wp-content\/uploads\/2024\/03\/6-scaled.jpg\",\"contentUrl\":\"https:\/\/galleanosebastian.com.ar\/wp-content\/uploads\/2024\/03\/6-scaled.jpg\",\"width\":2560,\"height\":1280},{\"@type\":\"BreadcrumbList\",\"@id\":\"https:\/\/galleanosebastian.com.ar\/index.php\/2024\/03\/17\/traumatismo-del-antebrazo\/#breadcrumb\",\"itemListElement\":[{\"@type\":\"ListItem\",\"position\":1,\"name\":\"Home\",\"item\":\"https:\/\/galleanosebastian.com.ar\/\"},{\"@type\":\"ListItem\",\"position\":2,\"name\":\"Traumatismo del Antebrazo\"}]},{\"@type\":\"WebSite\",\"@id\":\"https:\/\/galleanosebastian.com.ar\/#website\",\"url\":\"https:\/\/galleanosebastian.com.ar\/\",\"name\":\"Sebasti\u00e1n Pablo Galleano\",\"description\":\"\",\"publisher\":{\"@id\":\"https:\/\/galleanosebastian.com.ar\/#\/schema\/person\/e9e053bc7d61b5b176e446bc0b052f9c\"},\"potentialAction\":[{\"@type\":\"SearchAction\",\"target\":{\"@type\":\"EntryPoint\",\"urlTemplate\":\"https:\/\/galleanosebastian.com.ar\/?s={search_term_string}\"},\"query-input\":{\"@type\":\"PropertyValueSpecification\",\"valueRequired\":true,\"valueName\":\"search_term_string\"}}],\"inLanguage\":\"es\"},{\"@type\":[\"Person\",\"Organization\"],\"@id\":\"https:\/\/galleanosebastian.com.ar\/#\/schema\/person\/e9e053bc7d61b5b176e446bc0b052f9c\",\"name\":\"galleano.sebastian\",\"image\":{\"@type\":\"ImageObject\",\"inLanguage\":\"es\",\"@id\":\"https:\/\/galleanosebastian.com.ar\/#\/schema\/person\/image\/\",\"url\":\"https:\/\/galleanosebastian.com.ar\/wp-content\/uploads\/2023\/11\/cropped-Diseno-sin-titulo-6.png\",\"contentUrl\":\"https:\/\/galleanosebastian.com.ar\/wp-content\/uploads\/2023\/11\/cropped-Diseno-sin-titulo-6.png\",\"width\":250,\"height\":117,\"caption\":\"galleano.sebastian\"},\"logo\":{\"@id\":\"https:\/\/galleanosebastian.com.ar\/#\/schema\/person\/image\/\"},\"sameAs\":[\"https:\/\/galleanosebastian.com.ar\"],\"url\":\"https:\/\/galleanosebastian.com.ar\/index.php\/author\/galleano-sebastian\/\"}]}<\/script>\n<!-- \/ Yoast SEO plugin. -->","yoast_head_json":{"title":"Traumatismo del Antebrazo -","robots":{"index":"index","follow":"follow","max-snippet":"max-snippet:-1","max-image-preview":"max-image-preview:large","max-video-preview":"max-video-preview:-1"},"canonical":"https:\/\/galleanosebastian.com.ar\/index.php\/2024\/03\/17\/traumatismo-del-antebrazo\/","og_locale":"es_ES","og_type":"article","og_title":"Traumatismo del Antebrazo -","og_description":"Causas, S\u00edntomas y Tratamiento El antebrazo, una regi\u00f3n crucial del cuerpo humano que comprende los huesos del radio y el c\u00fabito, as\u00ed como los m\u00fasculos y tejidos circundantes, est\u00e1 sujeto a diversos tipos de lesiones traum\u00e1ticas. Desde fracturas hasta contusiones, los traumatismos del antebrazo pueden causar dolor, inflamaci\u00f3n y limitaciones en la movilidad. En este [&hellip;]","og_url":"https:\/\/galleanosebastian.com.ar\/index.php\/2024\/03\/17\/traumatismo-del-antebrazo\/","article_published_time":"2024-03-17T14:08:29+00:00","article_modified_time":"2024-03-17T15:00:13+00:00","og_image":[{"width":2560,"height":1280,"url":"https:\/\/galleanosebastian.com.ar\/wp-content\/uploads\/2024\/03\/6-scaled.jpg","type":"image\/jpeg"}],"author":"galleano.sebastian","twitter_card":"summary_large_image","twitter_misc":{"Escrito por":"galleano.sebastian","Tiempo de lectura":"3 minutos"},"schema":{"@context":"https:\/\/schema.org","@graph":[{"@type":"Article","@id":"https:\/\/galleanosebastian.com.ar\/index.php\/2024\/03\/17\/traumatismo-del-antebrazo\/#article","isPartOf":{"@id":"https:\/\/galleanosebastian.com.ar\/index.php\/2024\/03\/17\/traumatismo-del-antebrazo\/"},"author":{"name":"galleano.sebastian","@id":"https:\/\/galleanosebastian.com.ar\/#\/schema\/person\/e9e053bc7d61b5b176e446bc0b052f9c"},"headline":"Traumatismo del Antebrazo","datePublished":"2024-03-17T14:08:29+00:00","dateModified":"2024-03-17T15:00:13+00:00","mainEntityOfPage":{"@id":"https:\/\/galleanosebastian.com.ar\/index.php\/2024\/03\/17\/traumatismo-del-antebrazo\/"},"wordCount":574,"commentCount":0,"publisher":{"@id":"https:\/\/galleanosebastian.com.ar\/#\/schema\/person\/e9e053bc7d61b5b176e446bc0b052f9c"},"image":{"@id":"https:\/\/galleanosebastian.com.ar\/index.php\/2024\/03\/17\/traumatismo-del-antebrazo\/#primaryimage"},"thumbnailUrl":"https:\/\/galleanosebastian.com.ar\/wp-content\/uploads\/2024\/03\/6-scaled.jpg","keywords":["#Antebrazo","#Atenci\u00f3n M\u00e9dica","#Cirug\u00eda","#Cuidado Postoperatorio","#Dolor","#Evaluaci\u00f3n M\u00e9dica","#Hueso","#Lesi\u00f3n","#M\u00e9dico Especialista","#M\u00fasculo","#Ortopedia","fisioterapia","recuperaci\u00f3n","rehabilitaci\u00f3n","terapia f\u00edsica","tratamiento","traumatismo","traumatolog\u00eda"],"articleSection":["Asistencia","Prevenci\u00f3n","Semiolog\u00eda"],"inLanguage":"es","potentialAction":[{"@type":"CommentAction","name":"Comment","target":["https:\/\/galleanosebastian.com.ar\/index.php\/2024\/03\/17\/traumatismo-del-antebrazo\/#respond"]}]},{"@type":"WebPage","@id":"https:\/\/galleanosebastian.com.ar\/index.php\/2024\/03\/17\/traumatismo-del-antebrazo\/","url":"https:\/\/galleanosebastian.com.ar\/index.php\/2024\/03\/17\/traumatismo-del-antebrazo\/","name":"Traumatismo del Antebrazo -","isPartOf":{"@id":"https:\/\/galleanosebastian.com.ar\/#website"},"primaryImageOfPage":{"@id":"https:\/\/galleanosebastian.com.ar\/index.php\/2024\/03\/17\/traumatismo-del-antebrazo\/#primaryimage"},"image":{"@id":"https:\/\/galleanosebastian.com.ar\/index.php\/2024\/03\/17\/traumatismo-del-antebrazo\/#primaryimage"},"thumbnailUrl":"https:\/\/galleanosebastian.com.ar\/wp-content\/uploads\/2024\/03\/6-scaled.jpg","datePublished":"2024-03-17T14:08:29+00:00","dateModified":"2024-03-17T15:00:13+00:00","breadcrumb":{"@id":"https:\/\/galleanosebastian.com.ar\/index.php\/2024\/03\/17\/traumatismo-del-antebrazo\/#breadcrumb"},"inLanguage":"es","potentialAction":[{"@type":"ReadAction","target":["https:\/\/galleanosebastian.com.ar\/index.php\/2024\/03\/17\/traumatismo-del-antebrazo\/"]}]},{"@type":"ImageObject","inLanguage":"es","@id":"https:\/\/galleanosebastian.com.ar\/index.php\/2024\/03\/17\/traumatismo-del-antebrazo\/#primaryimage","url":"https:\/\/galleanosebastian.com.ar\/wp-content\/uploads\/2024\/03\/6-scaled.jpg","contentUrl":"https:\/\/galleanosebastian.com.ar\/wp-content\/uploads\/2024\/03\/6-scaled.jpg","width":2560,"height":1280},{"@type":"BreadcrumbList","@id":"https:\/\/galleanosebastian.com.ar\/index.php\/2024\/03\/17\/traumatismo-del-antebrazo\/#breadcrumb","itemListElement":[{"@type":"ListItem","position":1,"name":"Home","item":"https:\/\/galleanosebastian.com.ar\/"},{"@type":"ListItem","position":2,"name":"Traumatismo del Antebrazo"}]},{"@type":"WebSite","@id":"https:\/\/galleanosebastian.com.ar\/#website","url":"https:\/\/galleanosebastian.com.ar\/","name":"Sebasti\u00e1n Pablo Galleano","description":"","publisher":{"@id":"https:\/\/galleanosebastian.com.ar\/#\/schema\/person\/e9e053bc7d61b5b176e446bc0b052f9c"},"potentialAction":[{"@type":"SearchAction","target":{"@type":"EntryPoint","urlTemplate":"https:\/\/galleanosebastian.com.ar\/?s={search_term_string}"},"query-input":{"@type":"PropertyValueSpecification","valueRequired":true,"valueName":"search_term_string"}}],"inLanguage":"es"},{"@type":["Person","Organization"],"@id":"https:\/\/galleanosebastian.com.ar\/#\/schema\/person\/e9e053bc7d61b5b176e446bc0b052f9c","name":"galleano.sebastian","image":{"@type":"ImageObject","inLanguage":"es","@id":"https:\/\/galleanosebastian.com.ar\/#\/schema\/person\/image\/","url":"https:\/\/galleanosebastian.com.ar\/wp-content\/uploads\/2023\/11\/cropped-Diseno-sin-titulo-6.png","contentUrl":"https:\/\/galleanosebastian.com.ar\/wp-content\/uploads\/2023\/11\/cropped-Diseno-sin-titulo-6.png","width":250,"height":117,"caption":"galleano.sebastian"},"logo":{"@id":"https:\/\/galleanosebastian.com.ar\/#\/schema\/person\/image\/"},"sameAs":["https:\/\/galleanosebastian.com.ar"],"url":"https:\/\/galleanosebastian.com.ar\/index.php\/author\/galleano-sebastian\/"}]}},"_links":{"self":[{"href":"https:\/\/galleanosebastian.com.ar\/index.php\/wp-json\/wp\/v2\/posts\/3633","targetHints":{"allow":["GET"]}}],"collection":[{"href":"https:\/\/galleanosebastian.com.ar\/index.php\/wp-json\/wp\/v2\/posts"}],"about":[{"href":"https:\/\/galleanosebastian.com.ar\/index.php\/wp-json\/wp\/v2\/types\/post"}],"author":[{"embeddable":true,"href":"https:\/\/galleanosebastian.com.ar\/index.php\/wp-json\/wp\/v2\/users\/1"}],"replies":[{"embeddable":true,"href":"https:\/\/galleanosebastian.com.ar\/index.php\/wp-json\/wp\/v2\/comments?post=3633"}],"version-history":[{"count":8,"href":"https:\/\/galleanosebastian.com.ar\/index.php\/wp-json\/wp\/v2\/posts\/3633\/revisions"}],"predecessor-version":[{"id":3642,"href":"https:\/\/galleanosebastian.com.ar\/index.php\/wp-json\/wp\/v2\/posts\/3633\/revisions\/3642"}],"wp:featuredmedia":[{"embeddable":true,"href":"https:\/\/galleanosebastian.com.ar\/index.php\/wp-json\/wp\/v2\/media\/3639"}],"wp:attachment":[{"href":"https:\/\/galleanosebastian.com.ar\/index.php\/wp-json\/wp\/v2\/media?parent=3633"}],"wp:term":[{"taxonomy":"category","embeddable":true,"href":"https:\/\/galleanosebastian.com.ar\/index.php\/wp-json\/wp\/v2\/categories?post=3633"},{"taxonomy":"post_tag","embeddable":true,"href":"https:\/\/galleanosebastian.com.ar\/index.php\/wp-json\/wp\/v2\/tags?post=3633"}],"curies":[{"name":"wp","href":"https:\/\/api.w.org\/{rel}","templated":true}]}}