{"id":3733,"date":"2024-03-17T15:42:29","date_gmt":"2024-03-17T14:42:29","guid":{"rendered":"https:\/\/galleanosebastian.com.ar\/?p=3733"},"modified":"2024-03-17T15:51:55","modified_gmt":"2024-03-17T14:51:55","slug":"traumatismos-de-cadera-y-pelvis","status":"publish","type":"post","link":"https:\/\/galleanosebastian.com.ar\/index.php\/2024\/03\/17\/traumatismos-de-cadera-y-pelvis\/","title":{"rendered":"Traumatismos de Cadera y Pelvis"},"content":{"rendered":"\t\t<div data-elementor-type=\"wp-post\" data-elementor-id=\"3733\" class=\"elementor elementor-3733\">\n\t\t\t\t<div class=\"elementor-element elementor-element-3ad37de e-flex e-con-boxed e-con e-parent\" data-id=\"3ad37de\" data-element_type=\"container\">\n\t\t\t\t\t<div class=\"e-con-inner\">\n\t\t\t\t<div class=\"elementor-element elementor-element-b04c909 elementor-widget elementor-widget-text-editor\" data-id=\"b04c909\" data-element_type=\"widget\" data-widget_type=\"text-editor.default\">\n\t\t\t\t<div class=\"elementor-widget-container\">\n\t\t\t\t\t\t\t\t\t<h2><b>Un Enfoque Integral<\/b><\/h2><p><span style=\"font-weight: 400;\">Los traumatismos de cadera y pelvis son lesiones graves que pueden tener un impacto significativo en la movilidad y la calidad de vida de una persona. Desde la evaluaci\u00f3n inicial hasta el tratamiento y la rehabilitaci\u00f3n, es fundamental abordar adecuadamente estos traumatismos para lograr una recuperaci\u00f3n \u00f3ptima. En este art\u00edculo, exploraremos los aspectos clave de la semiolog\u00eda y la rehabilitaci\u00f3n de los traumatismos de cadera y pelvis.<\/span><\/p><h3><b>Semiolog\u00eda de Traumatismos de Cadera y Pelvis<\/b><\/h3><p><span style=\"font-weight: 400;\">La semiolog\u00eda de los traumatismos de cadera y pelvis implica la evaluaci\u00f3n detallada de los s\u00edntomas y signos asociados con la lesi\u00f3n. Esto puede incluir:<\/span><\/p><ul><li style=\"font-weight: 400;\" aria-level=\"1\"><span style=\"font-weight: 400;\">Dolor: El dolor en la cadera o la pelvis es un s\u00edntoma com\u00fan de traumatismos en esta \u00e1rea. El dolor puede ser agudo o cr\u00f3nico y puede empeorar con la actividad o el movimiento.<\/span><\/li><li style=\"font-weight: 400;\" aria-level=\"1\"><span style=\"font-weight: 400;\">Deformidad: En algunos casos, los traumatismos graves pueden provocar deformidades visibles en la cadera o la pelvis. Esto puede incluir hinchaz\u00f3n, hematomas o una apariencia anormal del \u00e1rea afectada.<\/span><\/li><li style=\"font-weight: 400;\" aria-level=\"1\"><span style=\"font-weight: 400;\">Limitaci\u00f3n de Movimiento: Los pacientes pueden experimentar dificultad para mover la cadera o la pelvis afectada debido al dolor y la inflamaci\u00f3n. La movilidad puede estar restringida o limitada, lo que puede interferir con las actividades diarias.<\/span><\/li><\/ul><h3><b>Evaluaci\u00f3n y Diagn\u00f3stico<\/b><\/h3><p><span style=\"font-weight: 400;\">La evaluaci\u00f3n y el diagn\u00f3stico de los traumatismos de cadera y pelvis se realizan mediante una combinaci\u00f3n de historia cl\u00ednica, examen f\u00edsico y pruebas de diagn\u00f3stico por imagen, como radiograf\u00edas, tomograf\u00edas computarizadas (TC) o resonancias magn\u00e9ticas (RM). Estas pruebas ayudan a determinar la naturaleza y la gravedad de la lesi\u00f3n, as\u00ed como a descartar otras lesiones asociadas, como fracturas \u00f3seas o lesiones de tejidos blandos.<\/span><\/p><h3><b>Tratamiento y Rehabilitaci\u00f3n<\/b><\/h3><p><span style=\"font-weight: 400;\">El tratamiento de los traumatismos de cadera y pelvis puede variar seg\u00fan la naturaleza y la gravedad de la lesi\u00f3n, pero puede incluir:<\/span><\/p><ul><li style=\"font-weight: 400;\" aria-level=\"1\"><span style=\"font-weight: 400;\">Manejo Conservador: En casos leves, el tratamiento conservador puede incluir reposo, aplicaci\u00f3n de hielo, medicamentos para el dolor y la inflamaci\u00f3n, y terapia f\u00edsica para fortalecer los m\u00fasculos circundantes y mejorar la movilidad.<\/span><\/li><li style=\"font-weight: 400;\" aria-level=\"1\"><span style=\"font-weight: 400;\">Cirug\u00eda: En casos graves, como fracturas de cadera o luxaciones de cadera, puede ser necesaria la cirug\u00eda para estabilizar la articulaci\u00f3n y reparar los tejidos da\u00f1ados. Esto puede implicar la inserci\u00f3n de clavos, tornillos o placas para mantener los huesos en su lugar.<\/span><\/li><li style=\"font-weight: 400;\" aria-level=\"1\"><span style=\"font-weight: 400;\">Rehabilitaci\u00f3n: La rehabilitaci\u00f3n despu\u00e9s de un traumatismo de cadera y pelvis es crucial para restaurar la funci\u00f3n y la movilidad. Esto puede incluir ejercicios espec\u00edficos para fortalecer los m\u00fasculos de la cadera y la pelvis, mejorar el equilibrio y la estabilidad, y promover la coordinaci\u00f3n y el rango de movimiento.<\/span><\/li><\/ul><h3><b>Pron\u00f3stico y Seguimiento<\/b><\/h3><p><span style=\"font-weight: 400;\">El pron\u00f3stico de los traumatismos de cadera y pelvis depende de varios factores, incluida la naturaleza y la gravedad de la lesi\u00f3n, la edad y la salud general del paciente, y la adherencia al tratamiento y la rehabilitaci\u00f3n. En muchos casos, la recuperaci\u00f3n puede ser gradual y puede requerir semanas o meses de terapia y cuidados continuos. Es importante que los pacientes sigan un plan de tratamiento y rehabilitaci\u00f3n personalizado y mantengan una comunicaci\u00f3n abierta con su equipo m\u00e9dico para optimizar los resultados a largo plazo.<\/span><\/p><p><span style=\"font-weight: 400;\">En resumen, la semiolog\u00eda adecuada y un enfoque integral de rehabilitaci\u00f3n son fundamentales para maximizar la recuperaci\u00f3n y mejorar la calidad de vida de los pacientes con traumatismos de cadera y pelvis. Con un manejo adecuado y una terapia continuada, muchos pacientes pueden lograr mejoras significativas en la funci\u00f3n y la movilidad de la cadera y la pelvis afectadas.<\/span><\/p><p><strong>Lic. Sebasti\u00e1n Pablo Galleano<\/strong><\/p>\t\t\t\t\t\t\t\t<\/div>\n\t\t\t\t<\/div>\n\t\t\t\t\t<\/div>\n\t\t\t\t<\/div>\n\t\t\t\t<\/div>\n\t\t","protected":false},"excerpt":{"rendered":"<p>Un Enfoque Integral Los traumatismos de cadera y pelvis son lesiones graves que pueden tener un impacto significativo en la movilidad y la calidad de vida de una persona. Desde la evaluaci\u00f3n inicial hasta el tratamiento y la rehabilitaci\u00f3n, es fundamental abordar adecuadamente estos traumatismos para lograr una recuperaci\u00f3n \u00f3ptima. En este art\u00edculo, exploraremos los [&hellip;]<\/p>\n","protected":false},"author":1,"featured_media":3735,"comment_status":"open","ping_status":"open","sticky":false,"template":"","format":"standard","meta":{"site-sidebar-layout":"default","site-content-layout":"","ast-site-content-layout":"","site-content-style":"default","site-sidebar-style":"default","ast-global-header-display":"","ast-banner-title-visibility":"","ast-main-header-display":"","ast-hfb-above-header-display":"","ast-hfb-below-header-display":"","ast-hfb-mobile-header-display":"","site-post-title":"","ast-breadcrumbs-content":"","ast-featured-img":"","footer-sml-layout":"","theme-transparent-header-meta":"","adv-header-id-meta":"","stick-header-meta":"","header-above-stick-meta":"","header-main-stick-meta":"","header-below-stick-meta":"","astra-migrate-meta-layouts":"default","ast-page-background-enabled":"default","ast-page-background-meta":{"desktop":{"background-color":"var(--ast-global-color-4)","background-image":"","background-repeat":"repeat","background-position":"center center","background-size":"auto","background-attachment":"scroll","background-type":"","background-media":"","overlay-type":"","overlay-color":"","overlay-opacity":"","overlay-gradient":""},"tablet":{"background-color":"","background-image":"","background-repeat":"repeat","background-position":"center center","background-size":"auto","background-attachment":"scroll","background-type":"","background-media":"","overlay-type":"","overlay-color":"","overlay-opacity":"","overlay-gradient":""},"mobile":{"background-color":"","background-image":"","background-repeat":"repeat","background-position":"center center","background-size":"auto","background-attachment":"scroll","background-type":"","background-media":"","overlay-type":"","overlay-color":"","overlay-opacity":"","overlay-gradient":""}},"ast-content-background-meta":{"desktop":{"background-color":"var(--ast-global-color-5)","background-image":"","background-repeat":"repeat","background-position":"center center","background-size":"auto","background-attachment":"scroll","background-type":"","background-media":"","overlay-type":"","overlay-color":"","overlay-opacity":"","overlay-gradient":""},"tablet":{"background-color":"var(--ast-global-color-5)","background-image":"","background-repeat":"repeat","background-position":"center center","background-size":"auto","background-attachment":"scroll","background-type":"","background-media":"","overlay-type":"","overlay-color":"","overlay-opacity":"","overlay-gradient":""},"mobile":{"background-color":"var(--ast-global-color-5)","background-image":"","background-repeat":"repeat","background-position":"center center","background-size":"auto","background-attachment":"scroll","background-type":"","background-media":"","overlay-type":"","overlay-color":"","overlay-opacity":"","overlay-gradient":""}},"footnotes":"","_wpscppro_custom_social_share_image":0,"_facebook_share_type":"","_twitter_share_type":"","_linkedin_share_type":"","_pinterest_share_type":"","_linkedin_share_type_page":"","_instagram_share_type":"","_medium_share_type":"","_threads_share_type":"","_selected_social_profile":[]},"categories":[2,6,7],"tags":[170,163,158,161,172,166,168,160,165,155,159,167,157,171,164,162,20,138,46,47,110,100,97,90,89,135,77],"class_list":["post-3733","post","type-post","status-publish","format-standard","has-post-thumbnail","hentry","category-asistencia","category-prevencion","category-semiologia","tag-articulacion","tag-atencion-medica","tag-cirugia","tag-complicaciones","tag-contusion","tag-cuidado-postoperatorio","tag-dolor","tag-esguince","tag-evaluacion-medica","tag-lesion","tag-medicina-deportiva","tag-medico-especialista","tag-ortopedia","tag-pelvis","tag-radiografia","tag-rehabilitacion-fisica","tag-cadera","tag-cirugia-ortopedica","tag-fisioterapia","tag-fractura","tag-lesiones-deportivas","tag-movilidad","tag-recuperacion","tag-rehabilitacion","tag-terapia-fisica","tag-tratamiento","tag-traumatismo"],"yoast_head":"<!-- This site is optimized with the Yoast SEO plugin v24.6 - https:\/\/yoast.com\/wordpress\/plugins\/seo\/ -->\n<title>Traumatismos de Cadera y Pelvis -<\/title>\n<meta name=\"robots\" content=\"index, follow, max-snippet:-1, max-image-preview:large, max-video-preview:-1\" \/>\n<link rel=\"canonical\" href=\"https:\/\/galleanosebastian.com.ar\/index.php\/2024\/03\/17\/traumatismos-de-cadera-y-pelvis\/\" \/>\n<meta property=\"og:locale\" content=\"es_ES\" \/>\n<meta property=\"og:type\" content=\"article\" \/>\n<meta property=\"og:title\" content=\"Traumatismos de Cadera y Pelvis -\" \/>\n<meta property=\"og:description\" content=\"Un Enfoque Integral Los traumatismos de cadera y pelvis son lesiones graves que pueden tener un impacto significativo en la movilidad y la calidad de vida de una persona. Desde la evaluaci\u00f3n inicial hasta el tratamiento y la rehabilitaci\u00f3n, es fundamental abordar adecuadamente estos traumatismos para lograr una recuperaci\u00f3n \u00f3ptima. En este art\u00edculo, exploraremos los [&hellip;]\" \/>\n<meta property=\"og:url\" content=\"https:\/\/galleanosebastian.com.ar\/index.php\/2024\/03\/17\/traumatismos-de-cadera-y-pelvis\/\" \/>\n<meta property=\"article:published_time\" content=\"2024-03-17T14:42:29+00:00\" \/>\n<meta property=\"article:modified_time\" content=\"2024-03-17T14:51:55+00:00\" \/>\n<meta property=\"og:image\" content=\"https:\/\/galleanosebastian.com.ar\/wp-content\/uploads\/2024\/03\/20-scaled.jpg\" \/>\n\t<meta property=\"og:image:width\" content=\"2560\" \/>\n\t<meta property=\"og:image:height\" content=\"1280\" \/>\n\t<meta property=\"og:image:type\" content=\"image\/jpeg\" \/>\n<meta name=\"author\" content=\"galleano.sebastian\" \/>\n<meta name=\"twitter:card\" content=\"summary_large_image\" \/>\n<meta name=\"twitter:label1\" content=\"Escrito por\" \/>\n\t<meta name=\"twitter:data1\" content=\"galleano.sebastian\" \/>\n\t<meta name=\"twitter:label2\" content=\"Tiempo de lectura\" \/>\n\t<meta name=\"twitter:data2\" content=\"3 minutos\" \/>\n<script type=\"application\/ld+json\" class=\"yoast-schema-graph\">{\"@context\":\"https:\/\/schema.org\",\"@graph\":[{\"@type\":\"Article\",\"@id\":\"https:\/\/galleanosebastian.com.ar\/index.php\/2024\/03\/17\/traumatismos-de-cadera-y-pelvis\/#article\",\"isPartOf\":{\"@id\":\"https:\/\/galleanosebastian.com.ar\/index.php\/2024\/03\/17\/traumatismos-de-cadera-y-pelvis\/\"},\"author\":{\"name\":\"galleano.sebastian\",\"@id\":\"https:\/\/galleanosebastian.com.ar\/#\/schema\/person\/e9e053bc7d61b5b176e446bc0b052f9c\"},\"headline\":\"Traumatismos de Cadera y Pelvis\",\"datePublished\":\"2024-03-17T14:42:29+00:00\",\"dateModified\":\"2024-03-17T14:51:55+00:00\",\"mainEntityOfPage\":{\"@id\":\"https:\/\/galleanosebastian.com.ar\/index.php\/2024\/03\/17\/traumatismos-de-cadera-y-pelvis\/\"},\"wordCount\":640,\"commentCount\":0,\"publisher\":{\"@id\":\"https:\/\/galleanosebastian.com.ar\/#\/schema\/person\/e9e053bc7d61b5b176e446bc0b052f9c\"},\"image\":{\"@id\":\"https:\/\/galleanosebastian.com.ar\/index.php\/2024\/03\/17\/traumatismos-de-cadera-y-pelvis\/#primaryimage\"},\"thumbnailUrl\":\"https:\/\/galleanosebastian.com.ar\/wp-content\/uploads\/2024\/03\/20-scaled.jpg\",\"keywords\":[\"#Articulaci\u00f3n\",\"#Atenci\u00f3n M\u00e9dica\",\"#Cirug\u00eda\",\"#Complicaciones\",\"#Contusi\u00f3n\",\"#Cuidado Postoperatorio\",\"#Dolor\",\"#Esguince\",\"#Evaluaci\u00f3n M\u00e9dica\",\"#Lesi\u00f3n\",\"#Medicina Deportiva\",\"#M\u00e9dico Especialista\",\"#Ortopedia\",\"#Pelvis\",\"#Radiograf\u00eda\",\"#Rehabilitaci\u00f3n F\u00edsica\",\"cadera\",\"cirug\u00eda ortop\u00e9dica\",\"fisioterapia\",\"fractura\",\"lesiones deportivas\",\"movilidad\",\"recuperaci\u00f3n\",\"rehabilitaci\u00f3n\",\"terapia f\u00edsica\",\"tratamiento\",\"traumatismo\"],\"articleSection\":[\"Asistencia\",\"Prevenci\u00f3n\",\"Semiolog\u00eda\"],\"inLanguage\":\"es\",\"potentialAction\":[{\"@type\":\"CommentAction\",\"name\":\"Comment\",\"target\":[\"https:\/\/galleanosebastian.com.ar\/index.php\/2024\/03\/17\/traumatismos-de-cadera-y-pelvis\/#respond\"]}]},{\"@type\":\"WebPage\",\"@id\":\"https:\/\/galleanosebastian.com.ar\/index.php\/2024\/03\/17\/traumatismos-de-cadera-y-pelvis\/\",\"url\":\"https:\/\/galleanosebastian.com.ar\/index.php\/2024\/03\/17\/traumatismos-de-cadera-y-pelvis\/\",\"name\":\"Traumatismos de Cadera y Pelvis -\",\"isPartOf\":{\"@id\":\"https:\/\/galleanosebastian.com.ar\/#website\"},\"primaryImageOfPage\":{\"@id\":\"https:\/\/galleanosebastian.com.ar\/index.php\/2024\/03\/17\/traumatismos-de-cadera-y-pelvis\/#primaryimage\"},\"image\":{\"@id\":\"https:\/\/galleanosebastian.com.ar\/index.php\/2024\/03\/17\/traumatismos-de-cadera-y-pelvis\/#primaryimage\"},\"thumbnailUrl\":\"https:\/\/galleanosebastian.com.ar\/wp-content\/uploads\/2024\/03\/20-scaled.jpg\",\"datePublished\":\"2024-03-17T14:42:29+00:00\",\"dateModified\":\"2024-03-17T14:51:55+00:00\",\"breadcrumb\":{\"@id\":\"https:\/\/galleanosebastian.com.ar\/index.php\/2024\/03\/17\/traumatismos-de-cadera-y-pelvis\/#breadcrumb\"},\"inLanguage\":\"es\",\"potentialAction\":[{\"@type\":\"ReadAction\",\"target\":[\"https:\/\/galleanosebastian.com.ar\/index.php\/2024\/03\/17\/traumatismos-de-cadera-y-pelvis\/\"]}]},{\"@type\":\"ImageObject\",\"inLanguage\":\"es\",\"@id\":\"https:\/\/galleanosebastian.com.ar\/index.php\/2024\/03\/17\/traumatismos-de-cadera-y-pelvis\/#primaryimage\",\"url\":\"https:\/\/galleanosebastian.com.ar\/wp-content\/uploads\/2024\/03\/20-scaled.jpg\",\"contentUrl\":\"https:\/\/galleanosebastian.com.ar\/wp-content\/uploads\/2024\/03\/20-scaled.jpg\",\"width\":2560,\"height\":1280},{\"@type\":\"BreadcrumbList\",\"@id\":\"https:\/\/galleanosebastian.com.ar\/index.php\/2024\/03\/17\/traumatismos-de-cadera-y-pelvis\/#breadcrumb\",\"itemListElement\":[{\"@type\":\"ListItem\",\"position\":1,\"name\":\"Home\",\"item\":\"https:\/\/galleanosebastian.com.ar\/\"},{\"@type\":\"ListItem\",\"position\":2,\"name\":\"Traumatismos de Cadera y Pelvis\"}]},{\"@type\":\"WebSite\",\"@id\":\"https:\/\/galleanosebastian.com.ar\/#website\",\"url\":\"https:\/\/galleanosebastian.com.ar\/\",\"name\":\"Sebasti\u00e1n Pablo Galleano\",\"description\":\"\",\"publisher\":{\"@id\":\"https:\/\/galleanosebastian.com.ar\/#\/schema\/person\/e9e053bc7d61b5b176e446bc0b052f9c\"},\"potentialAction\":[{\"@type\":\"SearchAction\",\"target\":{\"@type\":\"EntryPoint\",\"urlTemplate\":\"https:\/\/galleanosebastian.com.ar\/?s={search_term_string}\"},\"query-input\":{\"@type\":\"PropertyValueSpecification\",\"valueRequired\":true,\"valueName\":\"search_term_string\"}}],\"inLanguage\":\"es\"},{\"@type\":[\"Person\",\"Organization\"],\"@id\":\"https:\/\/galleanosebastian.com.ar\/#\/schema\/person\/e9e053bc7d61b5b176e446bc0b052f9c\",\"name\":\"galleano.sebastian\",\"image\":{\"@type\":\"ImageObject\",\"inLanguage\":\"es\",\"@id\":\"https:\/\/galleanosebastian.com.ar\/#\/schema\/person\/image\/\",\"url\":\"https:\/\/galleanosebastian.com.ar\/wp-content\/uploads\/2023\/11\/cropped-Diseno-sin-titulo-6.png\",\"contentUrl\":\"https:\/\/galleanosebastian.com.ar\/wp-content\/uploads\/2023\/11\/cropped-Diseno-sin-titulo-6.png\",\"width\":250,\"height\":117,\"caption\":\"galleano.sebastian\"},\"logo\":{\"@id\":\"https:\/\/galleanosebastian.com.ar\/#\/schema\/person\/image\/\"},\"sameAs\":[\"https:\/\/galleanosebastian.com.ar\"],\"url\":\"https:\/\/galleanosebastian.com.ar\/index.php\/author\/galleano-sebastian\/\"}]}<\/script>\n<!-- \/ Yoast SEO plugin. -->","yoast_head_json":{"title":"Traumatismos de Cadera y Pelvis -","robots":{"index":"index","follow":"follow","max-snippet":"max-snippet:-1","max-image-preview":"max-image-preview:large","max-video-preview":"max-video-preview:-1"},"canonical":"https:\/\/galleanosebastian.com.ar\/index.php\/2024\/03\/17\/traumatismos-de-cadera-y-pelvis\/","og_locale":"es_ES","og_type":"article","og_title":"Traumatismos de Cadera y Pelvis -","og_description":"Un Enfoque Integral Los traumatismos de cadera y pelvis son lesiones graves que pueden tener un impacto significativo en la movilidad y la calidad de vida de una persona. Desde la evaluaci\u00f3n inicial hasta el tratamiento y la rehabilitaci\u00f3n, es fundamental abordar adecuadamente estos traumatismos para lograr una recuperaci\u00f3n \u00f3ptima. En este art\u00edculo, exploraremos los [&hellip;]","og_url":"https:\/\/galleanosebastian.com.ar\/index.php\/2024\/03\/17\/traumatismos-de-cadera-y-pelvis\/","article_published_time":"2024-03-17T14:42:29+00:00","article_modified_time":"2024-03-17T14:51:55+00:00","og_image":[{"width":2560,"height":1280,"url":"https:\/\/galleanosebastian.com.ar\/wp-content\/uploads\/2024\/03\/20-scaled.jpg","type":"image\/jpeg"}],"author":"galleano.sebastian","twitter_card":"summary_large_image","twitter_misc":{"Escrito por":"galleano.sebastian","Tiempo de lectura":"3 minutos"},"schema":{"@context":"https:\/\/schema.org","@graph":[{"@type":"Article","@id":"https:\/\/galleanosebastian.com.ar\/index.php\/2024\/03\/17\/traumatismos-de-cadera-y-pelvis\/#article","isPartOf":{"@id":"https:\/\/galleanosebastian.com.ar\/index.php\/2024\/03\/17\/traumatismos-de-cadera-y-pelvis\/"},"author":{"name":"galleano.sebastian","@id":"https:\/\/galleanosebastian.com.ar\/#\/schema\/person\/e9e053bc7d61b5b176e446bc0b052f9c"},"headline":"Traumatismos de Cadera y Pelvis","datePublished":"2024-03-17T14:42:29+00:00","dateModified":"2024-03-17T14:51:55+00:00","mainEntityOfPage":{"@id":"https:\/\/galleanosebastian.com.ar\/index.php\/2024\/03\/17\/traumatismos-de-cadera-y-pelvis\/"},"wordCount":640,"commentCount":0,"publisher":{"@id":"https:\/\/galleanosebastian.com.ar\/#\/schema\/person\/e9e053bc7d61b5b176e446bc0b052f9c"},"image":{"@id":"https:\/\/galleanosebastian.com.ar\/index.php\/2024\/03\/17\/traumatismos-de-cadera-y-pelvis\/#primaryimage"},"thumbnailUrl":"https:\/\/galleanosebastian.com.ar\/wp-content\/uploads\/2024\/03\/20-scaled.jpg","keywords":["#Articulaci\u00f3n","#Atenci\u00f3n M\u00e9dica","#Cirug\u00eda","#Complicaciones","#Contusi\u00f3n","#Cuidado Postoperatorio","#Dolor","#Esguince","#Evaluaci\u00f3n M\u00e9dica","#Lesi\u00f3n","#Medicina Deportiva","#M\u00e9dico Especialista","#Ortopedia","#Pelvis","#Radiograf\u00eda","#Rehabilitaci\u00f3n F\u00edsica","cadera","cirug\u00eda ortop\u00e9dica","fisioterapia","fractura","lesiones deportivas","movilidad","recuperaci\u00f3n","rehabilitaci\u00f3n","terapia f\u00edsica","tratamiento","traumatismo"],"articleSection":["Asistencia","Prevenci\u00f3n","Semiolog\u00eda"],"inLanguage":"es","potentialAction":[{"@type":"CommentAction","name":"Comment","target":["https:\/\/galleanosebastian.com.ar\/index.php\/2024\/03\/17\/traumatismos-de-cadera-y-pelvis\/#respond"]}]},{"@type":"WebPage","@id":"https:\/\/galleanosebastian.com.ar\/index.php\/2024\/03\/17\/traumatismos-de-cadera-y-pelvis\/","url":"https:\/\/galleanosebastian.com.ar\/index.php\/2024\/03\/17\/traumatismos-de-cadera-y-pelvis\/","name":"Traumatismos de Cadera y Pelvis -","isPartOf":{"@id":"https:\/\/galleanosebastian.com.ar\/#website"},"primaryImageOfPage":{"@id":"https:\/\/galleanosebastian.com.ar\/index.php\/2024\/03\/17\/traumatismos-de-cadera-y-pelvis\/#primaryimage"},"image":{"@id":"https:\/\/galleanosebastian.com.ar\/index.php\/2024\/03\/17\/traumatismos-de-cadera-y-pelvis\/#primaryimage"},"thumbnailUrl":"https:\/\/galleanosebastian.com.ar\/wp-content\/uploads\/2024\/03\/20-scaled.jpg","datePublished":"2024-03-17T14:42:29+00:00","dateModified":"2024-03-17T14:51:55+00:00","breadcrumb":{"@id":"https:\/\/galleanosebastian.com.ar\/index.php\/2024\/03\/17\/traumatismos-de-cadera-y-pelvis\/#breadcrumb"},"inLanguage":"es","potentialAction":[{"@type":"ReadAction","target":["https:\/\/galleanosebastian.com.ar\/index.php\/2024\/03\/17\/traumatismos-de-cadera-y-pelvis\/"]}]},{"@type":"ImageObject","inLanguage":"es","@id":"https:\/\/galleanosebastian.com.ar\/index.php\/2024\/03\/17\/traumatismos-de-cadera-y-pelvis\/#primaryimage","url":"https:\/\/galleanosebastian.com.ar\/wp-content\/uploads\/2024\/03\/20-scaled.jpg","contentUrl":"https:\/\/galleanosebastian.com.ar\/wp-content\/uploads\/2024\/03\/20-scaled.jpg","width":2560,"height":1280},{"@type":"BreadcrumbList","@id":"https:\/\/galleanosebastian.com.ar\/index.php\/2024\/03\/17\/traumatismos-de-cadera-y-pelvis\/#breadcrumb","itemListElement":[{"@type":"ListItem","position":1,"name":"Home","item":"https:\/\/galleanosebastian.com.ar\/"},{"@type":"ListItem","position":2,"name":"Traumatismos de Cadera y Pelvis"}]},{"@type":"WebSite","@id":"https:\/\/galleanosebastian.com.ar\/#website","url":"https:\/\/galleanosebastian.com.ar\/","name":"Sebasti\u00e1n Pablo Galleano","description":"","publisher":{"@id":"https:\/\/galleanosebastian.com.ar\/#\/schema\/person\/e9e053bc7d61b5b176e446bc0b052f9c"},"potentialAction":[{"@type":"SearchAction","target":{"@type":"EntryPoint","urlTemplate":"https:\/\/galleanosebastian.com.ar\/?s={search_term_string}"},"query-input":{"@type":"PropertyValueSpecification","valueRequired":true,"valueName":"search_term_string"}}],"inLanguage":"es"},{"@type":["Person","Organization"],"@id":"https:\/\/galleanosebastian.com.ar\/#\/schema\/person\/e9e053bc7d61b5b176e446bc0b052f9c","name":"galleano.sebastian","image":{"@type":"ImageObject","inLanguage":"es","@id":"https:\/\/galleanosebastian.com.ar\/#\/schema\/person\/image\/","url":"https:\/\/galleanosebastian.com.ar\/wp-content\/uploads\/2023\/11\/cropped-Diseno-sin-titulo-6.png","contentUrl":"https:\/\/galleanosebastian.com.ar\/wp-content\/uploads\/2023\/11\/cropped-Diseno-sin-titulo-6.png","width":250,"height":117,"caption":"galleano.sebastian"},"logo":{"@id":"https:\/\/galleanosebastian.com.ar\/#\/schema\/person\/image\/"},"sameAs":["https:\/\/galleanosebastian.com.ar"],"url":"https:\/\/galleanosebastian.com.ar\/index.php\/author\/galleano-sebastian\/"}]}},"_links":{"self":[{"href":"https:\/\/galleanosebastian.com.ar\/index.php\/wp-json\/wp\/v2\/posts\/3733","targetHints":{"allow":["GET"]}}],"collection":[{"href":"https:\/\/galleanosebastian.com.ar\/index.php\/wp-json\/wp\/v2\/posts"}],"about":[{"href":"https:\/\/galleanosebastian.com.ar\/index.php\/wp-json\/wp\/v2\/types\/post"}],"author":[{"embeddable":true,"href":"https:\/\/galleanosebastian.com.ar\/index.php\/wp-json\/wp\/v2\/users\/1"}],"replies":[{"embeddable":true,"href":"https:\/\/galleanosebastian.com.ar\/index.php\/wp-json\/wp\/v2\/comments?post=3733"}],"version-history":[{"count":4,"href":"https:\/\/galleanosebastian.com.ar\/index.php\/wp-json\/wp\/v2\/posts\/3733\/revisions"}],"predecessor-version":[{"id":3738,"href":"https:\/\/galleanosebastian.com.ar\/index.php\/wp-json\/wp\/v2\/posts\/3733\/revisions\/3738"}],"wp:featuredmedia":[{"embeddable":true,"href":"https:\/\/galleanosebastian.com.ar\/index.php\/wp-json\/wp\/v2\/media\/3735"}],"wp:attachment":[{"href":"https:\/\/galleanosebastian.com.ar\/index.php\/wp-json\/wp\/v2\/media?parent=3733"}],"wp:term":[{"taxonomy":"category","embeddable":true,"href":"https:\/\/galleanosebastian.com.ar\/index.php\/wp-json\/wp\/v2\/categories?post=3733"},{"taxonomy":"post_tag","embeddable":true,"href":"https:\/\/galleanosebastian.com.ar\/index.php\/wp-json\/wp\/v2\/tags?post=3733"}],"curies":[{"name":"wp","href":"https:\/\/api.w.org\/{rel}","templated":true}]}}