{"id":3748,"date":"2024-03-17T15:47:07","date_gmt":"2024-03-17T14:47:07","guid":{"rendered":"https:\/\/galleanosebastian.com.ar\/?p=3748"},"modified":"2024-03-17T15:50:45","modified_gmt":"2024-03-17T14:50:45","slug":"fractura-de-la-epifisis-superior-del-femur","status":"publish","type":"post","link":"https:\/\/galleanosebastian.com.ar\/index.php\/2024\/03\/17\/fractura-de-la-epifisis-superior-del-femur\/","title":{"rendered":"Fractura de la Ep\u00edfisis Superior del F\u00e9mur"},"content":{"rendered":"\t\t<div data-elementor-type=\"wp-post\" data-elementor-id=\"3748\" class=\"elementor elementor-3748\">\n\t\t\t\t<div class=\"elementor-element elementor-element-c15b230 e-flex e-con-boxed e-con e-parent\" data-id=\"c15b230\" data-element_type=\"container\">\n\t\t\t\t\t<div class=\"e-con-inner\">\n\t\t\t\t<div class=\"elementor-element elementor-element-96257ff elementor-widget elementor-widget-text-editor\" data-id=\"96257ff\" data-element_type=\"widget\" data-widget_type=\"text-editor.default\">\n\t\t\t\t<div class=\"elementor-widget-container\">\n\t\t\t\t\t\t\t\t\t<h2><b>Semiolog\u00eda y Rehabilitaci\u00f3n<\/b><\/h2><p><span style=\"font-weight: 400;\">Las fracturas de la ep\u00edfisis superior del f\u00e9mur son lesiones graves que pueden afectar la movilidad y la calidad de vida de una persona. La semiolog\u00eda precisa y una rehabilitaci\u00f3n efectiva son fundamentales para manejar esta lesi\u00f3n de manera \u00f3ptima y lograr una recuperaci\u00f3n exitosa. En este art\u00edculo, exploraremos los aspectos clave de la semiolog\u00eda y la rehabilitaci\u00f3n de las fracturas de la ep\u00edfisis superior del f\u00e9mur.<\/span><\/p><h3><b>Semiolog\u00eda de Fractura de la Ep\u00edfisis Superior del F\u00e9mur<\/b><\/h3><p><span style=\"font-weight: 400;\">La semiolog\u00eda de una fractura de la ep\u00edfisis superior del f\u00e9mur comprende la evaluaci\u00f3n de los s\u00edntomas y signos caracter\u00edsticos de esta lesi\u00f3n. Estos pueden incluir:<\/span><\/p><ul><li style=\"font-weight: 400;\" aria-level=\"1\"><span style=\"font-weight: 400;\">Dolor intenso: Las fracturas de la ep\u00edfisis superior del f\u00e9mur suelen causar un dolor agudo e intenso en la regi\u00f3n de la cadera y el muslo afectados. El dolor puede ser constante y empeorar con el movimiento.<\/span><\/li><li style=\"font-weight: 400;\" aria-level=\"1\"><span style=\"font-weight: 400;\">Incapacidad para soportar peso: Los pacientes afectados pueden tener dificultad para poner peso sobre la pierna afectada o incluso para moverla.<\/span><\/li><li style=\"font-weight: 400;\" aria-level=\"1\"><span style=\"font-weight: 400;\">Deformidad evidente: En algunos casos, especialmente en fracturas desplazadas, puede ser evidente una deformidad en la cadera o el muslo, con acortamiento o rotaci\u00f3n anormal del miembro inferior.<\/span><\/li><\/ul><h3><b>Evaluaci\u00f3n y Diagn\u00f3stico<\/b><\/h3><p><span style=\"font-weight: 400;\">El diagn\u00f3stico de una fractura de la ep\u00edfisis superior del f\u00e9mur se realiza mediante una combinaci\u00f3n de historia cl\u00ednica, examen f\u00edsico y pruebas de diagn\u00f3stico por imagen, como radiograf\u00edas, tomograf\u00edas computarizadas (TC) o resonancias magn\u00e9ticas (RM). Estas pruebas ayudan a confirmar el diagn\u00f3stico, evaluar la gravedad de la fractura y determinar el mejor plan de tratamiento.<\/span><\/p><h3><b>Tratamiento y Rehabilitaci\u00f3n<\/b><\/h3><p><span style=\"font-weight: 400;\">El tratamiento de una fractura de la ep\u00edfisis superior del f\u00e9mur puede variar seg\u00fan la naturaleza y la gravedad de la lesi\u00f3n, pero puede incluir:<\/span><\/p><ul><li style=\"font-weight: 400;\" aria-level=\"1\"><span style=\"font-weight: 400;\">Reducci\u00f3n cerrada: En algunos casos, especialmente en fracturas no desplazadas, la reducci\u00f3n cerrada puede ser suficiente para alinear los fragmentos \u00f3seos y permitir la cicatrizaci\u00f3n adecuada.<\/span><\/li><li style=\"font-weight: 400;\" aria-level=\"1\"><span style=\"font-weight: 400;\">Cirug\u00eda: En fracturas desplazadas o inestables, puede ser necesaria la cirug\u00eda para realinear los fragmentos \u00f3seos y estabilizar la articulaci\u00f3n. Esto puede implicar la inserci\u00f3n de clavos, placas o tornillos para mantener la posici\u00f3n adecuada de la fractura.<\/span><\/li><li style=\"font-weight: 400;\" aria-level=\"1\"><span style=\"font-weight: 400;\">Inmovilizaci\u00f3n y rehabilitaci\u00f3n: Despu\u00e9s del tratamiento inicial, la rehabilitaci\u00f3n es crucial para restaurar la fuerza, la movilidad y la funci\u00f3n de la pierna afectada. Esto puede incluir ejercicios de fortalecimiento, terapia f\u00edsica y ocupacional, y entrenamiento de la marcha para ayudar al paciente a volver a caminar de manera segura y eficaz.<\/span><\/li><\/ul><h3><b>Pron\u00f3stico y Seguimiento<\/b><\/h3><p><span style=\"font-weight: 400;\">El pron\u00f3stico de una fractura de la ep\u00edfisis superior del f\u00e9mur depende de varios factores, como la gravedad de la lesi\u00f3n, la edad y la salud general del paciente, y la adherencia al tratamiento y la rehabilitaci\u00f3n. En muchos casos, la recuperaci\u00f3n puede ser completa con el tiempo y la terapia adecuada. Sin embargo, en fracturas graves o complicadas, pueden persistir complicaciones a largo plazo, como la artrosis de cadera. Es importante que los pacientes sigan el plan de tratamiento y rehabilitaci\u00f3n prescrito por su equipo m\u00e9dico y se sometan a un seguimiento regular para evaluar su progreso y abordar cualquier problema que pueda surgir.<\/span><\/p><p><span style=\"font-weight: 400;\">En conclusi\u00f3n, la semiolog\u00eda precisa y la rehabilitaci\u00f3n efectiva son fundamentales para el manejo exitoso de las fracturas de la ep\u00edfisis superior del f\u00e9mur. Con un enfoque integral que aborde tanto el tratamiento inicial como la rehabilitaci\u00f3n a largo plazo, muchos pacientes pueden lograr una recuperaci\u00f3n satisfactoria y restaurar la funci\u00f3n normal de la cadera y el muslo afectados.<\/span><\/p><p><strong>Lic. Sebasti\u00e1n Pablo Galleano<\/strong><\/p>\t\t\t\t\t\t\t\t<\/div>\n\t\t\t\t<\/div>\n\t\t\t\t\t<\/div>\n\t\t\t\t<\/div>\n\t\t\t\t<\/div>\n\t\t","protected":false},"excerpt":{"rendered":"<p>Semiolog\u00eda y Rehabilitaci\u00f3n Las fracturas de la ep\u00edfisis superior del f\u00e9mur son lesiones graves que pueden afectar la movilidad y la calidad de vida de una persona. La semiolog\u00eda precisa y una rehabilitaci\u00f3n efectiva son fundamentales para manejar esta lesi\u00f3n de manera \u00f3ptima y lograr una recuperaci\u00f3n exitosa. En este art\u00edculo, exploraremos los aspectos clave [&hellip;]<\/p>\n","protected":false},"author":1,"featured_media":3750,"comment_status":"open","ping_status":"open","sticky":false,"template":"","format":"standard","meta":{"site-sidebar-layout":"default","site-content-layout":"","ast-site-content-layout":"","site-content-style":"default","site-sidebar-style":"default","ast-global-header-display":"","ast-banner-title-visibility":"","ast-main-header-display":"","ast-hfb-above-header-display":"","ast-hfb-below-header-display":"","ast-hfb-mobile-header-display":"","site-post-title":"","ast-breadcrumbs-content":"","ast-featured-img":"","footer-sml-layout":"","theme-transparent-header-meta":"","adv-header-id-meta":"","stick-header-meta":"","header-above-stick-meta":"","header-main-stick-meta":"","header-below-stick-meta":"","astra-migrate-meta-layouts":"default","ast-page-background-enabled":"default","ast-page-background-meta":{"desktop":{"background-color":"var(--ast-global-color-4)","background-image":"","background-repeat":"repeat","background-position":"center center","background-size":"auto","background-attachment":"scroll","background-type":"","background-media":"","overlay-type":"","overlay-color":"","overlay-opacity":"","overlay-gradient":""},"tablet":{"background-color":"","background-image":"","background-repeat":"repeat","background-position":"center center","background-size":"auto","background-attachment":"scroll","background-type":"","background-media":"","overlay-type":"","overlay-color":"","overlay-opacity":"","overlay-gradient":""},"mobile":{"background-color":"","background-image":"","background-repeat":"repeat","background-position":"center center","background-size":"auto","background-attachment":"scroll","background-type":"","background-media":"","overlay-type":"","overlay-color":"","overlay-opacity":"","overlay-gradient":""}},"ast-content-background-meta":{"desktop":{"background-color":"var(--ast-global-color-5)","background-image":"","background-repeat":"repeat","background-position":"center center","background-size":"auto","background-attachment":"scroll","background-type":"","background-media":"","overlay-type":"","overlay-color":"","overlay-opacity":"","overlay-gradient":""},"tablet":{"background-color":"var(--ast-global-color-5)","background-image":"","background-repeat":"repeat","background-position":"center center","background-size":"auto","background-attachment":"scroll","background-type":"","background-media":"","overlay-type":"","overlay-color":"","overlay-opacity":"","overlay-gradient":""},"mobile":{"background-color":"var(--ast-global-color-5)","background-image":"","background-repeat":"repeat","background-position":"center center","background-size":"auto","background-attachment":"scroll","background-type":"","background-media":"","overlay-type":"","overlay-color":"","overlay-opacity":"","overlay-gradient":""}},"footnotes":"","_wpscppro_custom_social_share_image":0,"_facebook_share_type":"","_twitter_share_type":"","_linkedin_share_type":"","_pinterest_share_type":"","_linkedin_share_type_page":"","_instagram_share_type":"","_medium_share_type":"","_threads_share_type":"","_selected_social_profile":[]},"categories":[2,6,7],"tags":[163,158,161,166,168,160,165,154,156,155,159,167,157,164,162,138,46,47,110,100,97,90,89,135,77],"class_list":["post-3748","post","type-post","status-publish","format-standard","has-post-thumbnail","hentry","category-asistencia","category-prevencion","category-semiologia","tag-atencion-medica","tag-cirugia","tag-complicaciones","tag-cuidado-postoperatorio","tag-dolor","tag-esguince","tag-evaluacion-medica","tag-femur","tag-hueso","tag-lesion","tag-medicina-deportiva","tag-medico-especialista","tag-ortopedia","tag-radiografia","tag-rehabilitacion-fisica","tag-cirugia-ortopedica","tag-fisioterapia","tag-fractura","tag-lesiones-deportivas","tag-movilidad","tag-recuperacion","tag-rehabilitacion","tag-terapia-fisica","tag-tratamiento","tag-traumatismo"],"yoast_head":"<!-- This site is optimized with the Yoast SEO plugin v24.6 - https:\/\/yoast.com\/wordpress\/plugins\/seo\/ -->\n<title>Fractura de la Ep\u00edfisis Superior del F\u00e9mur -<\/title>\n<meta name=\"robots\" content=\"index, follow, max-snippet:-1, max-image-preview:large, max-video-preview:-1\" \/>\n<link rel=\"canonical\" href=\"https:\/\/galleanosebastian.com.ar\/index.php\/2024\/03\/17\/fractura-de-la-epifisis-superior-del-femur\/\" \/>\n<meta property=\"og:locale\" content=\"es_ES\" \/>\n<meta property=\"og:type\" content=\"article\" \/>\n<meta property=\"og:title\" content=\"Fractura de la Ep\u00edfisis Superior del F\u00e9mur -\" \/>\n<meta property=\"og:description\" content=\"Semiolog\u00eda y Rehabilitaci\u00f3n Las fracturas de la ep\u00edfisis superior del f\u00e9mur son lesiones graves que pueden afectar la movilidad y la calidad de vida de una persona. La semiolog\u00eda precisa y una rehabilitaci\u00f3n efectiva son fundamentales para manejar esta lesi\u00f3n de manera \u00f3ptima y lograr una recuperaci\u00f3n exitosa. En este art\u00edculo, exploraremos los aspectos clave [&hellip;]\" \/>\n<meta property=\"og:url\" content=\"https:\/\/galleanosebastian.com.ar\/index.php\/2024\/03\/17\/fractura-de-la-epifisis-superior-del-femur\/\" \/>\n<meta property=\"article:published_time\" content=\"2024-03-17T14:47:07+00:00\" \/>\n<meta property=\"article:modified_time\" content=\"2024-03-17T14:50:45+00:00\" \/>\n<meta property=\"og:image\" content=\"https:\/\/galleanosebastian.com.ar\/wp-content\/uploads\/2024\/03\/22-scaled.jpg\" \/>\n\t<meta property=\"og:image:width\" content=\"2560\" \/>\n\t<meta property=\"og:image:height\" content=\"1280\" \/>\n\t<meta property=\"og:image:type\" content=\"image\/jpeg\" \/>\n<meta name=\"author\" content=\"galleano.sebastian\" \/>\n<meta name=\"twitter:card\" content=\"summary_large_image\" \/>\n<meta name=\"twitter:label1\" content=\"Escrito por\" \/>\n\t<meta name=\"twitter:data1\" content=\"galleano.sebastian\" \/>\n\t<meta name=\"twitter:label2\" content=\"Tiempo de lectura\" \/>\n\t<meta name=\"twitter:data2\" content=\"3 minutos\" \/>\n<script type=\"application\/ld+json\" class=\"yoast-schema-graph\">{\"@context\":\"https:\/\/schema.org\",\"@graph\":[{\"@type\":\"Article\",\"@id\":\"https:\/\/galleanosebastian.com.ar\/index.php\/2024\/03\/17\/fractura-de-la-epifisis-superior-del-femur\/#article\",\"isPartOf\":{\"@id\":\"https:\/\/galleanosebastian.com.ar\/index.php\/2024\/03\/17\/fractura-de-la-epifisis-superior-del-femur\/\"},\"author\":{\"name\":\"galleano.sebastian\",\"@id\":\"https:\/\/galleanosebastian.com.ar\/#\/schema\/person\/e9e053bc7d61b5b176e446bc0b052f9c\"},\"headline\":\"Fractura de la Ep\u00edfisis Superior del F\u00e9mur\",\"datePublished\":\"2024-03-17T14:47:07+00:00\",\"dateModified\":\"2024-03-17T14:50:45+00:00\",\"mainEntityOfPage\":{\"@id\":\"https:\/\/galleanosebastian.com.ar\/index.php\/2024\/03\/17\/fractura-de-la-epifisis-superior-del-femur\/\"},\"wordCount\":651,\"commentCount\":0,\"publisher\":{\"@id\":\"https:\/\/galleanosebastian.com.ar\/#\/schema\/person\/e9e053bc7d61b5b176e446bc0b052f9c\"},\"image\":{\"@id\":\"https:\/\/galleanosebastian.com.ar\/index.php\/2024\/03\/17\/fractura-de-la-epifisis-superior-del-femur\/#primaryimage\"},\"thumbnailUrl\":\"https:\/\/galleanosebastian.com.ar\/wp-content\/uploads\/2024\/03\/22-scaled.jpg\",\"keywords\":[\"#Atenci\u00f3n M\u00e9dica\",\"#Cirug\u00eda\",\"#Complicaciones\",\"#Cuidado Postoperatorio\",\"#Dolor\",\"#Esguince\",\"#Evaluaci\u00f3n M\u00e9dica\",\"#F\u00e9mur\",\"#Hueso\",\"#Lesi\u00f3n\",\"#Medicina Deportiva\",\"#M\u00e9dico Especialista\",\"#Ortopedia\",\"#Radiograf\u00eda\",\"#Rehabilitaci\u00f3n F\u00edsica\",\"cirug\u00eda ortop\u00e9dica\",\"fisioterapia\",\"fractura\",\"lesiones deportivas\",\"movilidad\",\"recuperaci\u00f3n\",\"rehabilitaci\u00f3n\",\"terapia f\u00edsica\",\"tratamiento\",\"traumatismo\"],\"articleSection\":[\"Asistencia\",\"Prevenci\u00f3n\",\"Semiolog\u00eda\"],\"inLanguage\":\"es\",\"potentialAction\":[{\"@type\":\"CommentAction\",\"name\":\"Comment\",\"target\":[\"https:\/\/galleanosebastian.com.ar\/index.php\/2024\/03\/17\/fractura-de-la-epifisis-superior-del-femur\/#respond\"]}]},{\"@type\":\"WebPage\",\"@id\":\"https:\/\/galleanosebastian.com.ar\/index.php\/2024\/03\/17\/fractura-de-la-epifisis-superior-del-femur\/\",\"url\":\"https:\/\/galleanosebastian.com.ar\/index.php\/2024\/03\/17\/fractura-de-la-epifisis-superior-del-femur\/\",\"name\":\"Fractura de la Ep\u00edfisis Superior del F\u00e9mur -\",\"isPartOf\":{\"@id\":\"https:\/\/galleanosebastian.com.ar\/#website\"},\"primaryImageOfPage\":{\"@id\":\"https:\/\/galleanosebastian.com.ar\/index.php\/2024\/03\/17\/fractura-de-la-epifisis-superior-del-femur\/#primaryimage\"},\"image\":{\"@id\":\"https:\/\/galleanosebastian.com.ar\/index.php\/2024\/03\/17\/fractura-de-la-epifisis-superior-del-femur\/#primaryimage\"},\"thumbnailUrl\":\"https:\/\/galleanosebastian.com.ar\/wp-content\/uploads\/2024\/03\/22-scaled.jpg\",\"datePublished\":\"2024-03-17T14:47:07+00:00\",\"dateModified\":\"2024-03-17T14:50:45+00:00\",\"breadcrumb\":{\"@id\":\"https:\/\/galleanosebastian.com.ar\/index.php\/2024\/03\/17\/fractura-de-la-epifisis-superior-del-femur\/#breadcrumb\"},\"inLanguage\":\"es\",\"potentialAction\":[{\"@type\":\"ReadAction\",\"target\":[\"https:\/\/galleanosebastian.com.ar\/index.php\/2024\/03\/17\/fractura-de-la-epifisis-superior-del-femur\/\"]}]},{\"@type\":\"ImageObject\",\"inLanguage\":\"es\",\"@id\":\"https:\/\/galleanosebastian.com.ar\/index.php\/2024\/03\/17\/fractura-de-la-epifisis-superior-del-femur\/#primaryimage\",\"url\":\"https:\/\/galleanosebastian.com.ar\/wp-content\/uploads\/2024\/03\/22-scaled.jpg\",\"contentUrl\":\"https:\/\/galleanosebastian.com.ar\/wp-content\/uploads\/2024\/03\/22-scaled.jpg\",\"width\":2560,\"height\":1280},{\"@type\":\"BreadcrumbList\",\"@id\":\"https:\/\/galleanosebastian.com.ar\/index.php\/2024\/03\/17\/fractura-de-la-epifisis-superior-del-femur\/#breadcrumb\",\"itemListElement\":[{\"@type\":\"ListItem\",\"position\":1,\"name\":\"Home\",\"item\":\"https:\/\/galleanosebastian.com.ar\/\"},{\"@type\":\"ListItem\",\"position\":2,\"name\":\"Fractura de la Ep\u00edfisis Superior del F\u00e9mur\"}]},{\"@type\":\"WebSite\",\"@id\":\"https:\/\/galleanosebastian.com.ar\/#website\",\"url\":\"https:\/\/galleanosebastian.com.ar\/\",\"name\":\"Sebasti\u00e1n Pablo Galleano\",\"description\":\"\",\"publisher\":{\"@id\":\"https:\/\/galleanosebastian.com.ar\/#\/schema\/person\/e9e053bc7d61b5b176e446bc0b052f9c\"},\"potentialAction\":[{\"@type\":\"SearchAction\",\"target\":{\"@type\":\"EntryPoint\",\"urlTemplate\":\"https:\/\/galleanosebastian.com.ar\/?s={search_term_string}\"},\"query-input\":{\"@type\":\"PropertyValueSpecification\",\"valueRequired\":true,\"valueName\":\"search_term_string\"}}],\"inLanguage\":\"es\"},{\"@type\":[\"Person\",\"Organization\"],\"@id\":\"https:\/\/galleanosebastian.com.ar\/#\/schema\/person\/e9e053bc7d61b5b176e446bc0b052f9c\",\"name\":\"galleano.sebastian\",\"image\":{\"@type\":\"ImageObject\",\"inLanguage\":\"es\",\"@id\":\"https:\/\/galleanosebastian.com.ar\/#\/schema\/person\/image\/\",\"url\":\"https:\/\/galleanosebastian.com.ar\/wp-content\/uploads\/2023\/11\/cropped-Diseno-sin-titulo-6.png\",\"contentUrl\":\"https:\/\/galleanosebastian.com.ar\/wp-content\/uploads\/2023\/11\/cropped-Diseno-sin-titulo-6.png\",\"width\":250,\"height\":117,\"caption\":\"galleano.sebastian\"},\"logo\":{\"@id\":\"https:\/\/galleanosebastian.com.ar\/#\/schema\/person\/image\/\"},\"sameAs\":[\"https:\/\/galleanosebastian.com.ar\"],\"url\":\"https:\/\/galleanosebastian.com.ar\/index.php\/author\/galleano-sebastian\/\"}]}<\/script>\n<!-- \/ Yoast SEO plugin. -->","yoast_head_json":{"title":"Fractura de la Ep\u00edfisis Superior del F\u00e9mur -","robots":{"index":"index","follow":"follow","max-snippet":"max-snippet:-1","max-image-preview":"max-image-preview:large","max-video-preview":"max-video-preview:-1"},"canonical":"https:\/\/galleanosebastian.com.ar\/index.php\/2024\/03\/17\/fractura-de-la-epifisis-superior-del-femur\/","og_locale":"es_ES","og_type":"article","og_title":"Fractura de la Ep\u00edfisis Superior del F\u00e9mur -","og_description":"Semiolog\u00eda y Rehabilitaci\u00f3n Las fracturas de la ep\u00edfisis superior del f\u00e9mur son lesiones graves que pueden afectar la movilidad y la calidad de vida de una persona. La semiolog\u00eda precisa y una rehabilitaci\u00f3n efectiva son fundamentales para manejar esta lesi\u00f3n de manera \u00f3ptima y lograr una recuperaci\u00f3n exitosa. En este art\u00edculo, exploraremos los aspectos clave [&hellip;]","og_url":"https:\/\/galleanosebastian.com.ar\/index.php\/2024\/03\/17\/fractura-de-la-epifisis-superior-del-femur\/","article_published_time":"2024-03-17T14:47:07+00:00","article_modified_time":"2024-03-17T14:50:45+00:00","og_image":[{"width":2560,"height":1280,"url":"https:\/\/galleanosebastian.com.ar\/wp-content\/uploads\/2024\/03\/22-scaled.jpg","type":"image\/jpeg"}],"author":"galleano.sebastian","twitter_card":"summary_large_image","twitter_misc":{"Escrito por":"galleano.sebastian","Tiempo de lectura":"3 minutos"},"schema":{"@context":"https:\/\/schema.org","@graph":[{"@type":"Article","@id":"https:\/\/galleanosebastian.com.ar\/index.php\/2024\/03\/17\/fractura-de-la-epifisis-superior-del-femur\/#article","isPartOf":{"@id":"https:\/\/galleanosebastian.com.ar\/index.php\/2024\/03\/17\/fractura-de-la-epifisis-superior-del-femur\/"},"author":{"name":"galleano.sebastian","@id":"https:\/\/galleanosebastian.com.ar\/#\/schema\/person\/e9e053bc7d61b5b176e446bc0b052f9c"},"headline":"Fractura de la Ep\u00edfisis Superior del F\u00e9mur","datePublished":"2024-03-17T14:47:07+00:00","dateModified":"2024-03-17T14:50:45+00:00","mainEntityOfPage":{"@id":"https:\/\/galleanosebastian.com.ar\/index.php\/2024\/03\/17\/fractura-de-la-epifisis-superior-del-femur\/"},"wordCount":651,"commentCount":0,"publisher":{"@id":"https:\/\/galleanosebastian.com.ar\/#\/schema\/person\/e9e053bc7d61b5b176e446bc0b052f9c"},"image":{"@id":"https:\/\/galleanosebastian.com.ar\/index.php\/2024\/03\/17\/fractura-de-la-epifisis-superior-del-femur\/#primaryimage"},"thumbnailUrl":"https:\/\/galleanosebastian.com.ar\/wp-content\/uploads\/2024\/03\/22-scaled.jpg","keywords":["#Atenci\u00f3n M\u00e9dica","#Cirug\u00eda","#Complicaciones","#Cuidado Postoperatorio","#Dolor","#Esguince","#Evaluaci\u00f3n M\u00e9dica","#F\u00e9mur","#Hueso","#Lesi\u00f3n","#Medicina Deportiva","#M\u00e9dico Especialista","#Ortopedia","#Radiograf\u00eda","#Rehabilitaci\u00f3n F\u00edsica","cirug\u00eda ortop\u00e9dica","fisioterapia","fractura","lesiones deportivas","movilidad","recuperaci\u00f3n","rehabilitaci\u00f3n","terapia f\u00edsica","tratamiento","traumatismo"],"articleSection":["Asistencia","Prevenci\u00f3n","Semiolog\u00eda"],"inLanguage":"es","potentialAction":[{"@type":"CommentAction","name":"Comment","target":["https:\/\/galleanosebastian.com.ar\/index.php\/2024\/03\/17\/fractura-de-la-epifisis-superior-del-femur\/#respond"]}]},{"@type":"WebPage","@id":"https:\/\/galleanosebastian.com.ar\/index.php\/2024\/03\/17\/fractura-de-la-epifisis-superior-del-femur\/","url":"https:\/\/galleanosebastian.com.ar\/index.php\/2024\/03\/17\/fractura-de-la-epifisis-superior-del-femur\/","name":"Fractura de la Ep\u00edfisis Superior del F\u00e9mur -","isPartOf":{"@id":"https:\/\/galleanosebastian.com.ar\/#website"},"primaryImageOfPage":{"@id":"https:\/\/galleanosebastian.com.ar\/index.php\/2024\/03\/17\/fractura-de-la-epifisis-superior-del-femur\/#primaryimage"},"image":{"@id":"https:\/\/galleanosebastian.com.ar\/index.php\/2024\/03\/17\/fractura-de-la-epifisis-superior-del-femur\/#primaryimage"},"thumbnailUrl":"https:\/\/galleanosebastian.com.ar\/wp-content\/uploads\/2024\/03\/22-scaled.jpg","datePublished":"2024-03-17T14:47:07+00:00","dateModified":"2024-03-17T14:50:45+00:00","breadcrumb":{"@id":"https:\/\/galleanosebastian.com.ar\/index.php\/2024\/03\/17\/fractura-de-la-epifisis-superior-del-femur\/#breadcrumb"},"inLanguage":"es","potentialAction":[{"@type":"ReadAction","target":["https:\/\/galleanosebastian.com.ar\/index.php\/2024\/03\/17\/fractura-de-la-epifisis-superior-del-femur\/"]}]},{"@type":"ImageObject","inLanguage":"es","@id":"https:\/\/galleanosebastian.com.ar\/index.php\/2024\/03\/17\/fractura-de-la-epifisis-superior-del-femur\/#primaryimage","url":"https:\/\/galleanosebastian.com.ar\/wp-content\/uploads\/2024\/03\/22-scaled.jpg","contentUrl":"https:\/\/galleanosebastian.com.ar\/wp-content\/uploads\/2024\/03\/22-scaled.jpg","width":2560,"height":1280},{"@type":"BreadcrumbList","@id":"https:\/\/galleanosebastian.com.ar\/index.php\/2024\/03\/17\/fractura-de-la-epifisis-superior-del-femur\/#breadcrumb","itemListElement":[{"@type":"ListItem","position":1,"name":"Home","item":"https:\/\/galleanosebastian.com.ar\/"},{"@type":"ListItem","position":2,"name":"Fractura de la Ep\u00edfisis Superior del F\u00e9mur"}]},{"@type":"WebSite","@id":"https:\/\/galleanosebastian.com.ar\/#website","url":"https:\/\/galleanosebastian.com.ar\/","name":"Sebasti\u00e1n Pablo Galleano","description":"","publisher":{"@id":"https:\/\/galleanosebastian.com.ar\/#\/schema\/person\/e9e053bc7d61b5b176e446bc0b052f9c"},"potentialAction":[{"@type":"SearchAction","target":{"@type":"EntryPoint","urlTemplate":"https:\/\/galleanosebastian.com.ar\/?s={search_term_string}"},"query-input":{"@type":"PropertyValueSpecification","valueRequired":true,"valueName":"search_term_string"}}],"inLanguage":"es"},{"@type":["Person","Organization"],"@id":"https:\/\/galleanosebastian.com.ar\/#\/schema\/person\/e9e053bc7d61b5b176e446bc0b052f9c","name":"galleano.sebastian","image":{"@type":"ImageObject","inLanguage":"es","@id":"https:\/\/galleanosebastian.com.ar\/#\/schema\/person\/image\/","url":"https:\/\/galleanosebastian.com.ar\/wp-content\/uploads\/2023\/11\/cropped-Diseno-sin-titulo-6.png","contentUrl":"https:\/\/galleanosebastian.com.ar\/wp-content\/uploads\/2023\/11\/cropped-Diseno-sin-titulo-6.png","width":250,"height":117,"caption":"galleano.sebastian"},"logo":{"@id":"https:\/\/galleanosebastian.com.ar\/#\/schema\/person\/image\/"},"sameAs":["https:\/\/galleanosebastian.com.ar"],"url":"https:\/\/galleanosebastian.com.ar\/index.php\/author\/galleano-sebastian\/"}]}},"_links":{"self":[{"href":"https:\/\/galleanosebastian.com.ar\/index.php\/wp-json\/wp\/v2\/posts\/3748","targetHints":{"allow":["GET"]}}],"collection":[{"href":"https:\/\/galleanosebastian.com.ar\/index.php\/wp-json\/wp\/v2\/posts"}],"about":[{"href":"https:\/\/galleanosebastian.com.ar\/index.php\/wp-json\/wp\/v2\/types\/post"}],"author":[{"embeddable":true,"href":"https:\/\/galleanosebastian.com.ar\/index.php\/wp-json\/wp\/v2\/users\/1"}],"replies":[{"embeddable":true,"href":"https:\/\/galleanosebastian.com.ar\/index.php\/wp-json\/wp\/v2\/comments?post=3748"}],"version-history":[{"count":4,"href":"https:\/\/galleanosebastian.com.ar\/index.php\/wp-json\/wp\/v2\/posts\/3748\/revisions"}],"predecessor-version":[{"id":3753,"href":"https:\/\/galleanosebastian.com.ar\/index.php\/wp-json\/wp\/v2\/posts\/3748\/revisions\/3753"}],"wp:featuredmedia":[{"embeddable":true,"href":"https:\/\/galleanosebastian.com.ar\/index.php\/wp-json\/wp\/v2\/media\/3750"}],"wp:attachment":[{"href":"https:\/\/galleanosebastian.com.ar\/index.php\/wp-json\/wp\/v2\/media?parent=3748"}],"wp:term":[{"taxonomy":"category","embeddable":true,"href":"https:\/\/galleanosebastian.com.ar\/index.php\/wp-json\/wp\/v2\/categories?post=3748"},{"taxonomy":"post_tag","embeddable":true,"href":"https:\/\/galleanosebastian.com.ar\/index.php\/wp-json\/wp\/v2\/tags?post=3748"}],"curies":[{"name":"wp","href":"https:\/\/api.w.org\/{rel}","templated":true}]}}