{"id":3794,"date":"2024-05-10T17:30:19","date_gmt":"2024-05-10T15:30:19","guid":{"rendered":"https:\/\/galleanosebastian.com.ar\/?p=3794"},"modified":"2025-02-25T14:20:55","modified_gmt":"2025-02-25T13:20:55","slug":"nuevo-libro-de-cervicalgia","status":"publish","type":"post","link":"https:\/\/galleanosebastian.com.ar\/index.php\/2024\/05\/10\/nuevo-libro-de-cervicalgia\/","title":{"rendered":"\u00a1Nuevo Libro de Cervicalgia!"},"content":{"rendered":"\t\t<div data-elementor-type=\"wp-post\" data-elementor-id=\"3794\" class=\"elementor elementor-3794\">\n\t\t\t\t<div class=\"elementor-element elementor-element-92972b9 e-flex e-con-boxed e-con e-parent\" data-id=\"92972b9\" data-element_type=\"container\">\n\t\t\t\t\t<div class=\"e-con-inner\">\n\t\t\t\t<div class=\"elementor-element elementor-element-4252cd0 elementor-widget elementor-widget-image\" data-id=\"4252cd0\" data-element_type=\"widget\" data-widget_type=\"image.default\">\n\t\t\t\t<div class=\"elementor-widget-container\">\n\t\t\t\t\t\t\t\t\t\t\t\t\t\t\t<img fetchpriority=\"high\" decoding=\"async\" width=\"188\" height=\"300\" src=\"https:\/\/galleanosebastian.com.ar\/wp-content\/uploads\/2024\/05\/Artritis-1-188x300.png\" class=\"attachment-medium size-medium wp-image-3797\" alt=\"\" srcset=\"https:\/\/galleanosebastian.com.ar\/wp-content\/uploads\/2024\/05\/Artritis-1-188x300.png 188w, https:\/\/galleanosebastian.com.ar\/wp-content\/uploads\/2024\/05\/Artritis-1-642x1024.png 642w, https:\/\/galleanosebastian.com.ar\/wp-content\/uploads\/2024\/05\/Artritis-1-768x1226.png 768w, https:\/\/galleanosebastian.com.ar\/wp-content\/uploads\/2024\/05\/Artritis-1-963x1536.png 963w, https:\/\/galleanosebastian.com.ar\/wp-content\/uploads\/2024\/05\/Artritis-1-1283x2048.png 1283w, https:\/\/galleanosebastian.com.ar\/wp-content\/uploads\/2024\/05\/Artritis-1.png 1410w\" sizes=\"(max-width: 188px) 100vw, 188px\" \/>\t\t\t\t\t\t\t\t\t\t\t\t\t\t\t<\/div>\n\t\t\t\t<\/div>\n\t\t\t\t<div class=\"elementor-element elementor-element-e701462 elementor-widget elementor-widget-text-editor\" data-id=\"e701462\" data-element_type=\"widget\" data-widget_type=\"text-editor.default\">\n\t\t\t\t<div class=\"elementor-widget-container\">\n\t\t\t\t\t\t\t\t\t<p>\u00a1Hola a todos!<\/p><p>Estoy emocionado de compartir con ustedes una noticia que me llena de orgullo: \u00a1mi nuevo libro sobre la cervicalgia ya est\u00e1 disponible para descargar! Como alguien que ha asistido a pacientes con cervicalgias durante muchos a\u00f1os, este proyecto es muy cercano a mi profesi\u00f3n.<\/p><p>Desde entender los desencadenantes comunes hasta aprender t\u00e9cnicas de manejo del dolor, mi objetivo es proporcionar una gu\u00eda completa y compasiva para navegar por el mundo de las Cervicalgias.<\/p><p>Algunos de los temas que cubro incluyen:<\/p><p>Los diferentes tipos de cervicalgia y c\u00f3mo identificarlos. Estrategias de prevenci\u00f3n y manejo del dolor. Terapias alternativas y complementarias que pueden proporcionar alivio. Consejos para comunicarse efectivamente con los m\u00e9dicos y obtener el mejor tratamiento posible. El impacto emocional y social de la cervicalgia y c\u00f3mo enfrentarlo.<\/p><p>Este libro es el resultado de a\u00f1os de investigaci\u00f3n, experiencia personal y la esperanza de hacer una diferencia en la vida de aquellos que enfrentan este desaf\u00edo diario. Estoy ansioso por compartir esta informaci\u00f3n con ustedes y, con suerte, brindar un poco de alivio y apoyo a quienes lo necesitan.<\/p><p>Pueden descargar una copia de mi libro, a trav\u00e9s de este enlace: [<a href=\"https:\/\/drive.google.com\/drive\/folders\/1CBz4s6V7TqVxMGUqqNmSzALYz3x06KUI\">enlace de descarga<\/a>]. Espero que encuentren \u00fatiles los consejos y la informaci\u00f3n que he reunido.<\/p><p>\u00a1Gracias por su apoyo y espero que este libro sea de ayuda para todos aquellos que lo necesiten!<\/p><p>Atentamente, Sebasti\u00e1n Pablo Galleano.<\/p>\t\t\t\t\t\t\t\t<\/div>\n\t\t\t\t<\/div>\n\t\t\t\t\t<\/div>\n\t\t\t\t<\/div>\n\t\t\t\t<\/div>\n\t\t","protected":false},"excerpt":{"rendered":"<p>\u00a1Hola a todos! Estoy emocionado de compartir con ustedes una noticia que me llena de orgullo: \u00a1mi nuevo libro sobre la cervicalgia ya est\u00e1 disponible para descargar! Como alguien que ha asistido a pacientes con cervicalgias durante muchos a\u00f1os, este proyecto es muy cercano a mi profesi\u00f3n. Desde entender los desencadenantes comunes hasta aprender t\u00e9cnicas [&hellip;]<\/p>\n","protected":false},"author":1,"featured_media":3801,"comment_status":"open","ping_status":"open","sticky":false,"template":"","format":"standard","meta":{"site-sidebar-layout":"default","site-content-layout":"","ast-site-content-layout":"","site-content-style":"default","site-sidebar-style":"default","ast-global-header-display":"","ast-banner-title-visibility":"","ast-main-header-display":"","ast-hfb-above-header-display":"","ast-hfb-below-header-display":"","ast-hfb-mobile-header-display":"","site-post-title":"","ast-breadcrumbs-content":"","ast-featured-img":"","footer-sml-layout":"","theme-transparent-header-meta":"","adv-header-id-meta":"","stick-header-meta":"","header-above-stick-meta":"","header-main-stick-meta":"","header-below-stick-meta":"","astra-migrate-meta-layouts":"default","ast-page-background-enabled":"default","ast-page-background-meta":{"desktop":{"background-color":"var(--ast-global-color-4)","background-image":"","background-repeat":"repeat","background-position":"center center","background-size":"auto","background-attachment":"scroll","background-type":"","background-media":"","overlay-type":"","overlay-color":"","overlay-opacity":"","overlay-gradient":""},"tablet":{"background-color":"","background-image":"","background-repeat":"repeat","background-position":"center center","background-size":"auto","background-attachment":"scroll","background-type":"","background-media":"","overlay-type":"","overlay-color":"","overlay-opacity":"","overlay-gradient":""},"mobile":{"background-color":"","background-image":"","background-repeat":"repeat","background-position":"center center","background-size":"auto","background-attachment":"scroll","background-type":"","background-media":"","overlay-type":"","overlay-color":"","overlay-opacity":"","overlay-gradient":""}},"ast-content-background-meta":{"desktop":{"background-color":"var(--ast-global-color-5)","background-image":"","background-repeat":"repeat","background-position":"center center","background-size":"auto","background-attachment":"scroll","background-type":"","background-media":"","overlay-type":"","overlay-color":"","overlay-opacity":"","overlay-gradient":""},"tablet":{"background-color":"var(--ast-global-color-5)","background-image":"","background-repeat":"repeat","background-position":"center center","background-size":"auto","background-attachment":"scroll","background-type":"","background-media":"","overlay-type":"","overlay-color":"","overlay-opacity":"","overlay-gradient":""},"mobile":{"background-color":"var(--ast-global-color-5)","background-image":"","background-repeat":"repeat","background-position":"center center","background-size":"auto","background-attachment":"scroll","background-type":"","background-media":"","overlay-type":"","overlay-color":"","overlay-opacity":"","overlay-gradient":""}},"footnotes":"","_wpscppro_custom_social_share_image":0,"_facebook_share_type":"","_twitter_share_type":"","_linkedin_share_type":"","_pinterest_share_type":"","_linkedin_share_type_page":"","_instagram_share_type":"","_medium_share_type":"","_threads_share_type":"","_selected_social_profile":[]},"categories":[2,4,599,5,6,7],"tags":[236,95,21,278,274,275,256,279,282,283,281,250,276,280,252,277],"class_list":["post-3794","post","type-post","status-publish","format-standard","has-post-thumbnail","hentry","category-asistencia","category-libre-interpretacion","category-libros","category-magnetoterapia","category-prevencion","category-semiologia","tag-bienestar","tag-alivio-del-dolor","tag-cervicalgia","tag-comunicacion-con-medicos","tag-dolor-cervical","tag-dolor-de-cuello","tag-impacto-emocional","tag-impacto-social","tag-libro-de-bienestar","tag-libro-de-dolor","tag-libro-de-salud","tag-manejo-del-dolor","tag-prevencion-del-dolor","tag-salud-cervical","tag-terapias-alternativas","tag-terapias-complementarias"],"yoast_head":"<!-- This site is optimized with the Yoast SEO plugin v24.6 - https:\/\/yoast.com\/wordpress\/plugins\/seo\/ -->\n<title>\u00a1Nuevo Libro de Cervicalgia! -<\/title>\n<meta name=\"robots\" content=\"index, follow, max-snippet:-1, max-image-preview:large, max-video-preview:-1\" \/>\n<link rel=\"canonical\" href=\"https:\/\/galleanosebastian.com.ar\/index.php\/2024\/05\/10\/nuevo-libro-de-cervicalgia\/\" \/>\n<meta property=\"og:locale\" content=\"es_ES\" \/>\n<meta property=\"og:type\" content=\"article\" \/>\n<meta property=\"og:title\" content=\"\u00a1Nuevo Libro de Cervicalgia! -\" \/>\n<meta property=\"og:description\" content=\"\u00a1Hola a todos! Estoy emocionado de compartir con ustedes una noticia que me llena de orgullo: \u00a1mi nuevo libro sobre la cervicalgia ya est\u00e1 disponible para descargar! Como alguien que ha asistido a pacientes con cervicalgias durante muchos a\u00f1os, este proyecto es muy cercano a mi profesi\u00f3n. Desde entender los desencadenantes comunes hasta aprender t\u00e9cnicas [&hellip;]\" \/>\n<meta property=\"og:url\" content=\"https:\/\/galleanosebastian.com.ar\/index.php\/2024\/05\/10\/nuevo-libro-de-cervicalgia\/\" \/>\n<meta property=\"article:published_time\" content=\"2024-05-10T15:30:19+00:00\" \/>\n<meta property=\"article:modified_time\" content=\"2025-02-25T13:20:55+00:00\" \/>\n<meta property=\"og:image\" content=\"https:\/\/galleanosebastian.com.ar\/wp-content\/uploads\/2024\/05\/6.jpg\" \/>\n\t<meta property=\"og:image:width\" content=\"1920\" \/>\n\t<meta property=\"og:image:height\" content=\"1080\" \/>\n\t<meta property=\"og:image:type\" content=\"image\/jpeg\" \/>\n<meta name=\"author\" content=\"galleano.sebastian\" \/>\n<meta name=\"twitter:card\" content=\"summary_large_image\" \/>\n<meta name=\"twitter:label1\" content=\"Escrito por\" \/>\n\t<meta name=\"twitter:data1\" content=\"galleano.sebastian\" \/>\n\t<meta name=\"twitter:label2\" content=\"Tiempo de lectura\" \/>\n\t<meta name=\"twitter:data2\" content=\"2 minutos\" \/>\n<script type=\"application\/ld+json\" class=\"yoast-schema-graph\">{\"@context\":\"https:\/\/schema.org\",\"@graph\":[{\"@type\":\"Article\",\"@id\":\"https:\/\/galleanosebastian.com.ar\/index.php\/2024\/05\/10\/nuevo-libro-de-cervicalgia\/#article\",\"isPartOf\":{\"@id\":\"https:\/\/galleanosebastian.com.ar\/index.php\/2024\/05\/10\/nuevo-libro-de-cervicalgia\/\"},\"author\":{\"name\":\"galleano.sebastian\",\"@id\":\"https:\/\/galleanosebastian.com.ar\/#\/schema\/person\/e9e053bc7d61b5b176e446bc0b052f9c\"},\"headline\":\"\u00a1Nuevo Libro de Cervicalgia!\",\"datePublished\":\"2024-05-10T15:30:19+00:00\",\"dateModified\":\"2025-02-25T13:20:55+00:00\",\"mainEntityOfPage\":{\"@id\":\"https:\/\/galleanosebastian.com.ar\/index.php\/2024\/05\/10\/nuevo-libro-de-cervicalgia\/\"},\"wordCount\":248,\"commentCount\":0,\"publisher\":{\"@id\":\"https:\/\/galleanosebastian.com.ar\/#\/schema\/person\/e9e053bc7d61b5b176e446bc0b052f9c\"},\"image\":{\"@id\":\"https:\/\/galleanosebastian.com.ar\/index.php\/2024\/05\/10\/nuevo-libro-de-cervicalgia\/#primaryimage\"},\"thumbnailUrl\":\"https:\/\/galleanosebastian.com.ar\/wp-content\/uploads\/2024\/05\/6.jpg\",\"keywords\":[\"#Bienestar\",\"alivio del dolor\",\"cervicalgia\",\"comunicaci\u00f3n con m\u00e9dicos\",\"dolor cervical\",\"dolor de cuello\",\"impacto emocional\",\"impacto social\",\"libro de bienestar\",\"libro de dolor\",\"libro de salud\",\"manejo del dolor\",\"prevenci\u00f3n del dolor\",\"salud cervical\",\"terapias alternativas\",\"terapias complementarias\"],\"articleSection\":[\"Asistencia\",\"Libre Interpretaci\u00f3n\",\"Libros\",\"magnetoterapia\",\"Prevenci\u00f3n\",\"Semiolog\u00eda\"],\"inLanguage\":\"es\",\"potentialAction\":[{\"@type\":\"CommentAction\",\"name\":\"Comment\",\"target\":[\"https:\/\/galleanosebastian.com.ar\/index.php\/2024\/05\/10\/nuevo-libro-de-cervicalgia\/#respond\"]}]},{\"@type\":\"WebPage\",\"@id\":\"https:\/\/galleanosebastian.com.ar\/index.php\/2024\/05\/10\/nuevo-libro-de-cervicalgia\/\",\"url\":\"https:\/\/galleanosebastian.com.ar\/index.php\/2024\/05\/10\/nuevo-libro-de-cervicalgia\/\",\"name\":\"\u00a1Nuevo Libro de Cervicalgia! -\",\"isPartOf\":{\"@id\":\"https:\/\/galleanosebastian.com.ar\/#website\"},\"primaryImageOfPage\":{\"@id\":\"https:\/\/galleanosebastian.com.ar\/index.php\/2024\/05\/10\/nuevo-libro-de-cervicalgia\/#primaryimage\"},\"image\":{\"@id\":\"https:\/\/galleanosebastian.com.ar\/index.php\/2024\/05\/10\/nuevo-libro-de-cervicalgia\/#primaryimage\"},\"thumbnailUrl\":\"https:\/\/galleanosebastian.com.ar\/wp-content\/uploads\/2024\/05\/6.jpg\",\"datePublished\":\"2024-05-10T15:30:19+00:00\",\"dateModified\":\"2025-02-25T13:20:55+00:00\",\"breadcrumb\":{\"@id\":\"https:\/\/galleanosebastian.com.ar\/index.php\/2024\/05\/10\/nuevo-libro-de-cervicalgia\/#breadcrumb\"},\"inLanguage\":\"es\",\"potentialAction\":[{\"@type\":\"ReadAction\",\"target\":[\"https:\/\/galleanosebastian.com.ar\/index.php\/2024\/05\/10\/nuevo-libro-de-cervicalgia\/\"]}]},{\"@type\":\"ImageObject\",\"inLanguage\":\"es\",\"@id\":\"https:\/\/galleanosebastian.com.ar\/index.php\/2024\/05\/10\/nuevo-libro-de-cervicalgia\/#primaryimage\",\"url\":\"https:\/\/galleanosebastian.com.ar\/wp-content\/uploads\/2024\/05\/6.jpg\",\"contentUrl\":\"https:\/\/galleanosebastian.com.ar\/wp-content\/uploads\/2024\/05\/6.jpg\",\"width\":1920,\"height\":1080},{\"@type\":\"BreadcrumbList\",\"@id\":\"https:\/\/galleanosebastian.com.ar\/index.php\/2024\/05\/10\/nuevo-libro-de-cervicalgia\/#breadcrumb\",\"itemListElement\":[{\"@type\":\"ListItem\",\"position\":1,\"name\":\"Home\",\"item\":\"https:\/\/galleanosebastian.com.ar\/\"},{\"@type\":\"ListItem\",\"position\":2,\"name\":\"\u00a1Nuevo Libro de Cervicalgia!\"}]},{\"@type\":\"WebSite\",\"@id\":\"https:\/\/galleanosebastian.com.ar\/#website\",\"url\":\"https:\/\/galleanosebastian.com.ar\/\",\"name\":\"Sebasti\u00e1n Pablo Galleano\",\"description\":\"\",\"publisher\":{\"@id\":\"https:\/\/galleanosebastian.com.ar\/#\/schema\/person\/e9e053bc7d61b5b176e446bc0b052f9c\"},\"potentialAction\":[{\"@type\":\"SearchAction\",\"target\":{\"@type\":\"EntryPoint\",\"urlTemplate\":\"https:\/\/galleanosebastian.com.ar\/?s={search_term_string}\"},\"query-input\":{\"@type\":\"PropertyValueSpecification\",\"valueRequired\":true,\"valueName\":\"search_term_string\"}}],\"inLanguage\":\"es\"},{\"@type\":[\"Person\",\"Organization\"],\"@id\":\"https:\/\/galleanosebastian.com.ar\/#\/schema\/person\/e9e053bc7d61b5b176e446bc0b052f9c\",\"name\":\"galleano.sebastian\",\"image\":{\"@type\":\"ImageObject\",\"inLanguage\":\"es\",\"@id\":\"https:\/\/galleanosebastian.com.ar\/#\/schema\/person\/image\/\",\"url\":\"https:\/\/galleanosebastian.com.ar\/wp-content\/uploads\/2023\/11\/cropped-Diseno-sin-titulo-6.png\",\"contentUrl\":\"https:\/\/galleanosebastian.com.ar\/wp-content\/uploads\/2023\/11\/cropped-Diseno-sin-titulo-6.png\",\"width\":250,\"height\":117,\"caption\":\"galleano.sebastian\"},\"logo\":{\"@id\":\"https:\/\/galleanosebastian.com.ar\/#\/schema\/person\/image\/\"},\"sameAs\":[\"https:\/\/galleanosebastian.com.ar\"],\"url\":\"https:\/\/galleanosebastian.com.ar\/index.php\/author\/galleano-sebastian\/\"}]}<\/script>\n<!-- \/ Yoast SEO plugin. -->","yoast_head_json":{"title":"\u00a1Nuevo Libro de Cervicalgia! -","robots":{"index":"index","follow":"follow","max-snippet":"max-snippet:-1","max-image-preview":"max-image-preview:large","max-video-preview":"max-video-preview:-1"},"canonical":"https:\/\/galleanosebastian.com.ar\/index.php\/2024\/05\/10\/nuevo-libro-de-cervicalgia\/","og_locale":"es_ES","og_type":"article","og_title":"\u00a1Nuevo Libro de Cervicalgia! -","og_description":"\u00a1Hola a todos! Estoy emocionado de compartir con ustedes una noticia que me llena de orgullo: \u00a1mi nuevo libro sobre la cervicalgia ya est\u00e1 disponible para descargar! Como alguien que ha asistido a pacientes con cervicalgias durante muchos a\u00f1os, este proyecto es muy cercano a mi profesi\u00f3n. Desde entender los desencadenantes comunes hasta aprender t\u00e9cnicas [&hellip;]","og_url":"https:\/\/galleanosebastian.com.ar\/index.php\/2024\/05\/10\/nuevo-libro-de-cervicalgia\/","article_published_time":"2024-05-10T15:30:19+00:00","article_modified_time":"2025-02-25T13:20:55+00:00","og_image":[{"width":1920,"height":1080,"url":"https:\/\/galleanosebastian.com.ar\/wp-content\/uploads\/2024\/05\/6.jpg","type":"image\/jpeg"}],"author":"galleano.sebastian","twitter_card":"summary_large_image","twitter_misc":{"Escrito por":"galleano.sebastian","Tiempo de lectura":"2 minutos"},"schema":{"@context":"https:\/\/schema.org","@graph":[{"@type":"Article","@id":"https:\/\/galleanosebastian.com.ar\/index.php\/2024\/05\/10\/nuevo-libro-de-cervicalgia\/#article","isPartOf":{"@id":"https:\/\/galleanosebastian.com.ar\/index.php\/2024\/05\/10\/nuevo-libro-de-cervicalgia\/"},"author":{"name":"galleano.sebastian","@id":"https:\/\/galleanosebastian.com.ar\/#\/schema\/person\/e9e053bc7d61b5b176e446bc0b052f9c"},"headline":"\u00a1Nuevo Libro de Cervicalgia!","datePublished":"2024-05-10T15:30:19+00:00","dateModified":"2025-02-25T13:20:55+00:00","mainEntityOfPage":{"@id":"https:\/\/galleanosebastian.com.ar\/index.php\/2024\/05\/10\/nuevo-libro-de-cervicalgia\/"},"wordCount":248,"commentCount":0,"publisher":{"@id":"https:\/\/galleanosebastian.com.ar\/#\/schema\/person\/e9e053bc7d61b5b176e446bc0b052f9c"},"image":{"@id":"https:\/\/galleanosebastian.com.ar\/index.php\/2024\/05\/10\/nuevo-libro-de-cervicalgia\/#primaryimage"},"thumbnailUrl":"https:\/\/galleanosebastian.com.ar\/wp-content\/uploads\/2024\/05\/6.jpg","keywords":["#Bienestar","alivio del dolor","cervicalgia","comunicaci\u00f3n con m\u00e9dicos","dolor cervical","dolor de cuello","impacto emocional","impacto social","libro de bienestar","libro de dolor","libro de salud","manejo del dolor","prevenci\u00f3n del dolor","salud cervical","terapias alternativas","terapias complementarias"],"articleSection":["Asistencia","Libre Interpretaci\u00f3n","Libros","magnetoterapia","Prevenci\u00f3n","Semiolog\u00eda"],"inLanguage":"es","potentialAction":[{"@type":"CommentAction","name":"Comment","target":["https:\/\/galleanosebastian.com.ar\/index.php\/2024\/05\/10\/nuevo-libro-de-cervicalgia\/#respond"]}]},{"@type":"WebPage","@id":"https:\/\/galleanosebastian.com.ar\/index.php\/2024\/05\/10\/nuevo-libro-de-cervicalgia\/","url":"https:\/\/galleanosebastian.com.ar\/index.php\/2024\/05\/10\/nuevo-libro-de-cervicalgia\/","name":"\u00a1Nuevo Libro de Cervicalgia! -","isPartOf":{"@id":"https:\/\/galleanosebastian.com.ar\/#website"},"primaryImageOfPage":{"@id":"https:\/\/galleanosebastian.com.ar\/index.php\/2024\/05\/10\/nuevo-libro-de-cervicalgia\/#primaryimage"},"image":{"@id":"https:\/\/galleanosebastian.com.ar\/index.php\/2024\/05\/10\/nuevo-libro-de-cervicalgia\/#primaryimage"},"thumbnailUrl":"https:\/\/galleanosebastian.com.ar\/wp-content\/uploads\/2024\/05\/6.jpg","datePublished":"2024-05-10T15:30:19+00:00","dateModified":"2025-02-25T13:20:55+00:00","breadcrumb":{"@id":"https:\/\/galleanosebastian.com.ar\/index.php\/2024\/05\/10\/nuevo-libro-de-cervicalgia\/#breadcrumb"},"inLanguage":"es","potentialAction":[{"@type":"ReadAction","target":["https:\/\/galleanosebastian.com.ar\/index.php\/2024\/05\/10\/nuevo-libro-de-cervicalgia\/"]}]},{"@type":"ImageObject","inLanguage":"es","@id":"https:\/\/galleanosebastian.com.ar\/index.php\/2024\/05\/10\/nuevo-libro-de-cervicalgia\/#primaryimage","url":"https:\/\/galleanosebastian.com.ar\/wp-content\/uploads\/2024\/05\/6.jpg","contentUrl":"https:\/\/galleanosebastian.com.ar\/wp-content\/uploads\/2024\/05\/6.jpg","width":1920,"height":1080},{"@type":"BreadcrumbList","@id":"https:\/\/galleanosebastian.com.ar\/index.php\/2024\/05\/10\/nuevo-libro-de-cervicalgia\/#breadcrumb","itemListElement":[{"@type":"ListItem","position":1,"name":"Home","item":"https:\/\/galleanosebastian.com.ar\/"},{"@type":"ListItem","position":2,"name":"\u00a1Nuevo Libro de Cervicalgia!"}]},{"@type":"WebSite","@id":"https:\/\/galleanosebastian.com.ar\/#website","url":"https:\/\/galleanosebastian.com.ar\/","name":"Sebasti\u00e1n Pablo Galleano","description":"","publisher":{"@id":"https:\/\/galleanosebastian.com.ar\/#\/schema\/person\/e9e053bc7d61b5b176e446bc0b052f9c"},"potentialAction":[{"@type":"SearchAction","target":{"@type":"EntryPoint","urlTemplate":"https:\/\/galleanosebastian.com.ar\/?s={search_term_string}"},"query-input":{"@type":"PropertyValueSpecification","valueRequired":true,"valueName":"search_term_string"}}],"inLanguage":"es"},{"@type":["Person","Organization"],"@id":"https:\/\/galleanosebastian.com.ar\/#\/schema\/person\/e9e053bc7d61b5b176e446bc0b052f9c","name":"galleano.sebastian","image":{"@type":"ImageObject","inLanguage":"es","@id":"https:\/\/galleanosebastian.com.ar\/#\/schema\/person\/image\/","url":"https:\/\/galleanosebastian.com.ar\/wp-content\/uploads\/2023\/11\/cropped-Diseno-sin-titulo-6.png","contentUrl":"https:\/\/galleanosebastian.com.ar\/wp-content\/uploads\/2023\/11\/cropped-Diseno-sin-titulo-6.png","width":250,"height":117,"caption":"galleano.sebastian"},"logo":{"@id":"https:\/\/galleanosebastian.com.ar\/#\/schema\/person\/image\/"},"sameAs":["https:\/\/galleanosebastian.com.ar"],"url":"https:\/\/galleanosebastian.com.ar\/index.php\/author\/galleano-sebastian\/"}]}},"_links":{"self":[{"href":"https:\/\/galleanosebastian.com.ar\/index.php\/wp-json\/wp\/v2\/posts\/3794","targetHints":{"allow":["GET"]}}],"collection":[{"href":"https:\/\/galleanosebastian.com.ar\/index.php\/wp-json\/wp\/v2\/posts"}],"about":[{"href":"https:\/\/galleanosebastian.com.ar\/index.php\/wp-json\/wp\/v2\/types\/post"}],"author":[{"embeddable":true,"href":"https:\/\/galleanosebastian.com.ar\/index.php\/wp-json\/wp\/v2\/users\/1"}],"replies":[{"embeddable":true,"href":"https:\/\/galleanosebastian.com.ar\/index.php\/wp-json\/wp\/v2\/comments?post=3794"}],"version-history":[{"count":8,"href":"https:\/\/galleanosebastian.com.ar\/index.php\/wp-json\/wp\/v2\/posts\/3794\/revisions"}],"predecessor-version":[{"id":3804,"href":"https:\/\/galleanosebastian.com.ar\/index.php\/wp-json\/wp\/v2\/posts\/3794\/revisions\/3804"}],"wp:featuredmedia":[{"embeddable":true,"href":"https:\/\/galleanosebastian.com.ar\/index.php\/wp-json\/wp\/v2\/media\/3801"}],"wp:attachment":[{"href":"https:\/\/galleanosebastian.com.ar\/index.php\/wp-json\/wp\/v2\/media?parent=3794"}],"wp:term":[{"taxonomy":"category","embeddable":true,"href":"https:\/\/galleanosebastian.com.ar\/index.php\/wp-json\/wp\/v2\/categories?post=3794"},{"taxonomy":"post_tag","embeddable":true,"href":"https:\/\/galleanosebastian.com.ar\/index.php\/wp-json\/wp\/v2\/tags?post=3794"}],"curies":[{"name":"wp","href":"https:\/\/api.w.org\/{rel}","templated":true}]}}