{"id":3957,"date":"2024-08-06T19:46:00","date_gmt":"2024-08-06T17:46:00","guid":{"rendered":"https:\/\/galleanosebastian.com.ar\/?p=3957"},"modified":"2024-07-16T19:59:14","modified_gmt":"2024-07-16T17:59:14","slug":"diagnostico-y-tratamiento","status":"publish","type":"post","link":"https:\/\/galleanosebastian.com.ar\/index.php\/2024\/08\/06\/diagnostico-y-tratamiento\/","title":{"rendered":"Diagn\u00f3stico y Tratamiento"},"content":{"rendered":"\t\t<div data-elementor-type=\"wp-post\" data-elementor-id=\"3957\" class=\"elementor elementor-3957\">\n\t\t\t\t<div class=\"elementor-element elementor-element-b11c5d3 e-flex e-con-boxed e-con e-parent\" data-id=\"b11c5d3\" data-element_type=\"container\">\n\t\t\t\t\t<div class=\"e-con-inner\">\n\t\t\t\t<div class=\"elementor-element elementor-element-f4d4d6e elementor-widget elementor-widget-heading\" data-id=\"f4d4d6e\" data-element_type=\"widget\" data-widget_type=\"heading.default\">\n\t\t\t\t<div class=\"elementor-widget-container\">\n\t\t\t\t\t<h1 class=\"elementor-heading-title elementor-size-default\">Traumatismos en la Columna Vertebral:\u00a0<\/h1>\t\t\t\t<\/div>\n\t\t\t\t<\/div>\n\t\t\t\t<div class=\"elementor-element elementor-element-cc516e8 elementor-widget elementor-widget-text-editor\" data-id=\"cc516e8\" data-element_type=\"widget\" data-widget_type=\"text-editor.default\">\n\t\t\t\t<div class=\"elementor-widget-container\">\n\t\t\t\t\t\t\t\t\t<p><span style=\"vertical-align: inherit;\"><span style=\"vertical-align: inherit;\">\u00bfTe has preguntado alguna vez qu\u00e9 sucede cuando sufres un traumatismo en la columna vertebral? Esta estructura crucial para nuestro cuerpo no solo soporta nuestro peso, sino que tambi\u00e9n protege la m\u00e9dula espinal. Un da\u00f1o en esta \u00e1rea puede tener consecuencias serias y duraderas. En este art\u00edculo, desglosaremos todo lo que necesitas saber sobre los traumatismos en la columna vertebral: desde las causas y s\u00edntomas hasta el tratamiento y la rehabilitaci\u00f3n.<\/span><\/span><\/p><h3><span style=\"vertical-align: inherit;\"><span style=\"vertical-align: inherit;\">\u00bfQu\u00e9 es la columna vertebral?<\/span><\/span><\/h3><p><span style=\"vertical-align: inherit;\"><span style=\"vertical-align: inherit;\">La columna vertebral es una estructura \u00f3sea compuesta por 33 v\u00e9rtebras, divididas en cinco secciones: cervical, tor\u00e1cica, lumbar, sacra y cocc\u00edgea. Estas v\u00e9rtebras est\u00e1n separadas por discos intervertebrales que act\u00faan como amortiguadores, permitiendo el movimiento y la flexibilidad. Adem\u00e1s, la columna vertebral alberga y protege la m\u00e9dula espinal, una extensi\u00f3n del sistema nervioso central crucial para la comunicaci\u00f3n entre el cerebro y el resto del cuerpo.<\/span><\/span><\/p><h3><span style=\"vertical-align: inherit;\"><span style=\"vertical-align: inherit;\">Causas comunes de traumatismos en la columna vertebral<\/span><\/span><\/h3><p><span style=\"vertical-align: inherit;\"><span style=\"vertical-align: inherit;\">Los traumatismos en la columna vertebral pueden ocurrir por diversas razones, entre las que se incluyen:<\/span><\/span><\/p><ol><li><strong><span style=\"vertical-align: inherit;\"><span style=\"vertical-align: inherit;\">Accidentes de Tr\u00e1fico<\/span><\/span><\/strong><span style=\"vertical-align: inherit;\"><span style=\"vertical-align: inherit;\"> : Los impactos a alta velocidad pueden causar lesiones graves en la columna.<\/span><\/span><\/li><li><strong><span style=\"vertical-align: inherit;\"><span style=\"vertical-align: inherit;\">Ca\u00eddas<\/span><\/span><\/strong><span style=\"vertical-align: inherit;\"><span style=\"vertical-align: inherit;\"> : Especialmente en personas mayores, las ca\u00eddas pueden provocar fracturas vertebrales.<\/span><\/span><\/li><li><strong><span style=\"vertical-align: inherit;\"><span style=\"vertical-align: inherit;\">Deportes de contacto<\/span><\/span><\/strong><span style=\"vertical-align: inherit;\"><span style=\"vertical-align: inherit;\"> : Actividades como el f\u00fatbol americano o el rugby conllevan un riesgo elevado de lesiones espinales.<\/span><\/span><\/li><li><strong><span style=\"vertical-align: inherit;\"><span style=\"vertical-align: inherit;\">Accidentes Laborales<\/span><\/span><\/strong><span style=\"vertical-align: inherit;\"><span style=\"vertical-align: inherit;\"> : Trabajos que implican levantar objetos pesados \u200b\u200bo trabajar en altura pueden resultar en lesiones en la columna.<\/span><\/span><\/li><li><strong><span style=\"vertical-align: inherit;\"><span style=\"vertical-align: inherit;\">Agresiones<\/span><\/span><\/strong><span style=\"vertical-align: inherit;\"><span style=\"vertical-align: inherit;\"> : Traumas directos, como golpes o heridas de bala, pueden da\u00f1ar las v\u00e9rtebras y la m\u00e9dula espinal.<\/span><\/span><\/li><\/ol><h3><span style=\"vertical-align: inherit;\"><span style=\"vertical-align: inherit;\">S\u00edntomas de los traumatismos en la columna vertebral<\/span><\/span><\/h3><p><span style=\"vertical-align: inherit;\"><span style=\"vertical-align: inherit;\">Reconocer los s\u00edntomas de un traumatismo en la columna vertebral es esencial para buscar tratamiento inmediato. Los s\u00edntomas pueden variar dependiendo de la gravedad y ubicaci\u00f3n de la lesi\u00f3n:<\/span><\/span><\/p><ul><li><strong><span style=\"vertical-align: inherit;\"><span style=\"vertical-align: inherit;\">Dolor intenso<\/span><\/span><\/strong><span style=\"vertical-align: inherit;\"><span style=\"vertical-align: inherit;\"> : Dolor agudo en la zona afectada, que puede irradiar a otras \u00e1reas del cuerpo.<\/span><\/span><\/li><li><strong><span style=\"vertical-align: inherit;\"><span style=\"vertical-align: inherit;\">P\u00e9rdida de movimiento<\/span><\/span><\/strong><span style=\"vertical-align: inherit;\"><span style=\"vertical-align: inherit;\"> : Dificultad o incapacidad para mover ciertas partes del cuerpo.<\/span><\/span><\/li><li><strong><span style=\"vertical-align: inherit;\"><span style=\"vertical-align: inherit;\">Entumecimiento y Hormigueo<\/span><\/span><\/strong><span style=\"vertical-align: inherit;\"><span style=\"vertical-align: inherit;\"> : Sensaci\u00f3n de hormigueo o p\u00e9rdida de sensibilidad en las extremidades.<\/span><\/span><\/li><li><strong><span style=\"vertical-align: inherit;\"><span style=\"vertical-align: inherit;\">Debilidad Muscular<\/span><\/span><\/strong><span style=\"vertical-align: inherit;\"><span style=\"vertical-align: inherit;\"> : Debilidad en los brazos, manos, piernas o pies.<\/span><\/span><\/li><li><strong><span style=\"vertical-align: inherit;\"><span style=\"vertical-align: inherit;\">Problemas respiratorios<\/span><\/span><\/strong><span style=\"vertical-align: inherit;\"><span style=\"vertical-align: inherit;\"> : Las lesiones en la columna cervical pueden afectar la capacidad de respirar adecuadamente.<\/span><\/span><\/li><li><strong><span style=\"vertical-align: inherit;\"><span style=\"vertical-align: inherit;\">Incontinencia<\/span><\/span><\/strong><span style=\"vertical-align: inherit;\"><span style=\"vertical-align: inherit;\"> : P\u00e9rdida del control de la vejiga o el intestino.<\/span><\/span><\/li><\/ul><h3><span style=\"vertical-align: inherit;\"><span style=\"vertical-align: inherit;\">Diagn\u00f3stico de los traumatismos en la columna vertebral<\/span><\/span><\/h3><p><span style=\"vertical-align: inherit;\"><span style=\"vertical-align: inherit;\">El diagn\u00f3stico preciso es crucial para determinar el alcance de la lesi\u00f3n y planificar el tratamiento adecuado. Los m\u00e9todos diagn\u00f3sticos incluyen:<\/span><\/span><\/p><ol><li><strong><span style=\"vertical-align: inherit;\"><span style=\"vertical-align: inherit;\">Evaluaci\u00f3n F\u00edsica<\/span><\/span><\/strong><span style=\"vertical-align: inherit;\"><span style=\"vertical-align: inherit;\"> : El m\u00e9dico evaluar\u00e1 la movilidad y sensibilidad de las extremidades y realizar\u00e1 pruebas neurol\u00f3gicas.<\/span><\/span><\/li><li><strong><span style=\"vertical-align: inherit;\"><span style=\"vertical-align: inherit;\">Radiograf\u00edas<\/span><\/span><\/strong><span style=\"vertical-align: inherit;\"><span style=\"vertical-align: inherit;\"> : Permiten visualizar fracturas y desplazamientos de las v\u00e9rtebras.<\/span><\/span><\/li><li><strong><span style=\"vertical-align: inherit;\"><span style=\"vertical-align: inherit;\">Tomograf\u00eda computarizada (CT)<\/span><\/span><\/strong><span style=\"vertical-align: inherit;\"><span style=\"vertical-align: inherit;\"> : Proporciona im\u00e1genes detalladas de los huesos y puede detectar fracturas no visibles en radiograf\u00edas.<\/span><\/span><\/li><li><strong><span style=\"vertical-align: inherit;\"><span style=\"vertical-align: inherit;\">Resonancia Magn\u00e9tica (MRI)<\/span><\/span><\/strong><span style=\"vertical-align: inherit;\"><span style=\"vertical-align: inherit;\"> : Evaluaci\u00f3n de los tejidos blandos, discos intervertebrales y la m\u00e9dula espinal para detectar da\u00f1os.<\/span><\/span><\/li><\/ol><h3><span style=\"vertical-align: inherit;\"><span style=\"vertical-align: inherit;\">Tratamiento inmediato de los traumatismos en la columna vertebral<\/span><\/span><\/h3><p><span style=\"vertical-align: inherit;\"><span style=\"vertical-align: inherit;\">El tratamiento inmediato es vital para minimizar el da\u00f1o y prevenir complicaciones. Los pasos iniciales incluyen:<\/span><\/span><\/p><ol><li><strong><span style=\"vertical-align: inherit;\"><span style=\"vertical-align: inherit;\">Inmovilizaci\u00f3n<\/span><\/span><\/strong><span style=\"vertical-align: inherit;\"><span style=\"vertical-align: inherit;\"> : Mantener la columna vertebral inm\u00f3vil para evitar da\u00f1os adicionales.<\/span><\/span><\/li><li><strong><span style=\"vertical-align: inherit;\"><span style=\"vertical-align: inherit;\">Soporte Vital<\/span><\/span><\/strong><span style=\"vertical-align: inherit;\"><span style=\"vertical-align: inherit;\"> : Asegurar que la v\u00edctima pueda respirar adecuadamente y mantener la circulaci\u00f3n.<\/span><\/span><\/li><li><strong><span style=\"vertical-align: inherit;\"><span style=\"vertical-align: inherit;\">Traslado a un Centro M\u00e9dico<\/span><\/span><\/strong><span style=\"vertical-align: inherit;\"><span style=\"vertical-align: inherit;\"> : Transporte cuidadoso a un hospital para evaluaci\u00f3n y tratamiento.<\/span><\/span><\/li><li><strong><span style=\"vertical-align: inherit;\"><span style=\"vertical-align: inherit;\">Medicamentos<\/span><\/span><\/strong><span style=\"vertical-align: inherit;\"><span style=\"vertical-align: inherit;\"> : Analg\u00e9sicos y antiinflamatorios para controlar el dolor y la inflamaci\u00f3n.<\/span><\/span><\/li><\/ol><h3><span style=\"vertical-align: inherit;\"><span style=\"vertical-align: inherit;\">Tratamiento y rehabilitaci\u00f3n de los traumatismos en la columna vertebral<\/span><\/span><\/h3><p><span style=\"vertical-align: inherit;\"><span style=\"vertical-align: inherit;\">El tratamiento a largo plazo y la rehabilitaci\u00f3n dependen de la gravedad de la lesi\u00f3n:<\/span><\/span><\/p><ol><li><strong><span style=\"vertical-align: inherit;\"><span style=\"vertical-align: inherit;\">Tratamiento Conservador<\/span><\/span><\/strong><span style=\"vertical-align: inherit;\"><span style=\"vertical-align: inherit;\"> : Para lesiones menores, incluye reposo, fisioterapia y uso de cors\u00e9s o dispositivos de apoyo.<\/span><\/span><\/li><li><strong><span style=\"vertical-align: inherit;\"><span style=\"vertical-align: inherit;\">Intervenci\u00f3n Quir\u00fargica<\/span><\/span><\/strong><span style=\"vertical-align: inherit;\"><span style=\"vertical-align: inherit;\"> : En casos severos, puede ser necesaria la cirug\u00eda para estabilizar la columna, descomprimir la m\u00e9dula espinal y reparar da\u00f1os.<\/span><\/span><\/li><li><strong><span style=\"vertical-align: inherit;\"><span style=\"vertical-align: inherit;\">Fisioterapia<\/span><\/span><\/strong><span style=\"vertical-align: inherit;\"><span style=\"vertical-align: inherit;\"> : Programas personalizados para mejorar la movilidad, fortalecer los m\u00fasculos y reducir el dolor.<\/span><\/span><\/li><li><strong><span style=\"vertical-align: inherit;\"><span style=\"vertical-align: inherit;\">Rehabilitaci\u00f3n Ocupacional<\/span><\/span><\/strong><span style=\"vertical-align: inherit;\"><span style=\"vertical-align: inherit;\"> : Ayuda a los pacientes a recuperar habilidades necesarias para la vida diaria.<\/span><\/span><\/li><li><strong><span style=\"vertical-align: inherit;\"><span style=\"vertical-align: inherit;\">Terapia Psicol\u00f3gica<\/span><\/span><\/strong><span style=\"vertical-align: inherit;\"><span style=\"vertical-align: inherit;\"> : Apoyo emocional para manejar el impacto psicol\u00f3gico de la lesi\u00f3n.<\/span><\/span><\/li><\/ol><h3><span style=\"vertical-align: inherit;\"><span style=\"vertical-align: inherit;\">Complicaciones potenciales<\/span><\/span><\/h3><p><span style=\"vertical-align: inherit;\"><span style=\"vertical-align: inherit;\">Las lesiones en la columna vertebral pueden tener complicaciones serias si no se tratan adecuadamente:<\/span><\/span><\/p><ul><li><strong><span style=\"vertical-align: inherit;\"><span style=\"vertical-align: inherit;\">Par\u00e1lisis<\/span><\/span><\/strong><span style=\"vertical-align: inherit;\"><span style=\"vertical-align: inherit;\"> : Da\u00f1o severo a la m\u00e9dula espinal puede resultar en par\u00e1lisis parcial o total.<\/span><\/span><\/li><li><strong><span style=\"vertical-align: inherit;\"><span style=\"vertical-align: inherit;\">Dolor cr\u00f3nico<\/span><\/span><\/strong><span style=\"vertical-align: inherit;\"><span style=\"vertical-align: inherit;\"> : Las lesiones en la columna pueden llevar a un dolor persistente a largo plazo.<\/span><\/span><\/li><li><strong><span style=\"vertical-align: inherit;\"><span style=\"vertical-align: inherit;\">Problemas respiratorios y card\u00edacos<\/span><\/span><\/strong><span style=\"vertical-align: inherit;\"><span style=\"vertical-align: inherit;\"> : Las lesiones cervicales pueden afectar la respiraci\u00f3n y la funci\u00f3n card\u00edaca.<\/span><\/span><\/li><li><strong><span style=\"vertical-align: inherit;\"><span style=\"vertical-align: inherit;\">Problemas de Control Vesical e Intestinal<\/span><\/span><\/strong><span style=\"vertical-align: inherit;\"><span style=\"vertical-align: inherit;\"> : Dificultad para controlar la vejiga y el intestino debido a da\u00f1os neurol\u00f3gicos.<\/span><\/span><\/li><\/ul><h3><span style=\"vertical-align: inherit;\"><span style=\"vertical-align: inherit;\">Prevenci\u00f3n de traumatismos en la columna vertebral<\/span><\/span><\/h3><p><span style=\"vertical-align: inherit;\"><span style=\"vertical-align: inherit;\">Prevenir lesiones en la columna vertebral implica tomar medidas de seguridad en diversas \u00e1reas de la vida:<\/span><\/span><\/p><ol><li><strong><span style=\"vertical-align: inherit;\"><span style=\"vertical-align: inherit;\">Uso de Equipo de Protecci\u00f3n<\/span><\/span><\/strong><span style=\"vertical-align: inherit;\"><span style=\"vertical-align: inherit;\"> : Cascos y protectores en deportes de contacto y actividades de riesgo.<\/span><\/span><\/li><li><strong><span style=\"vertical-align: inherit;\"><span style=\"vertical-align: inherit;\">Cinturones de seguridad<\/span><\/span><\/strong><span style=\"vertical-align: inherit;\"><span style=\"vertical-align: inherit;\"> : Siempre utilizar cinturones de seguridad en veh\u00edculos.<\/span><\/span><\/li><li><strong><span style=\"vertical-align: inherit;\"><span style=\"vertical-align: inherit;\">Ambientes Seguros<\/span><\/span><\/strong><span style=\"vertical-align: inherit;\"><span style=\"vertical-align: inherit;\"> : Asegurar que las \u00e1reas de trabajo y hogar est\u00e9n libres de riesgos de ca\u00eddas.<\/span><\/span><\/li><li><strong><span style=\"vertical-align: inherit;\"><span style=\"vertical-align: inherit;\">T\u00e9cnicas de Levantamiento Seguras<\/span><\/span><\/strong><span style=\"vertical-align: inherit;\"><span style=\"vertical-align: inherit;\"> : Levantar objetos pesados \u200b\u200bcorrectamente para evitar lesiones.<\/span><\/span><\/li><\/ol><h3><span style=\"vertical-align: inherit;\"><span style=\"vertical-align: inherit;\">Preguntas frecuentes<\/span><\/span><\/h3><p><span style=\"vertical-align: inherit;\"><span style=\"vertical-align: inherit;\">Para finalizar, aqu\u00ed tienes algunas preguntas comunes sobre los traumatismos en la columna vertebral:<\/span><\/span><\/p><ul><li><span style=\"vertical-align: inherit;\"><span style=\"vertical-align: inherit;\">\u00bfCu\u00e1nto tiempo tomar\u00e1 recuperarse de una lesi\u00f3n en la columna vertebral?<\/span><\/span><\/li><li><span style=\"vertical-align: inherit;\"><span style=\"vertical-align: inherit;\">\u00bfEs posible prevenir los traumatismos en la columna vertebral en deportes de contacto?<\/span><\/span><\/li><li><span style=\"vertical-align: inherit;\"><span style=\"vertical-align: inherit;\">\u00bfQu\u00e9 tipo de fisioterapia es m\u00e1s efectiva para la rehabilitaci\u00f3n de una lesi\u00f3n espinal?<\/span><\/span><\/li><\/ul><p><span style=\"vertical-align: inherit;\"><span style=\"vertical-align: inherit;\">Responder estas preguntas puede ayudarte a manejar mejor la recuperaci\u00f3n ya tomar decisiones informadas sobre tu salud.<\/span><\/span><\/p><p><em><span style=\"vertical-align: inherit;\"><span style=\"vertical-align: inherit;\">Los traumatismos en la columna vertebral son lesiones serias que requieren atenci\u00f3n m\u00e9dica inmediata y un plan de tratamiento y rehabilitaci\u00f3n adecuado. Con el conocimiento adecuado y las medidas preventivas, es posible minimizar el riesgo y manejar efectivamente las lesiones cuando ocurren. Si sufres un traumatismo en la columna vertebral, busca atenci\u00f3n m\u00e9dica de inmediato para asegurar una recuperaci\u00f3n \u00f3ptima.<\/span><\/span><\/em><\/p><p><strong>Prof. Sebasti\u00e1n Pablo Galleano<\/strong><\/p>\t\t\t\t\t\t\t\t<\/div>\n\t\t\t\t<\/div>\n\t\t\t\t<div class=\"elementor-element elementor-element-ae18fdb elementor-grid-eael-col-4 elementor-grid-tablet-eael-col-2 elementor-grid-mobile-eael-col-1 elementor-widget elementor-widget-eael-post-grid\" data-id=\"ae18fdb\" data-element_type=\"widget\" data-settings=\"{&quot;eael_post_grid_columns&quot;:&quot;eael-col-4&quot;,&quot;eael_post_grid_columns_tablet&quot;:&quot;eael-col-2&quot;,&quot;eael_post_grid_columns_mobile&quot;:&quot;eael-col-1&quot;}\" data-widget_type=\"eael-post-grid.default\">\n\t\t\t\t<div class=\"elementor-widget-container\">\n\t\t\t\t\t<div id=\"eael-post-grid-ae18fdb\" class=\"eael-post-grid-container\">\n            <div class=\"eael-post-grid eael-post-appender eael-post-appender-ae18fdb eael-post-grid-style-one\" data-layout-mode=\"masonry\"><article class=\"eael-grid-post eael-post-grid-column\" data-id=\"4768\">\n        <div class=\"eael-grid-post-holder\">\n            <div class=\"eael-grid-post-holder-inner\"><div class=\"eael-entry-media\"><div class=\"eael-entry-overlay fade-in\"><i class=\"fas fa-long-arrow-alt-right\" aria-hidden=\"true\"><\/i><a href=\"https:\/\/galleanosebastian.com.ar\/index.php\/2025\/09\/02\/rehabilitacion-de-cervicalgia-en-adultos-con-sobrepeso\/\"><\/a><\/div><div class=\"eael-entry-thumbnail \">\n                <img fetchpriority=\"high\" decoding=\"async\" width=\"300\" height=\"169\" src=\"https:\/\/galleanosebastian.com.ar\/wp-content\/uploads\/2025\/09\/63-300x169.jpg\" class=\"attachment-medium size-medium wp-image-4776\" alt=\"\" srcset=\"https:\/\/galleanosebastian.com.ar\/wp-content\/uploads\/2025\/09\/63-300x169.jpg 300w, https:\/\/galleanosebastian.com.ar\/wp-content\/uploads\/2025\/09\/63-1024x576.jpg 1024w, https:\/\/galleanosebastian.com.ar\/wp-content\/uploads\/2025\/09\/63-768x432.jpg 768w, https:\/\/galleanosebastian.com.ar\/wp-content\/uploads\/2025\/09\/63-1536x864.jpg 1536w, https:\/\/galleanosebastian.com.ar\/wp-content\/uploads\/2025\/09\/63.jpg 1600w\" sizes=\"(max-width: 300px) 100vw, 300px\" \/>\n            <\/div>\n        <\/div><div class=\"eael-entry-wrapper\"><header class=\"eael-entry-header\"><h4 class=\"eael-entry-title\"><a\n                        class=\"eael-grid-post-link\"\n                        href=\"https:\/\/galleanosebastian.com.ar\/index.php\/2025\/09\/02\/rehabilitacion-de-cervicalgia-en-adultos-con-sobrepeso\/\"\n                        title=\"Rehabilitaci\u00f3n de cervicalgia en adultos con sobrepeso\">Rehabilitaci\u00f3n de cervicalgia en adultos con sobrepeso<\/a><\/h4><\/header><div class=\"eael-entry-content\">\n                        <div class=\"eael-grid-post-excerpt\"><p>C\u00f3mo abordar la cervicalgia mec\u00e1nica en adultos con sobrepeso y...<\/p><a href=\"https:\/\/galleanosebastian.com.ar\/index.php\/2025\/09\/02\/rehabilitacion-de-cervicalgia-en-adultos-con-sobrepeso\/\" class=\"eael-post-elements-readmore-btn\">Read More<\/a><\/div>\n                    <\/div><div class=\"eael-entry-footer\"><div class=\"eael-author-avatar\"><a href=\"https:\/\/galleanosebastian.com.ar\/index.php\/author\/galleano-sebastian\/\"><img alt='galleano.sebastian' src='https:\/\/secure.gravatar.com\/avatar\/696976b010028a9cf4df4a37738269e5?s=96&#038;d=mm&#038;r=g' srcset='https:\/\/secure.gravatar.com\/avatar\/696976b010028a9cf4df4a37738269e5?s=192&#038;d=mm&#038;r=g 2x' class='avatar avatar-96 photo' height='96' width='96' \/><\/a><\/div><div class=\"eael-entry-meta\"><span class=\"eael-posted-by\"><a href=\"https:\/\/galleanosebastian.com.ar\/index.php\/author\/galleano-sebastian\/\" title=\"Entradas de galleano.sebastian\" rel=\"author\">galleano.sebastian<\/a><\/span><span class=\"eael-posted-on\"><time datetime=\"2 de septiembre de 2025\">2 de septiembre de 2025<\/time><\/span><\/div><\/div><\/div><\/div>\n        <\/div>\n    <\/article><article class=\"eael-grid-post eael-post-grid-column\" data-id=\"4763\">\n        <div class=\"eael-grid-post-holder\">\n            <div class=\"eael-grid-post-holder-inner\"><div class=\"eael-entry-media\"><div class=\"eael-entry-overlay fade-in\"><i class=\"fas fa-long-arrow-alt-right\" aria-hidden=\"true\"><\/i><a href=\"https:\/\/galleanosebastian.com.ar\/index.php\/2025\/08\/26\/rehabilitacion-de-lumbalgia-en-adultos-con-sobrepeso\/\"><\/a><\/div><div class=\"eael-entry-thumbnail \">\n                <img decoding=\"async\" width=\"300\" height=\"169\" src=\"https:\/\/galleanosebastian.com.ar\/wp-content\/uploads\/2025\/09\/61-300x169.jpg\" class=\"attachment-medium size-medium wp-image-4774\" alt=\"\" srcset=\"https:\/\/galleanosebastian.com.ar\/wp-content\/uploads\/2025\/09\/61-300x169.jpg 300w, https:\/\/galleanosebastian.com.ar\/wp-content\/uploads\/2025\/09\/61-1024x576.jpg 1024w, https:\/\/galleanosebastian.com.ar\/wp-content\/uploads\/2025\/09\/61-768x432.jpg 768w, https:\/\/galleanosebastian.com.ar\/wp-content\/uploads\/2025\/09\/61-1536x864.jpg 1536w, https:\/\/galleanosebastian.com.ar\/wp-content\/uploads\/2025\/09\/61.jpg 1600w\" sizes=\"(max-width: 300px) 100vw, 300px\" \/>\n            <\/div>\n        <\/div><div class=\"eael-entry-wrapper\"><header class=\"eael-entry-header\"><h4 class=\"eael-entry-title\"><a\n                        class=\"eael-grid-post-link\"\n                        href=\"https:\/\/galleanosebastian.com.ar\/index.php\/2025\/08\/26\/rehabilitacion-de-lumbalgia-en-adultos-con-sobrepeso\/\"\n                        title=\"Rehabilitaci\u00f3n de lumbalgia en adultos con sobrepeso\">Rehabilitaci\u00f3n de lumbalgia en adultos con sobrepeso<\/a><\/h4><\/header><div class=\"eael-entry-content\">\n                        <div class=\"eael-grid-post-excerpt\"><p>Rehabilitaci\u00f3n de lumbalgia en adultos con sobrepeso: c\u00f3mo recuperar bienestar...<\/p><a href=\"https:\/\/galleanosebastian.com.ar\/index.php\/2025\/08\/26\/rehabilitacion-de-lumbalgia-en-adultos-con-sobrepeso\/\" class=\"eael-post-elements-readmore-btn\">Read More<\/a><\/div>\n                    <\/div><div class=\"eael-entry-footer\"><div class=\"eael-author-avatar\"><a href=\"https:\/\/galleanosebastian.com.ar\/index.php\/author\/galleano-sebastian\/\"><img alt='galleano.sebastian' src='https:\/\/secure.gravatar.com\/avatar\/696976b010028a9cf4df4a37738269e5?s=96&#038;d=mm&#038;r=g' srcset='https:\/\/secure.gravatar.com\/avatar\/696976b010028a9cf4df4a37738269e5?s=192&#038;d=mm&#038;r=g 2x' class='avatar avatar-96 photo' height='96' width='96' \/><\/a><\/div><div class=\"eael-entry-meta\"><span class=\"eael-posted-by\"><a href=\"https:\/\/galleanosebastian.com.ar\/index.php\/author\/galleano-sebastian\/\" title=\"Entradas de galleano.sebastian\" rel=\"author\">galleano.sebastian<\/a><\/span><span class=\"eael-posted-on\"><time datetime=\"26 de agosto de 2025\">26 de agosto de 2025<\/time><\/span><\/div><\/div><\/div><\/div>\n        <\/div>\n    <\/article><article class=\"eael-grid-post eael-post-grid-column\" data-id=\"4757\">\n        <div class=\"eael-grid-post-holder\">\n            <div class=\"eael-grid-post-holder-inner\"><div class=\"eael-entry-media\"><div class=\"eael-entry-overlay fade-in\"><i class=\"fas fa-long-arrow-alt-right\" aria-hidden=\"true\"><\/i><a href=\"https:\/\/galleanosebastian.com.ar\/index.php\/2025\/08\/20\/rehabilitacion-de-rodillas-en-adultos-con-sobrepeso-y-dolor\/\"><\/a><\/div><div class=\"eael-entry-thumbnail \">\n                <img decoding=\"async\" width=\"300\" height=\"169\" src=\"https:\/\/galleanosebastian.com.ar\/wp-content\/uploads\/2025\/09\/65-300x169.jpg\" class=\"attachment-medium size-medium wp-image-4778\" alt=\"\" srcset=\"https:\/\/galleanosebastian.com.ar\/wp-content\/uploads\/2025\/09\/65-300x169.jpg 300w, https:\/\/galleanosebastian.com.ar\/wp-content\/uploads\/2025\/09\/65-1024x576.jpg 1024w, https:\/\/galleanosebastian.com.ar\/wp-content\/uploads\/2025\/09\/65-768x432.jpg 768w, https:\/\/galleanosebastian.com.ar\/wp-content\/uploads\/2025\/09\/65-1536x864.jpg 1536w, https:\/\/galleanosebastian.com.ar\/wp-content\/uploads\/2025\/09\/65.jpg 1600w\" sizes=\"(max-width: 300px) 100vw, 300px\" \/>\n            <\/div>\n        <\/div><div class=\"eael-entry-wrapper\"><header class=\"eael-entry-header\"><h4 class=\"eael-entry-title\"><a\n                        class=\"eael-grid-post-link\"\n                        href=\"https:\/\/galleanosebastian.com.ar\/index.php\/2025\/08\/20\/rehabilitacion-de-rodillas-en-adultos-con-sobrepeso-y-dolor\/\"\n                        title=\"Rehabilitaci\u00f3n de rodillas en adultos con sobrepeso y dolor\">Rehabilitaci\u00f3n de rodillas en adultos con sobrepeso y dolor<\/a><\/h4><\/header><div class=\"eael-entry-content\">\n                        <div class=\"eael-grid-post-excerpt\"><p>C\u00f3mo recuper\u00e9 movilidad y bienestar con rehabilitaci\u00f3n de rodillas en...<\/p><a href=\"https:\/\/galleanosebastian.com.ar\/index.php\/2025\/08\/20\/rehabilitacion-de-rodillas-en-adultos-con-sobrepeso-y-dolor\/\" class=\"eael-post-elements-readmore-btn\">Read More<\/a><\/div>\n                    <\/div><div class=\"eael-entry-footer\"><div class=\"eael-author-avatar\"><a href=\"https:\/\/galleanosebastian.com.ar\/index.php\/author\/galleano-sebastian\/\"><img alt='galleano.sebastian' src='https:\/\/secure.gravatar.com\/avatar\/696976b010028a9cf4df4a37738269e5?s=96&#038;d=mm&#038;r=g' srcset='https:\/\/secure.gravatar.com\/avatar\/696976b010028a9cf4df4a37738269e5?s=192&#038;d=mm&#038;r=g 2x' class='avatar avatar-96 photo' height='96' width='96' \/><\/a><\/div><div class=\"eael-entry-meta\"><span class=\"eael-posted-by\"><a href=\"https:\/\/galleanosebastian.com.ar\/index.php\/author\/galleano-sebastian\/\" title=\"Entradas de galleano.sebastian\" rel=\"author\">galleano.sebastian<\/a><\/span><span class=\"eael-posted-on\"><time datetime=\"20 de agosto de 2025\">20 de agosto de 2025<\/time><\/span><\/div><\/div><\/div><\/div>\n        <\/div>\n    <\/article><article class=\"eael-grid-post eael-post-grid-column\" data-id=\"4749\">\n        <div class=\"eael-grid-post-holder\">\n            <div class=\"eael-grid-post-holder-inner\"><div class=\"eael-entry-media\"><div class=\"eael-entry-overlay fade-in\"><i class=\"fas fa-long-arrow-alt-right\" aria-hidden=\"true\"><\/i><a href=\"https:\/\/galleanosebastian.com.ar\/index.php\/2025\/07\/30\/fractura-de-muneca-en-adultos-mayores-como-recuperarse\/\"><\/a><\/div><div class=\"eael-entry-thumbnail \">\n                <img loading=\"lazy\" decoding=\"async\" width=\"300\" height=\"169\" src=\"https:\/\/galleanosebastian.com.ar\/wp-content\/uploads\/2025\/06\/1-4-300x169.jpg\" class=\"attachment-medium size-medium wp-image-4751\" alt=\"\" srcset=\"https:\/\/galleanosebastian.com.ar\/wp-content\/uploads\/2025\/06\/1-4-300x169.jpg 300w, https:\/\/galleanosebastian.com.ar\/wp-content\/uploads\/2025\/06\/1-4-1024x576.jpg 1024w, https:\/\/galleanosebastian.com.ar\/wp-content\/uploads\/2025\/06\/1-4-768x432.jpg 768w, https:\/\/galleanosebastian.com.ar\/wp-content\/uploads\/2025\/06\/1-4-1536x864.jpg 1536w, https:\/\/galleanosebastian.com.ar\/wp-content\/uploads\/2025\/06\/1-4.jpg 1920w\" sizes=\"(max-width: 300px) 100vw, 300px\" \/>\n            <\/div>\n        <\/div><div class=\"eael-entry-wrapper\"><header class=\"eael-entry-header\"><h4 class=\"eael-entry-title\"><a\n                        class=\"eael-grid-post-link\"\n                        href=\"https:\/\/galleanosebastian.com.ar\/index.php\/2025\/07\/30\/fractura-de-muneca-en-adultos-mayores-como-recuperarse\/\"\n                        title=\"Fractura de mu\u00f1eca en adultos mayores: c\u00f3mo recuperarse\">Fractura de mu\u00f1eca en adultos mayores: c\u00f3mo recuperarse<\/a><\/h4><\/header><div class=\"eael-entry-content\">\n                        <div class=\"eael-grid-post-excerpt\"><p>Fractura de mu\u00f1eca en adultos mayores: c\u00f3mo acompa\u00f1amos la recuperaci\u00f3n...<\/p><a href=\"https:\/\/galleanosebastian.com.ar\/index.php\/2025\/07\/30\/fractura-de-muneca-en-adultos-mayores-como-recuperarse\/\" class=\"eael-post-elements-readmore-btn\">Read More<\/a><\/div>\n                    <\/div><div class=\"eael-entry-footer\"><div class=\"eael-author-avatar\"><a href=\"https:\/\/galleanosebastian.com.ar\/index.php\/author\/galleano-sebastian\/\"><img alt='galleano.sebastian' src='https:\/\/secure.gravatar.com\/avatar\/696976b010028a9cf4df4a37738269e5?s=96&#038;d=mm&#038;r=g' srcset='https:\/\/secure.gravatar.com\/avatar\/696976b010028a9cf4df4a37738269e5?s=192&#038;d=mm&#038;r=g 2x' class='avatar avatar-96 photo' height='96' width='96' \/><\/a><\/div><div class=\"eael-entry-meta\"><span class=\"eael-posted-by\"><a href=\"https:\/\/galleanosebastian.com.ar\/index.php\/author\/galleano-sebastian\/\" title=\"Entradas de galleano.sebastian\" rel=\"author\">galleano.sebastian<\/a><\/span><span class=\"eael-posted-on\"><time datetime=\"30 de julio de 2025\">30 de julio de 2025<\/time><\/span><\/div><\/div><\/div><\/div>\n        <\/div>\n    <\/article><\/div>\n            <div class=\"clearfix\"><\/div>\n        <\/div>            <div class=\"eael-load-more-button-wrap eael-force-hide\">\n                <button class=\"eael-load-more-button\" id=\"eael-load-more-btn-ae18fdb\" data-widget-id=\"ae18fdb\" data-widget=\"ae18fdb\" data-page-id=\"3957\" data-template=\"{&quot;dir&quot;:&quot;lite&quot;,&quot;file_name&quot;:&quot;default.php&quot;,&quot;name&quot;:&quot;Post-Grid&quot;}\" data-class=\"Essential_Addons_Elementor\\Elements\\Post_Grid\" data-layout=\"masonry\" data-page=\"1\" data-args=\"orderby=date&amp;order=desc&amp;ignore_sticky_posts=1&amp;post_status=publish&amp;posts_per_page=4&amp;offset=0&amp;post_type=post&amp;tax_query%5B0%5D%5Btaxonomy%5D=category&amp;tax_query%5B0%5D%5Bfield%5D=term_id&amp;tax_query%5B0%5D%5Bterms%5D%5B0%5D=2&amp;tax_query%5Brelation%5D=AND\" data-max-page=\"23\">\n                    <span class=\"eael-btn-loader button__loader\"><\/span>\n                    <span class=\"eael_load_more_text\">Load More<\/span>\n                <\/button>\n            <\/div>\n            \t\t\t\t<\/div>\n\t\t\t\t<\/div>\n\t\t\t\t\t<\/div>\n\t\t\t\t<\/div>\n\t\t\t\t<\/div>\n\t\t","protected":false},"excerpt":{"rendered":"<p>Traumatismos en la Columna Vertebral:\u00a0 \u00bfTe has preguntado alguna vez qu\u00e9 sucede cuando sufres un traumatismo en la columna vertebral? Esta estructura crucial para nuestro cuerpo no solo soporta nuestro peso, sino que tambi\u00e9n protege la m\u00e9dula espinal. Un da\u00f1o en esta \u00e1rea puede tener consecuencias serias y duraderas. En este art\u00edculo, desglosaremos todo lo [&hellip;]<\/p>\n","protected":false},"author":1,"featured_media":3959,"comment_status":"open","ping_status":"open","sticky":false,"template":"","format":"standard","meta":{"site-sidebar-layout":"default","site-content-layout":"","ast-site-content-layout":"","site-content-style":"default","site-sidebar-style":"default","ast-global-header-display":"","ast-banner-title-visibility":"","ast-main-header-display":"","ast-hfb-above-header-display":"","ast-hfb-below-header-display":"","ast-hfb-mobile-header-display":"","site-post-title":"","ast-breadcrumbs-content":"","ast-featured-img":"","footer-sml-layout":"","theme-transparent-header-meta":"","adv-header-id-meta":"","stick-header-meta":"","header-above-stick-meta":"","header-main-stick-meta":"","header-below-stick-meta":"","astra-migrate-meta-layouts":"default","ast-page-background-enabled":"default","ast-page-background-meta":{"desktop":{"background-color":"var(--ast-global-color-4)","background-image":"","background-repeat":"repeat","background-position":"center center","background-size":"auto","background-attachment":"scroll","background-type":"","background-media":"","overlay-type":"","overlay-color":"","overlay-opacity":"","overlay-gradient":""},"tablet":{"background-color":"","background-image":"","background-repeat":"repeat","background-position":"center center","background-size":"auto","background-attachment":"scroll","background-type":"","background-media":"","overlay-type":"","overlay-color":"","overlay-opacity":"","overlay-gradient":""},"mobile":{"background-color":"","background-image":"","background-repeat":"repeat","background-position":"center center","background-size":"auto","background-attachment":"scroll","background-type":"","background-media":"","overlay-type":"","overlay-color":"","overlay-opacity":"","overlay-gradient":""}},"ast-content-background-meta":{"desktop":{"background-color":"var(--ast-global-color-5)","background-image":"","background-repeat":"repeat","background-position":"center center","background-size":"auto","background-attachment":"scroll","background-type":"","background-media":"","overlay-type":"","overlay-color":"","overlay-opacity":"","overlay-gradient":""},"tablet":{"background-color":"var(--ast-global-color-5)","background-image":"","background-repeat":"repeat","background-position":"center center","background-size":"auto","background-attachment":"scroll","background-type":"","background-media":"","overlay-type":"","overlay-color":"","overlay-opacity":"","overlay-gradient":""},"mobile":{"background-color":"var(--ast-global-color-5)","background-image":"","background-repeat":"repeat","background-position":"center center","background-size":"auto","background-attachment":"scroll","background-type":"","background-media":"","overlay-type":"","overlay-color":"","overlay-opacity":"","overlay-gradient":""}},"footnotes":"","_wpscppro_custom_social_share_image":0,"_facebook_share_type":"default","_twitter_share_type":"default","_linkedin_share_type":"default","_pinterest_share_type":"default","_linkedin_share_type_page":"","_instagram_share_type":"default","_medium_share_type":"","_threads_share_type":"","_selected_social_profile":null},"categories":[2,6,7],"tags":[260,392,393,46,110,391,390,386,389,388],"class_list":["post-3957","post","type-post","status-publish","format-standard","has-post-thumbnail","hentry","category-asistencia","category-prevencion","category-semiologia","tag-columna-vertebral","tag-cuidados-de-la-columna-vertebral","tag-diagnostico-de-traumatismos-espinales","tag-fisioterapia","tag-lesiones-deportivas","tag-prevencion-de-lesiones-espinales","tag-rehabilitacion-de-la-columna-vertebral","tag-salud-de-la-columna","tag-tratamiento-de-lesiones-espinales","tag-traumatismos-en-la-columna-vertebral"],"yoast_head":"<!-- This site is optimized with the Yoast SEO plugin v24.6 - https:\/\/yoast.com\/wordpress\/plugins\/seo\/ -->\n<title>Diagn\u00f3stico y Tratamiento -<\/title>\n<meta name=\"robots\" content=\"index, follow, max-snippet:-1, max-image-preview:large, max-video-preview:-1\" \/>\n<link rel=\"canonical\" href=\"https:\/\/galleanosebastian.com.ar\/index.php\/2024\/08\/06\/diagnostico-y-tratamiento\/\" \/>\n<meta property=\"og:locale\" content=\"es_ES\" \/>\n<meta property=\"og:type\" content=\"article\" \/>\n<meta property=\"og:title\" content=\"Diagn\u00f3stico y Tratamiento -\" \/>\n<meta property=\"og:description\" content=\"Traumatismos en la Columna Vertebral:\u00a0 \u00bfTe has preguntado alguna vez qu\u00e9 sucede cuando sufres un traumatismo en la columna vertebral? Esta estructura crucial para nuestro cuerpo no solo soporta nuestro peso, sino que tambi\u00e9n protege la m\u00e9dula espinal. Un da\u00f1o en esta \u00e1rea puede tener consecuencias serias y duraderas. En este art\u00edculo, desglosaremos todo lo [&hellip;]\" \/>\n<meta property=\"og:url\" content=\"https:\/\/galleanosebastian.com.ar\/index.php\/2024\/08\/06\/diagnostico-y-tratamiento\/\" \/>\n<meta property=\"article:published_time\" content=\"2024-08-06T17:46:00+00:00\" \/>\n<meta property=\"og:image\" content=\"https:\/\/galleanosebastian.com.ar\/wp-content\/uploads\/2024\/07\/4.jpg\" \/>\n\t<meta property=\"og:image:width\" content=\"1440\" \/>\n\t<meta property=\"og:image:height\" content=\"810\" \/>\n\t<meta property=\"og:image:type\" content=\"image\/jpeg\" \/>\n<meta name=\"author\" content=\"galleano.sebastian\" \/>\n<meta name=\"twitter:card\" content=\"summary_large_image\" \/>\n<meta name=\"twitter:label1\" content=\"Escrito por\" \/>\n\t<meta name=\"twitter:data1\" content=\"galleano.sebastian\" \/>\n\t<meta name=\"twitter:label2\" content=\"Tiempo de lectura\" \/>\n\t<meta name=\"twitter:data2\" content=\"6 minutos\" \/>\n<script type=\"application\/ld+json\" class=\"yoast-schema-graph\">{\"@context\":\"https:\/\/schema.org\",\"@graph\":[{\"@type\":\"Article\",\"@id\":\"https:\/\/galleanosebastian.com.ar\/index.php\/2024\/08\/06\/diagnostico-y-tratamiento\/#article\",\"isPartOf\":{\"@id\":\"https:\/\/galleanosebastian.com.ar\/index.php\/2024\/08\/06\/diagnostico-y-tratamiento\/\"},\"author\":{\"name\":\"galleano.sebastian\",\"@id\":\"https:\/\/galleanosebastian.com.ar\/#\/schema\/person\/e9e053bc7d61b5b176e446bc0b052f9c\"},\"headline\":\"Diagn\u00f3stico y Tratamiento\",\"datePublished\":\"2024-08-06T17:46:00+00:00\",\"mainEntityOfPage\":{\"@id\":\"https:\/\/galleanosebastian.com.ar\/index.php\/2024\/08\/06\/diagnostico-y-tratamiento\/\"},\"wordCount\":1111,\"commentCount\":2,\"publisher\":{\"@id\":\"https:\/\/galleanosebastian.com.ar\/#\/schema\/person\/e9e053bc7d61b5b176e446bc0b052f9c\"},\"image\":{\"@id\":\"https:\/\/galleanosebastian.com.ar\/index.php\/2024\/08\/06\/diagnostico-y-tratamiento\/#primaryimage\"},\"thumbnailUrl\":\"https:\/\/galleanosebastian.com.ar\/wp-content\/uploads\/2024\/07\/4.jpg\",\"keywords\":[\"Columna vertebral\",\"cuidados de la columna vertebral\",\"diagn\u00f3stico de traumatismos espinales\",\"fisioterapia\",\"lesiones deportivas\",\"prevenci\u00f3n de lesiones espinales\",\"rehabilitaci\u00f3n de la columna vertebral\",\"salud de la columna\",\"tratamiento de lesiones espinales\",\"traumatismos en la columna vertebral\"],\"articleSection\":[\"Asistencia\",\"Prevenci\u00f3n\",\"Semiolog\u00eda\"],\"inLanguage\":\"es\",\"potentialAction\":[{\"@type\":\"CommentAction\",\"name\":\"Comment\",\"target\":[\"https:\/\/galleanosebastian.com.ar\/index.php\/2024\/08\/06\/diagnostico-y-tratamiento\/#respond\"]}]},{\"@type\":\"WebPage\",\"@id\":\"https:\/\/galleanosebastian.com.ar\/index.php\/2024\/08\/06\/diagnostico-y-tratamiento\/\",\"url\":\"https:\/\/galleanosebastian.com.ar\/index.php\/2024\/08\/06\/diagnostico-y-tratamiento\/\",\"name\":\"Diagn\u00f3stico y Tratamiento -\",\"isPartOf\":{\"@id\":\"https:\/\/galleanosebastian.com.ar\/#website\"},\"primaryImageOfPage\":{\"@id\":\"https:\/\/galleanosebastian.com.ar\/index.php\/2024\/08\/06\/diagnostico-y-tratamiento\/#primaryimage\"},\"image\":{\"@id\":\"https:\/\/galleanosebastian.com.ar\/index.php\/2024\/08\/06\/diagnostico-y-tratamiento\/#primaryimage\"},\"thumbnailUrl\":\"https:\/\/galleanosebastian.com.ar\/wp-content\/uploads\/2024\/07\/4.jpg\",\"datePublished\":\"2024-08-06T17:46:00+00:00\",\"breadcrumb\":{\"@id\":\"https:\/\/galleanosebastian.com.ar\/index.php\/2024\/08\/06\/diagnostico-y-tratamiento\/#breadcrumb\"},\"inLanguage\":\"es\",\"potentialAction\":[{\"@type\":\"ReadAction\",\"target\":[\"https:\/\/galleanosebastian.com.ar\/index.php\/2024\/08\/06\/diagnostico-y-tratamiento\/\"]}]},{\"@type\":\"ImageObject\",\"inLanguage\":\"es\",\"@id\":\"https:\/\/galleanosebastian.com.ar\/index.php\/2024\/08\/06\/diagnostico-y-tratamiento\/#primaryimage\",\"url\":\"https:\/\/galleanosebastian.com.ar\/wp-content\/uploads\/2024\/07\/4.jpg\",\"contentUrl\":\"https:\/\/galleanosebastian.com.ar\/wp-content\/uploads\/2024\/07\/4.jpg\",\"width\":1440,\"height\":810},{\"@type\":\"BreadcrumbList\",\"@id\":\"https:\/\/galleanosebastian.com.ar\/index.php\/2024\/08\/06\/diagnostico-y-tratamiento\/#breadcrumb\",\"itemListElement\":[{\"@type\":\"ListItem\",\"position\":1,\"name\":\"Home\",\"item\":\"https:\/\/galleanosebastian.com.ar\/\"},{\"@type\":\"ListItem\",\"position\":2,\"name\":\"Diagn\u00f3stico y Tratamiento\"}]},{\"@type\":\"WebSite\",\"@id\":\"https:\/\/galleanosebastian.com.ar\/#website\",\"url\":\"https:\/\/galleanosebastian.com.ar\/\",\"name\":\"Sebasti\u00e1n Pablo Galleano\",\"description\":\"\",\"publisher\":{\"@id\":\"https:\/\/galleanosebastian.com.ar\/#\/schema\/person\/e9e053bc7d61b5b176e446bc0b052f9c\"},\"potentialAction\":[{\"@type\":\"SearchAction\",\"target\":{\"@type\":\"EntryPoint\",\"urlTemplate\":\"https:\/\/galleanosebastian.com.ar\/?s={search_term_string}\"},\"query-input\":{\"@type\":\"PropertyValueSpecification\",\"valueRequired\":true,\"valueName\":\"search_term_string\"}}],\"inLanguage\":\"es\"},{\"@type\":[\"Person\",\"Organization\"],\"@id\":\"https:\/\/galleanosebastian.com.ar\/#\/schema\/person\/e9e053bc7d61b5b176e446bc0b052f9c\",\"name\":\"galleano.sebastian\",\"image\":{\"@type\":\"ImageObject\",\"inLanguage\":\"es\",\"@id\":\"https:\/\/galleanosebastian.com.ar\/#\/schema\/person\/image\/\",\"url\":\"https:\/\/galleanosebastian.com.ar\/wp-content\/uploads\/2023\/11\/cropped-Diseno-sin-titulo-6.png\",\"contentUrl\":\"https:\/\/galleanosebastian.com.ar\/wp-content\/uploads\/2023\/11\/cropped-Diseno-sin-titulo-6.png\",\"width\":250,\"height\":117,\"caption\":\"galleano.sebastian\"},\"logo\":{\"@id\":\"https:\/\/galleanosebastian.com.ar\/#\/schema\/person\/image\/\"},\"sameAs\":[\"https:\/\/galleanosebastian.com.ar\"],\"url\":\"https:\/\/galleanosebastian.com.ar\/index.php\/author\/galleano-sebastian\/\"}]}<\/script>\n<!-- \/ Yoast SEO plugin. -->","yoast_head_json":{"title":"Diagn\u00f3stico y Tratamiento -","robots":{"index":"index","follow":"follow","max-snippet":"max-snippet:-1","max-image-preview":"max-image-preview:large","max-video-preview":"max-video-preview:-1"},"canonical":"https:\/\/galleanosebastian.com.ar\/index.php\/2024\/08\/06\/diagnostico-y-tratamiento\/","og_locale":"es_ES","og_type":"article","og_title":"Diagn\u00f3stico y Tratamiento -","og_description":"Traumatismos en la Columna Vertebral:\u00a0 \u00bfTe has preguntado alguna vez qu\u00e9 sucede cuando sufres un traumatismo en la columna vertebral? Esta estructura crucial para nuestro cuerpo no solo soporta nuestro peso, sino que tambi\u00e9n protege la m\u00e9dula espinal. Un da\u00f1o en esta \u00e1rea puede tener consecuencias serias y duraderas. En este art\u00edculo, desglosaremos todo lo [&hellip;]","og_url":"https:\/\/galleanosebastian.com.ar\/index.php\/2024\/08\/06\/diagnostico-y-tratamiento\/","article_published_time":"2024-08-06T17:46:00+00:00","og_image":[{"width":1440,"height":810,"url":"https:\/\/galleanosebastian.com.ar\/wp-content\/uploads\/2024\/07\/4.jpg","type":"image\/jpeg"}],"author":"galleano.sebastian","twitter_card":"summary_large_image","twitter_misc":{"Escrito por":"galleano.sebastian","Tiempo de lectura":"6 minutos"},"schema":{"@context":"https:\/\/schema.org","@graph":[{"@type":"Article","@id":"https:\/\/galleanosebastian.com.ar\/index.php\/2024\/08\/06\/diagnostico-y-tratamiento\/#article","isPartOf":{"@id":"https:\/\/galleanosebastian.com.ar\/index.php\/2024\/08\/06\/diagnostico-y-tratamiento\/"},"author":{"name":"galleano.sebastian","@id":"https:\/\/galleanosebastian.com.ar\/#\/schema\/person\/e9e053bc7d61b5b176e446bc0b052f9c"},"headline":"Diagn\u00f3stico y Tratamiento","datePublished":"2024-08-06T17:46:00+00:00","mainEntityOfPage":{"@id":"https:\/\/galleanosebastian.com.ar\/index.php\/2024\/08\/06\/diagnostico-y-tratamiento\/"},"wordCount":1111,"commentCount":2,"publisher":{"@id":"https:\/\/galleanosebastian.com.ar\/#\/schema\/person\/e9e053bc7d61b5b176e446bc0b052f9c"},"image":{"@id":"https:\/\/galleanosebastian.com.ar\/index.php\/2024\/08\/06\/diagnostico-y-tratamiento\/#primaryimage"},"thumbnailUrl":"https:\/\/galleanosebastian.com.ar\/wp-content\/uploads\/2024\/07\/4.jpg","keywords":["Columna vertebral","cuidados de la columna vertebral","diagn\u00f3stico de traumatismos espinales","fisioterapia","lesiones deportivas","prevenci\u00f3n de lesiones espinales","rehabilitaci\u00f3n de la columna vertebral","salud de la columna","tratamiento de lesiones espinales","traumatismos en la columna vertebral"],"articleSection":["Asistencia","Prevenci\u00f3n","Semiolog\u00eda"],"inLanguage":"es","potentialAction":[{"@type":"CommentAction","name":"Comment","target":["https:\/\/galleanosebastian.com.ar\/index.php\/2024\/08\/06\/diagnostico-y-tratamiento\/#respond"]}]},{"@type":"WebPage","@id":"https:\/\/galleanosebastian.com.ar\/index.php\/2024\/08\/06\/diagnostico-y-tratamiento\/","url":"https:\/\/galleanosebastian.com.ar\/index.php\/2024\/08\/06\/diagnostico-y-tratamiento\/","name":"Diagn\u00f3stico y Tratamiento -","isPartOf":{"@id":"https:\/\/galleanosebastian.com.ar\/#website"},"primaryImageOfPage":{"@id":"https:\/\/galleanosebastian.com.ar\/index.php\/2024\/08\/06\/diagnostico-y-tratamiento\/#primaryimage"},"image":{"@id":"https:\/\/galleanosebastian.com.ar\/index.php\/2024\/08\/06\/diagnostico-y-tratamiento\/#primaryimage"},"thumbnailUrl":"https:\/\/galleanosebastian.com.ar\/wp-content\/uploads\/2024\/07\/4.jpg","datePublished":"2024-08-06T17:46:00+00:00","breadcrumb":{"@id":"https:\/\/galleanosebastian.com.ar\/index.php\/2024\/08\/06\/diagnostico-y-tratamiento\/#breadcrumb"},"inLanguage":"es","potentialAction":[{"@type":"ReadAction","target":["https:\/\/galleanosebastian.com.ar\/index.php\/2024\/08\/06\/diagnostico-y-tratamiento\/"]}]},{"@type":"ImageObject","inLanguage":"es","@id":"https:\/\/galleanosebastian.com.ar\/index.php\/2024\/08\/06\/diagnostico-y-tratamiento\/#primaryimage","url":"https:\/\/galleanosebastian.com.ar\/wp-content\/uploads\/2024\/07\/4.jpg","contentUrl":"https:\/\/galleanosebastian.com.ar\/wp-content\/uploads\/2024\/07\/4.jpg","width":1440,"height":810},{"@type":"BreadcrumbList","@id":"https:\/\/galleanosebastian.com.ar\/index.php\/2024\/08\/06\/diagnostico-y-tratamiento\/#breadcrumb","itemListElement":[{"@type":"ListItem","position":1,"name":"Home","item":"https:\/\/galleanosebastian.com.ar\/"},{"@type":"ListItem","position":2,"name":"Diagn\u00f3stico y Tratamiento"}]},{"@type":"WebSite","@id":"https:\/\/galleanosebastian.com.ar\/#website","url":"https:\/\/galleanosebastian.com.ar\/","name":"Sebasti\u00e1n Pablo Galleano","description":"","publisher":{"@id":"https:\/\/galleanosebastian.com.ar\/#\/schema\/person\/e9e053bc7d61b5b176e446bc0b052f9c"},"potentialAction":[{"@type":"SearchAction","target":{"@type":"EntryPoint","urlTemplate":"https:\/\/galleanosebastian.com.ar\/?s={search_term_string}"},"query-input":{"@type":"PropertyValueSpecification","valueRequired":true,"valueName":"search_term_string"}}],"inLanguage":"es"},{"@type":["Person","Organization"],"@id":"https:\/\/galleanosebastian.com.ar\/#\/schema\/person\/e9e053bc7d61b5b176e446bc0b052f9c","name":"galleano.sebastian","image":{"@type":"ImageObject","inLanguage":"es","@id":"https:\/\/galleanosebastian.com.ar\/#\/schema\/person\/image\/","url":"https:\/\/galleanosebastian.com.ar\/wp-content\/uploads\/2023\/11\/cropped-Diseno-sin-titulo-6.png","contentUrl":"https:\/\/galleanosebastian.com.ar\/wp-content\/uploads\/2023\/11\/cropped-Diseno-sin-titulo-6.png","width":250,"height":117,"caption":"galleano.sebastian"},"logo":{"@id":"https:\/\/galleanosebastian.com.ar\/#\/schema\/person\/image\/"},"sameAs":["https:\/\/galleanosebastian.com.ar"],"url":"https:\/\/galleanosebastian.com.ar\/index.php\/author\/galleano-sebastian\/"}]}},"_links":{"self":[{"href":"https:\/\/galleanosebastian.com.ar\/index.php\/wp-json\/wp\/v2\/posts\/3957","targetHints":{"allow":["GET"]}}],"collection":[{"href":"https:\/\/galleanosebastian.com.ar\/index.php\/wp-json\/wp\/v2\/posts"}],"about":[{"href":"https:\/\/galleanosebastian.com.ar\/index.php\/wp-json\/wp\/v2\/types\/post"}],"author":[{"embeddable":true,"href":"https:\/\/galleanosebastian.com.ar\/index.php\/wp-json\/wp\/v2\/users\/1"}],"replies":[{"embeddable":true,"href":"https:\/\/galleanosebastian.com.ar\/index.php\/wp-json\/wp\/v2\/comments?post=3957"}],"version-history":[{"count":4,"href":"https:\/\/galleanosebastian.com.ar\/index.php\/wp-json\/wp\/v2\/posts\/3957\/revisions"}],"predecessor-version":[{"id":3962,"href":"https:\/\/galleanosebastian.com.ar\/index.php\/wp-json\/wp\/v2\/posts\/3957\/revisions\/3962"}],"wp:featuredmedia":[{"embeddable":true,"href":"https:\/\/galleanosebastian.com.ar\/index.php\/wp-json\/wp\/v2\/media\/3959"}],"wp:attachment":[{"href":"https:\/\/galleanosebastian.com.ar\/index.php\/wp-json\/wp\/v2\/media?parent=3957"}],"wp:term":[{"taxonomy":"category","embeddable":true,"href":"https:\/\/galleanosebastian.com.ar\/index.php\/wp-json\/wp\/v2\/categories?post=3957"},{"taxonomy":"post_tag","embeddable":true,"href":"https:\/\/galleanosebastian.com.ar\/index.php\/wp-json\/wp\/v2\/tags?post=3957"}],"curies":[{"name":"wp","href":"https:\/\/api.w.org\/{rel}","templated":true}]}}