{"id":4022,"date":"2024-09-16T14:56:00","date_gmt":"2024-09-16T12:56:00","guid":{"rendered":"https:\/\/galleanosebastian.com.ar\/?p=4022"},"modified":"2024-08-16T03:05:50","modified_gmt":"2024-08-16T01:05:50","slug":"causas-de-la-tendinitis-en-futbolistas","status":"publish","type":"post","link":"https:\/\/galleanosebastian.com.ar\/index.php\/2024\/09\/16\/causas-de-la-tendinitis-en-futbolistas\/","title":{"rendered":"Causas de la Tendinitis en Futbolistas"},"content":{"rendered":"\t\t<div data-elementor-type=\"wp-post\" data-elementor-id=\"4022\" class=\"elementor elementor-4022\">\n\t\t\t\t<div class=\"elementor-element elementor-element-4309376 e-flex e-con-boxed e-con e-parent\" data-id=\"4309376\" data-element_type=\"container\">\n\t\t\t\t\t<div class=\"e-con-inner\">\n\t\t\t\t<div class=\"elementor-element elementor-element-c7ffc79 elementor-widget elementor-widget-heading\" data-id=\"c7ffc79\" data-element_type=\"widget\" data-widget_type=\"heading.default\">\n\t\t\t\t<div class=\"elementor-widget-container\">\n\t\t\t\t\t<h1 class=\"elementor-heading-title elementor-size-default\">Tendinitis en el F\u00fatbol: Causas de la Tendinitis en Futbolistas<\/h1>\t\t\t\t<\/div>\n\t\t\t\t<\/div>\n\t\t\t\t<div class=\"elementor-element elementor-element-893a89a elementor-widget elementor-widget-text-editor\" data-id=\"893a89a\" data-element_type=\"widget\" data-widget_type=\"text-editor.default\">\n\t\t\t\t<div class=\"elementor-widget-container\">\n\t\t\t\t\t\t\t\t\t<p><strong>\u00bfHas sentido alguna vez un dolor persistente en tus tendones despu\u00e9s de un entrenamiento o partido de f\u00fatbol?<\/strong> La tendinitis es una afecci\u00f3n com\u00fan entre los futbolistas, y si no se trata adecuadamente, puede convertirse en un problema cr\u00f3nico que limite tu rendimiento. A lo largo de este art\u00edculo, exploraremos qu\u00e9 es la tendinitis, c\u00f3mo se desarrolla y qu\u00e9 medidas puedes tomar para recuperarte y evitar que reaparezca.<\/p><h2>\u00bfQu\u00e9 es la Tendinitis?<\/h2><p>La tendinitis es la inflamaci\u00f3n de un tend\u00f3n, que es la estructura fibrosa que conecta los m\u00fasculos con los huesos. En el contexto del f\u00fatbol, esta afecci\u00f3n suele afectar los tendones de las extremidades inferiores, como el tend\u00f3n de Aquiles, el tend\u00f3n rotuliano y los tendones del muslo.<\/p><h3>Causas de la Tendinitis en Futbolistas<\/h3><p>La tendinitis puede desarrollarse por varias razones, especialmente en deportes de alta intensidad como el f\u00fatbol:<\/p><ul><li><strong>Sobrecarga:<\/strong> La repetici\u00f3n de movimientos intensos y bruscos, como los sprints y los cambios de direcci\u00f3n, puede sobrecargar los tendones.<\/li><li><strong>Calentamiento inadecuado:<\/strong> No realizar un calentamiento adecuado antes de los entrenamientos o partidos puede aumentar el riesgo de tendinitis.<\/li><li><strong>T\u00e9cnica incorrecta:<\/strong> Una t\u00e9cnica incorrecta al correr o patear el bal\u00f3n puede ejercer una presi\u00f3n excesiva sobre los tendones.<\/li><li><strong>Equipamiento inadecuado:<\/strong> Utilizar calzado deportivo que no se adapta bien al pie o al tipo de terreno tambi\u00e9n puede contribuir al desarrollo de esta lesi\u00f3n.<\/li><\/ul><h2>Semiolog\u00eda de la Tendinitis<\/h2><p>Entender los s\u00edntomas de la tendinitis es crucial para un diagn\u00f3stico temprano y un tratamiento efectivo. La semiolog\u00eda de la tendinitis incluye:<\/p><ul><li><strong>Dolor localizado:<\/strong> Generalmente en la zona del tend\u00f3n afectado, que puede empeorar con la actividad f\u00edsica.<\/li><li><strong>Rigidez:<\/strong> Especialmente despu\u00e9s de periodos de inactividad, como al despertarse por la ma\u00f1ana.<\/li><li><strong>Inflamaci\u00f3n y sensibilidad:<\/strong> La zona afectada puede estar inflamada y ser sensible al tacto.<\/li><li><strong>Debilidad muscular:<\/strong> Disminuci\u00f3n de la fuerza en el \u00e1rea afectada debido a la inflamaci\u00f3n y el dolor.<\/li><\/ul><h2>Diagn\u00f3stico de la Tendinitis<\/h2><p>Un diagn\u00f3stico preciso de la tendinitis es esencial para planificar un tratamiento adecuado. Los profesionales de la kinesiolog\u00eda juegan un papel clave en la identificaci\u00f3n y manejo de esta afecci\u00f3n.<\/p><h3>Evaluaci\u00f3n Cl\u00ednica<\/h3><p>El diagn\u00f3stico inicial suele basarse en una evaluaci\u00f3n cl\u00ednica detallada, que incluye:<\/p><ul><li><strong>Historia cl\u00ednica:<\/strong> El especialista revisar\u00e1 los antecedentes deportivos y cualquier actividad reciente que pueda haber desencadenado los s\u00edntomas.<\/li><li><strong>Examen f\u00edsico:<\/strong> Se examinar\u00e1 la zona afectada para identificar puntos de dolor, rigidez y cualquier signo de inflamaci\u00f3n.<\/li><\/ul><h3>Pruebas de Imagen<\/h3><p>En casos donde el diagn\u00f3stico no sea claro o se sospeche de un da\u00f1o mayor, se pueden realizar pruebas de imagen, como ecograf\u00edas o resonancias magn\u00e9ticas, para evaluar el estado del tend\u00f3n con mayor detalle.<\/p><h2>Tratamiento de la Tendinitis en Futbolistas<\/h2><p>El tratamiento de la tendinitis se enfoca en aliviar la inflamaci\u00f3n, restaurar la funci\u00f3n del tend\u00f3n y prevenir reca\u00eddas. A continuaci\u00f3n, te mostramos c\u00f3mo la kinesiolog\u00eda puede ayudar en cada etapa del tratamiento.<\/p><h3>Fase 1: Alivio del Dolor y Reducci\u00f3n de la Inflamaci\u00f3n<\/h3><p>El primer paso es reducir la inflamaci\u00f3n y el dolor. Algunas estrategias incluyen:<\/p><ul><li><strong>Reposo:<\/strong> Evitar actividades que agraven los s\u00edntomas para permitir la recuperaci\u00f3n del tend\u00f3n.<\/li><li><strong>Terapia con hielo:<\/strong> Aplicar hielo en la zona afectada durante 15-20 minutos, varias veces al d\u00eda, para disminuir la inflamaci\u00f3n.<\/li><li><strong>Medicamentos antiinflamatorios:<\/strong> Bajo la supervisi\u00f3n m\u00e9dica, se pueden usar AINEs para controlar el dolor y la inflamaci\u00f3n.<\/li><\/ul><h3>Fase 2: Rehabilitaci\u00f3n y Fortalecimiento<\/h3><p>Una vez que el dolor agudo se ha controlado, se inicia la fase de rehabilitaci\u00f3n, que es crucial para una recuperaci\u00f3n completa.<\/p><h4>Ejercicios de Rehabilitaci\u00f3n<\/h4><ul><li><strong>Fortalecimiento del tend\u00f3n:<\/strong> Ejercicios espec\u00edficos para fortalecer el tend\u00f3n afectado y los m\u00fasculos circundantes, ayudando a prevenir futuras lesiones.<\/li><li><strong>Estiramientos suaves:<\/strong> Para mejorar la flexibilidad y reducir la tensi\u00f3n sobre el tend\u00f3n.<\/li><li><strong>Progresi\u00f3n gradual:<\/strong> Se comienza con ejercicios de bajo impacto y se incrementa la intensidad conforme se va recuperando la fuerza y la movilidad.<\/li><\/ul><h3>Fase 3: Retorno Progresivo al F\u00fatbol<\/h3><p>El regreso al entrenamiento y a los partidos debe ser gradual para evitar una reca\u00edda. Un kinesi\u00f3logo te guiar\u00e1 en este proceso, asegur\u00e1ndose de que est\u00e9s listo para retomar la actividad sin riesgo de relesi\u00f3n.<\/p><h2>Prevenci\u00f3n de la Tendinitis<\/h2><p>Prevenir la tendinitis es posible mediante la adopci\u00f3n de buenos h\u00e1bitos de entrenamiento y cuidado personal.<\/p><h3>Ejercicios Preventivos<\/h3><ul><li><strong>Fortalecimiento regular:<\/strong> Mantener un programa de fortalecimiento muscular equilibrado, que incluya ejercicios espec\u00edficos para los tendones m\u00e1s propensos a la tendinitis.<\/li><li><strong>Estiramientos antes y despu\u00e9s de entrenar:<\/strong> Asegurarse de estirar bien los m\u00fasculos y tendones antes de comenzar la actividad f\u00edsica y despu\u00e9s de finalizarla.<\/li><li><strong>Calentamiento adecuado:<\/strong> Realizar un calentamiento completo antes de los entrenamientos y partidos para preparar los m\u00fasculos y tendones.<\/li><\/ul><h3>T\u00e9cnicas de Entrenamiento<\/h3><ul><li><strong>T\u00e9cnica correcta:<\/strong> Trabajar con un entrenador para mejorar la t\u00e9cnica en movimientos clave, como la carrera y el golpeo de bal\u00f3n, para reducir el estr\u00e9s en los tendones.<\/li><li><strong>Control de carga:<\/strong> Evitar el sobreentrenamiento, ajustando la carga de trabajo de acuerdo con el estado f\u00edsico y las recomendaciones de los profesionales de la salud.<\/li><\/ul><h2>El Rol de la Kinesiolog\u00eda en el Tratamiento y Prevenci\u00f3n de la Tendinitis<\/h2><p>La kinesiolog\u00eda desempe\u00f1a un papel fundamental en el manejo de la tendinitis, tanto en su tratamiento como en su prevenci\u00f3n. Un kinesi\u00f3logo puede ayudarte a desarrollar un plan de ejercicio personalizado que se enfoque en fortalecer los m\u00fasculos y tendones, mejorar la flexibilidad y corregir cualquier desequilibrio muscular que pueda estar contribuyendo al problema.<\/p><h3>Beneficios de la Kinesiolog\u00eda<\/h3><ul><li><strong>Recuperaci\u00f3n r\u00e1pida y segura:<\/strong> Un enfoque personalizado y guiado por un kinesi\u00f3logo te permitir\u00e1 recuperar la funci\u00f3n del tend\u00f3n sin prisas, reduciendo el riesgo de reca\u00eddas.<\/li><li><strong>Prevenci\u00f3n efectiva:<\/strong> Mediante la identificaci\u00f3n de factores de riesgo y la implementaci\u00f3n de estrategias de fortalecimiento y correcci\u00f3n de la t\u00e9cnica.<\/li><li><strong>Mejora del rendimiento:<\/strong> Al tratar y prevenir la tendinitis, podr\u00e1s rendir al m\u00e1ximo nivel sin las limitaciones que esta afecci\u00f3n puede imponer.<\/li><\/ul><h2>Cu\u00e1ndo Consultar a un Profesional<\/h2><p>Es importante saber cu\u00e1ndo buscar ayuda profesional. Si experimentas dolor persistente en alg\u00fan tend\u00f3n que no mejora con el reposo o interfiere con tu rendimiento deportivo, debes consultar a un m\u00e9dico o kinesi\u00f3logo.<\/p><h3>Evaluaci\u00f3n Profesional<\/h3><p>Un profesional de la salud evaluar\u00e1 la gravedad de la tendinitis y te ayudar\u00e1 a desarrollar un plan de tratamiento espec\u00edfico para tu caso. La intervenci\u00f3n temprana es clave para evitar que la tendinitis se convierta en un problema cr\u00f3nico.<\/p><p>La tendinitis puede ser una afecci\u00f3n debilitante para los futbolistas, pero con el tratamiento adecuado y las medidas preventivas correctas, es posible superarla y prevenir su recurrencia. La kinesiolog\u00eda ofrece herramientas esenciales para la rehabilitaci\u00f3n y prevenci\u00f3n, asegurando que puedas seguir disfrutando del f\u00fatbol sin que la tendinitis limite tu rendimiento.<\/p><p><strong>\u00bfHas experimentado alguna vez s\u00edntomas de tendinitis durante la pr\u00e1ctica del f\u00fatbol?<\/strong> Comparte tu experiencia y descubre c\u00f3mo prevenir y manejar esta afecci\u00f3n para mantenerte en el juego.<\/p><p>\u00bfTe apasiona la kinesiolog\u00eda? Explora <a href=\"http:\/\/www.ambitokinesico.com.ar\" target=\"_new\" rel=\"noopener\">www.ambitokinesico.com.ar<\/a>, la p\u00e1gina pionera en el campo, y encuentra recursos exclusivos para descargar y aprender m\u00e1s.<\/p>\t\t\t\t\t\t\t\t<\/div>\n\t\t\t\t<\/div>\n\t\t\t\t<div class=\"elementor-element elementor-element-525bc6a elementor-grid-eael-col-4 elementor-grid-tablet-eael-col-2 elementor-grid-mobile-eael-col-1 elementor-widget elementor-widget-eael-post-grid\" data-id=\"525bc6a\" data-element_type=\"widget\" data-settings=\"{&quot;eael_post_grid_columns&quot;:&quot;eael-col-4&quot;,&quot;eael_post_grid_columns_tablet&quot;:&quot;eael-col-2&quot;,&quot;eael_post_grid_columns_mobile&quot;:&quot;eael-col-1&quot;}\" data-widget_type=\"eael-post-grid.default\">\n\t\t\t\t<div class=\"elementor-widget-container\">\n\t\t\t\t\t<div id=\"eael-post-grid-525bc6a\" class=\"eael-post-grid-container\">\n            <div class=\"eael-post-grid eael-post-appender eael-post-appender-525bc6a eael-post-grid-style-one\" data-layout-mode=\"masonry\"><article class=\"eael-grid-post eael-post-grid-column\" data-id=\"4768\">\n        <div class=\"eael-grid-post-holder\">\n            <div class=\"eael-grid-post-holder-inner\"><div class=\"eael-entry-media\"><div class=\"eael-entry-overlay fade-in\"><i class=\"fas fa-long-arrow-alt-right\" aria-hidden=\"true\"><\/i><a href=\"https:\/\/galleanosebastian.com.ar\/index.php\/2025\/09\/02\/rehabilitacion-de-cervicalgia-en-adultos-con-sobrepeso\/\"><\/a><\/div><div class=\"eael-entry-thumbnail \">\n                <img fetchpriority=\"high\" decoding=\"async\" width=\"300\" height=\"169\" src=\"https:\/\/galleanosebastian.com.ar\/wp-content\/uploads\/2025\/09\/63-300x169.jpg\" class=\"attachment-medium size-medium wp-image-4776\" alt=\"\" srcset=\"https:\/\/galleanosebastian.com.ar\/wp-content\/uploads\/2025\/09\/63-300x169.jpg 300w, https:\/\/galleanosebastian.com.ar\/wp-content\/uploads\/2025\/09\/63-1024x576.jpg 1024w, https:\/\/galleanosebastian.com.ar\/wp-content\/uploads\/2025\/09\/63-768x432.jpg 768w, https:\/\/galleanosebastian.com.ar\/wp-content\/uploads\/2025\/09\/63-1536x864.jpg 1536w, https:\/\/galleanosebastian.com.ar\/wp-content\/uploads\/2025\/09\/63.jpg 1600w\" sizes=\"(max-width: 300px) 100vw, 300px\" \/>\n            <\/div>\n        <\/div><div class=\"eael-entry-wrapper\"><header class=\"eael-entry-header\"><h4 class=\"eael-entry-title\"><a\n                        class=\"eael-grid-post-link\"\n                        href=\"https:\/\/galleanosebastian.com.ar\/index.php\/2025\/09\/02\/rehabilitacion-de-cervicalgia-en-adultos-con-sobrepeso\/\"\n                        title=\"Rehabilitaci\u00f3n de cervicalgia en adultos con sobrepeso\">Rehabilitaci\u00f3n de cervicalgia en adultos con sobrepeso<\/a><\/h4><\/header><div class=\"eael-entry-content\">\n                        <div class=\"eael-grid-post-excerpt\"><p>C\u00f3mo abordar la cervicalgia mec\u00e1nica en adultos con sobrepeso y...<\/p><a href=\"https:\/\/galleanosebastian.com.ar\/index.php\/2025\/09\/02\/rehabilitacion-de-cervicalgia-en-adultos-con-sobrepeso\/\" class=\"eael-post-elements-readmore-btn\">Read More<\/a><\/div>\n                    <\/div><div class=\"eael-entry-footer\"><div class=\"eael-author-avatar\"><a href=\"https:\/\/galleanosebastian.com.ar\/index.php\/author\/galleano-sebastian\/\"><img alt='galleano.sebastian' src='https:\/\/secure.gravatar.com\/avatar\/696976b010028a9cf4df4a37738269e5?s=96&#038;d=mm&#038;r=g' srcset='https:\/\/secure.gravatar.com\/avatar\/696976b010028a9cf4df4a37738269e5?s=192&#038;d=mm&#038;r=g 2x' class='avatar avatar-96 photo' height='96' width='96' \/><\/a><\/div><div class=\"eael-entry-meta\"><span class=\"eael-posted-by\"><a href=\"https:\/\/galleanosebastian.com.ar\/index.php\/author\/galleano-sebastian\/\" title=\"Entradas de galleano.sebastian\" rel=\"author\">galleano.sebastian<\/a><\/span><span class=\"eael-posted-on\"><time datetime=\"2 de septiembre de 2025\">2 de septiembre de 2025<\/time><\/span><\/div><\/div><\/div><\/div>\n        <\/div>\n    <\/article><article class=\"eael-grid-post eael-post-grid-column\" data-id=\"4763\">\n        <div class=\"eael-grid-post-holder\">\n            <div class=\"eael-grid-post-holder-inner\"><div class=\"eael-entry-media\"><div class=\"eael-entry-overlay fade-in\"><i class=\"fas fa-long-arrow-alt-right\" aria-hidden=\"true\"><\/i><a href=\"https:\/\/galleanosebastian.com.ar\/index.php\/2025\/08\/26\/rehabilitacion-de-lumbalgia-en-adultos-con-sobrepeso\/\"><\/a><\/div><div class=\"eael-entry-thumbnail \">\n                <img decoding=\"async\" width=\"300\" height=\"169\" src=\"https:\/\/galleanosebastian.com.ar\/wp-content\/uploads\/2025\/09\/61-300x169.jpg\" class=\"attachment-medium size-medium wp-image-4774\" alt=\"\" srcset=\"https:\/\/galleanosebastian.com.ar\/wp-content\/uploads\/2025\/09\/61-300x169.jpg 300w, https:\/\/galleanosebastian.com.ar\/wp-content\/uploads\/2025\/09\/61-1024x576.jpg 1024w, https:\/\/galleanosebastian.com.ar\/wp-content\/uploads\/2025\/09\/61-768x432.jpg 768w, https:\/\/galleanosebastian.com.ar\/wp-content\/uploads\/2025\/09\/61-1536x864.jpg 1536w, https:\/\/galleanosebastian.com.ar\/wp-content\/uploads\/2025\/09\/61.jpg 1600w\" sizes=\"(max-width: 300px) 100vw, 300px\" \/>\n            <\/div>\n        <\/div><div class=\"eael-entry-wrapper\"><header class=\"eael-entry-header\"><h4 class=\"eael-entry-title\"><a\n                        class=\"eael-grid-post-link\"\n                        href=\"https:\/\/galleanosebastian.com.ar\/index.php\/2025\/08\/26\/rehabilitacion-de-lumbalgia-en-adultos-con-sobrepeso\/\"\n                        title=\"Rehabilitaci\u00f3n de lumbalgia en adultos con sobrepeso\">Rehabilitaci\u00f3n de lumbalgia en adultos con sobrepeso<\/a><\/h4><\/header><div class=\"eael-entry-content\">\n                        <div class=\"eael-grid-post-excerpt\"><p>Rehabilitaci\u00f3n de lumbalgia en adultos con sobrepeso: c\u00f3mo recuperar bienestar...<\/p><a href=\"https:\/\/galleanosebastian.com.ar\/index.php\/2025\/08\/26\/rehabilitacion-de-lumbalgia-en-adultos-con-sobrepeso\/\" class=\"eael-post-elements-readmore-btn\">Read More<\/a><\/div>\n                    <\/div><div class=\"eael-entry-footer\"><div class=\"eael-author-avatar\"><a href=\"https:\/\/galleanosebastian.com.ar\/index.php\/author\/galleano-sebastian\/\"><img alt='galleano.sebastian' src='https:\/\/secure.gravatar.com\/avatar\/696976b010028a9cf4df4a37738269e5?s=96&#038;d=mm&#038;r=g' srcset='https:\/\/secure.gravatar.com\/avatar\/696976b010028a9cf4df4a37738269e5?s=192&#038;d=mm&#038;r=g 2x' class='avatar avatar-96 photo' height='96' width='96' \/><\/a><\/div><div class=\"eael-entry-meta\"><span class=\"eael-posted-by\"><a href=\"https:\/\/galleanosebastian.com.ar\/index.php\/author\/galleano-sebastian\/\" title=\"Entradas de galleano.sebastian\" rel=\"author\">galleano.sebastian<\/a><\/span><span class=\"eael-posted-on\"><time datetime=\"26 de agosto de 2025\">26 de agosto de 2025<\/time><\/span><\/div><\/div><\/div><\/div>\n        <\/div>\n    <\/article><article class=\"eael-grid-post eael-post-grid-column\" data-id=\"4757\">\n        <div class=\"eael-grid-post-holder\">\n            <div class=\"eael-grid-post-holder-inner\"><div class=\"eael-entry-media\"><div class=\"eael-entry-overlay fade-in\"><i class=\"fas fa-long-arrow-alt-right\" aria-hidden=\"true\"><\/i><a href=\"https:\/\/galleanosebastian.com.ar\/index.php\/2025\/08\/20\/rehabilitacion-de-rodillas-en-adultos-con-sobrepeso-y-dolor\/\"><\/a><\/div><div class=\"eael-entry-thumbnail \">\n                <img decoding=\"async\" width=\"300\" height=\"169\" src=\"https:\/\/galleanosebastian.com.ar\/wp-content\/uploads\/2025\/09\/65-300x169.jpg\" class=\"attachment-medium size-medium wp-image-4778\" alt=\"\" srcset=\"https:\/\/galleanosebastian.com.ar\/wp-content\/uploads\/2025\/09\/65-300x169.jpg 300w, https:\/\/galleanosebastian.com.ar\/wp-content\/uploads\/2025\/09\/65-1024x576.jpg 1024w, https:\/\/galleanosebastian.com.ar\/wp-content\/uploads\/2025\/09\/65-768x432.jpg 768w, https:\/\/galleanosebastian.com.ar\/wp-content\/uploads\/2025\/09\/65-1536x864.jpg 1536w, https:\/\/galleanosebastian.com.ar\/wp-content\/uploads\/2025\/09\/65.jpg 1600w\" sizes=\"(max-width: 300px) 100vw, 300px\" \/>\n            <\/div>\n        <\/div><div class=\"eael-entry-wrapper\"><header class=\"eael-entry-header\"><h4 class=\"eael-entry-title\"><a\n                        class=\"eael-grid-post-link\"\n                        href=\"https:\/\/galleanosebastian.com.ar\/index.php\/2025\/08\/20\/rehabilitacion-de-rodillas-en-adultos-con-sobrepeso-y-dolor\/\"\n                        title=\"Rehabilitaci\u00f3n de rodillas en adultos con sobrepeso y dolor\">Rehabilitaci\u00f3n de rodillas en adultos con sobrepeso y dolor<\/a><\/h4><\/header><div class=\"eael-entry-content\">\n                        <div class=\"eael-grid-post-excerpt\"><p>C\u00f3mo recuper\u00e9 movilidad y bienestar con rehabilitaci\u00f3n de rodillas en...<\/p><a href=\"https:\/\/galleanosebastian.com.ar\/index.php\/2025\/08\/20\/rehabilitacion-de-rodillas-en-adultos-con-sobrepeso-y-dolor\/\" class=\"eael-post-elements-readmore-btn\">Read More<\/a><\/div>\n                    <\/div><div class=\"eael-entry-footer\"><div class=\"eael-author-avatar\"><a href=\"https:\/\/galleanosebastian.com.ar\/index.php\/author\/galleano-sebastian\/\"><img alt='galleano.sebastian' src='https:\/\/secure.gravatar.com\/avatar\/696976b010028a9cf4df4a37738269e5?s=96&#038;d=mm&#038;r=g' srcset='https:\/\/secure.gravatar.com\/avatar\/696976b010028a9cf4df4a37738269e5?s=192&#038;d=mm&#038;r=g 2x' class='avatar avatar-96 photo' height='96' width='96' \/><\/a><\/div><div class=\"eael-entry-meta\"><span class=\"eael-posted-by\"><a href=\"https:\/\/galleanosebastian.com.ar\/index.php\/author\/galleano-sebastian\/\" title=\"Entradas de galleano.sebastian\" rel=\"author\">galleano.sebastian<\/a><\/span><span class=\"eael-posted-on\"><time datetime=\"20 de agosto de 2025\">20 de agosto de 2025<\/time><\/span><\/div><\/div><\/div><\/div>\n        <\/div>\n    <\/article><article class=\"eael-grid-post eael-post-grid-column\" data-id=\"4749\">\n        <div class=\"eael-grid-post-holder\">\n            <div class=\"eael-grid-post-holder-inner\"><div class=\"eael-entry-media\"><div class=\"eael-entry-overlay fade-in\"><i class=\"fas fa-long-arrow-alt-right\" aria-hidden=\"true\"><\/i><a href=\"https:\/\/galleanosebastian.com.ar\/index.php\/2025\/07\/30\/fractura-de-muneca-en-adultos-mayores-como-recuperarse\/\"><\/a><\/div><div class=\"eael-entry-thumbnail \">\n                <img loading=\"lazy\" decoding=\"async\" width=\"300\" height=\"169\" src=\"https:\/\/galleanosebastian.com.ar\/wp-content\/uploads\/2025\/06\/1-4-300x169.jpg\" class=\"attachment-medium size-medium wp-image-4751\" alt=\"\" srcset=\"https:\/\/galleanosebastian.com.ar\/wp-content\/uploads\/2025\/06\/1-4-300x169.jpg 300w, https:\/\/galleanosebastian.com.ar\/wp-content\/uploads\/2025\/06\/1-4-1024x576.jpg 1024w, https:\/\/galleanosebastian.com.ar\/wp-content\/uploads\/2025\/06\/1-4-768x432.jpg 768w, https:\/\/galleanosebastian.com.ar\/wp-content\/uploads\/2025\/06\/1-4-1536x864.jpg 1536w, https:\/\/galleanosebastian.com.ar\/wp-content\/uploads\/2025\/06\/1-4.jpg 1920w\" sizes=\"(max-width: 300px) 100vw, 300px\" \/>\n            <\/div>\n        <\/div><div class=\"eael-entry-wrapper\"><header class=\"eael-entry-header\"><h4 class=\"eael-entry-title\"><a\n                        class=\"eael-grid-post-link\"\n                        href=\"https:\/\/galleanosebastian.com.ar\/index.php\/2025\/07\/30\/fractura-de-muneca-en-adultos-mayores-como-recuperarse\/\"\n                        title=\"Fractura de mu\u00f1eca en adultos mayores: c\u00f3mo recuperarse\">Fractura de mu\u00f1eca en adultos mayores: c\u00f3mo recuperarse<\/a><\/h4><\/header><div class=\"eael-entry-content\">\n                        <div class=\"eael-grid-post-excerpt\"><p>Fractura de mu\u00f1eca en adultos mayores: c\u00f3mo acompa\u00f1amos la recuperaci\u00f3n...<\/p><a href=\"https:\/\/galleanosebastian.com.ar\/index.php\/2025\/07\/30\/fractura-de-muneca-en-adultos-mayores-como-recuperarse\/\" class=\"eael-post-elements-readmore-btn\">Read More<\/a><\/div>\n                    <\/div><div class=\"eael-entry-footer\"><div class=\"eael-author-avatar\"><a href=\"https:\/\/galleanosebastian.com.ar\/index.php\/author\/galleano-sebastian\/\"><img alt='galleano.sebastian' src='https:\/\/secure.gravatar.com\/avatar\/696976b010028a9cf4df4a37738269e5?s=96&#038;d=mm&#038;r=g' srcset='https:\/\/secure.gravatar.com\/avatar\/696976b010028a9cf4df4a37738269e5?s=192&#038;d=mm&#038;r=g 2x' class='avatar avatar-96 photo' height='96' width='96' \/><\/a><\/div><div class=\"eael-entry-meta\"><span class=\"eael-posted-by\"><a href=\"https:\/\/galleanosebastian.com.ar\/index.php\/author\/galleano-sebastian\/\" title=\"Entradas de galleano.sebastian\" rel=\"author\">galleano.sebastian<\/a><\/span><span class=\"eael-posted-on\"><time datetime=\"30 de julio de 2025\">30 de julio de 2025<\/time><\/span><\/div><\/div><\/div><\/div>\n        <\/div>\n    <\/article><\/div>\n            <div class=\"clearfix\"><\/div>\n        <\/div>            <div class=\"eael-load-more-button-wrap eael-force-hide\">\n                <button class=\"eael-load-more-button\" id=\"eael-load-more-btn-525bc6a\" data-widget-id=\"525bc6a\" data-widget=\"525bc6a\" data-page-id=\"4022\" data-template=\"{&quot;dir&quot;:&quot;lite&quot;,&quot;file_name&quot;:&quot;default.php&quot;,&quot;name&quot;:&quot;Post-Grid&quot;}\" data-class=\"Essential_Addons_Elementor\\Elements\\Post_Grid\" data-layout=\"masonry\" data-page=\"1\" data-args=\"orderby=date&amp;order=desc&amp;ignore_sticky_posts=1&amp;post_status=publish&amp;posts_per_page=4&amp;offset=0&amp;post_type=post\" data-max-page=\"42\">\n                    <span class=\"eael-btn-loader button__loader\"><\/span>\n                    <span class=\"eael_load_more_text\">Load More<\/span>\n                <\/button>\n            <\/div>\n            \t\t\t\t<\/div>\n\t\t\t\t<\/div>\n\t\t\t\t\t<\/div>\n\t\t\t\t<\/div>\n\t\t\t\t<\/div>\n\t\t","protected":false},"excerpt":{"rendered":"<p>Tendinitis en el F\u00fatbol: Causas de la Tendinitis en Futbolistas \u00bfHas sentido alguna vez un dolor persistente en tus tendones despu\u00e9s de un entrenamiento o partido de f\u00fatbol? La tendinitis es una afecci\u00f3n com\u00fan entre los futbolistas, y si no se trata adecuadamente, puede convertirse en un problema cr\u00f3nico que limite tu rendimiento. A lo [&hellip;]<\/p>\n","protected":false},"author":1,"featured_media":4024,"comment_status":"open","ping_status":"open","sticky":false,"template":"","format":"standard","meta":{"site-sidebar-layout":"default","site-content-layout":"","ast-site-content-layout":"","site-content-style":"default","site-sidebar-style":"default","ast-global-header-display":"","ast-banner-title-visibility":"","ast-main-header-display":"","ast-hfb-above-header-display":"","ast-hfb-below-header-display":"","ast-hfb-mobile-header-display":"","site-post-title":"","ast-breadcrumbs-content":"","ast-featured-img":"","footer-sml-layout":"","theme-transparent-header-meta":"","adv-header-id-meta":"","stick-header-meta":"","header-above-stick-meta":"","header-main-stick-meta":"","header-below-stick-meta":"","astra-migrate-meta-layouts":"default","ast-page-background-enabled":"default","ast-page-background-meta":{"desktop":{"background-color":"var(--ast-global-color-4)","background-image":"","background-repeat":"repeat","background-position":"center center","background-size":"auto","background-attachment":"scroll","background-type":"","background-media":"","overlay-type":"","overlay-color":"","overlay-opacity":"","overlay-gradient":""},"tablet":{"background-color":"","background-image":"","background-repeat":"repeat","background-position":"center center","background-size":"auto","background-attachment":"scroll","background-type":"","background-media":"","overlay-type":"","overlay-color":"","overlay-opacity":"","overlay-gradient":""},"mobile":{"background-color":"","background-image":"","background-repeat":"repeat","background-position":"center center","background-size":"auto","background-attachment":"scroll","background-type":"","background-media":"","overlay-type":"","overlay-color":"","overlay-opacity":"","overlay-gradient":""}},"ast-content-background-meta":{"desktop":{"background-color":"var(--ast-global-color-5)","background-image":"","background-repeat":"repeat","background-position":"center center","background-size":"auto","background-attachment":"scroll","background-type":"","background-media":"","overlay-type":"","overlay-color":"","overlay-opacity":"","overlay-gradient":""},"tablet":{"background-color":"var(--ast-global-color-5)","background-image":"","background-repeat":"repeat","background-position":"center center","background-size":"auto","background-attachment":"scroll","background-type":"","background-media":"","overlay-type":"","overlay-color":"","overlay-opacity":"","overlay-gradient":""},"mobile":{"background-color":"var(--ast-global-color-5)","background-image":"","background-repeat":"repeat","background-position":"center center","background-size":"auto","background-attachment":"scroll","background-type":"","background-media":"","overlay-type":"","overlay-color":"","overlay-opacity":"","overlay-gradient":""}},"footnotes":"","_wpscppro_custom_social_share_image":0,"_facebook_share_type":"default","_twitter_share_type":"default","_linkedin_share_type":"default","_pinterest_share_type":"default","_linkedin_share_type_page":"","_instagram_share_type":"default","_medium_share_type":"","_threads_share_type":"","_selected_social_profile":null},"categories":[2,1],"tags":[134,54,110,97,90,249,72,135],"class_list":["post-4022","post","type-post","status-publish","format-standard","has-post-thumbnail","hentry","category-asistencia","category-blog","tag-diagnostico","tag-kinesiologia","tag-lesiones-deportivas","tag-recuperacion","tag-rehabilitacion","tag-salud","tag-tendinitis","tag-tratamiento"],"yoast_head":"<!-- This site is optimized with the Yoast SEO plugin v24.6 - https:\/\/yoast.com\/wordpress\/plugins\/seo\/ -->\n<title>Causas de la Tendinitis en Futbolistas -<\/title>\n<meta name=\"robots\" content=\"index, follow, max-snippet:-1, max-image-preview:large, max-video-preview:-1\" \/>\n<link rel=\"canonical\" href=\"https:\/\/galleanosebastian.com.ar\/index.php\/2024\/09\/16\/causas-de-la-tendinitis-en-futbolistas\/\" \/>\n<meta property=\"og:locale\" content=\"es_ES\" \/>\n<meta property=\"og:type\" content=\"article\" \/>\n<meta property=\"og:title\" content=\"Causas de la Tendinitis en Futbolistas -\" \/>\n<meta property=\"og:description\" content=\"Tendinitis en el F\u00fatbol: Causas de la Tendinitis en Futbolistas \u00bfHas sentido alguna vez un dolor persistente en tus tendones despu\u00e9s de un entrenamiento o partido de f\u00fatbol? La tendinitis es una afecci\u00f3n com\u00fan entre los futbolistas, y si no se trata adecuadamente, puede convertirse en un problema cr\u00f3nico que limite tu rendimiento. A lo [&hellip;]\" \/>\n<meta property=\"og:url\" content=\"https:\/\/galleanosebastian.com.ar\/index.php\/2024\/09\/16\/causas-de-la-tendinitis-en-futbolistas\/\" \/>\n<meta property=\"article:published_time\" content=\"2024-09-16T12:56:00+00:00\" \/>\n<meta property=\"og:image\" content=\"https:\/\/galleanosebastian.com.ar\/wp-content\/uploads\/2024\/08\/5-1.jpg\" \/>\n\t<meta property=\"og:image:width\" content=\"1440\" \/>\n\t<meta property=\"og:image:height\" content=\"810\" \/>\n\t<meta property=\"og:image:type\" content=\"image\/jpeg\" \/>\n<meta name=\"author\" content=\"galleano.sebastian\" \/>\n<meta name=\"twitter:card\" content=\"summary_large_image\" \/>\n<meta name=\"twitter:label1\" content=\"Escrito por\" \/>\n\t<meta name=\"twitter:data1\" content=\"galleano.sebastian\" \/>\n\t<meta name=\"twitter:label2\" content=\"Tiempo de lectura\" \/>\n\t<meta name=\"twitter:data2\" content=\"7 minutos\" \/>\n<script type=\"application\/ld+json\" class=\"yoast-schema-graph\">{\"@context\":\"https:\/\/schema.org\",\"@graph\":[{\"@type\":\"Article\",\"@id\":\"https:\/\/galleanosebastian.com.ar\/index.php\/2024\/09\/16\/causas-de-la-tendinitis-en-futbolistas\/#article\",\"isPartOf\":{\"@id\":\"https:\/\/galleanosebastian.com.ar\/index.php\/2024\/09\/16\/causas-de-la-tendinitis-en-futbolistas\/\"},\"author\":{\"name\":\"galleano.sebastian\",\"@id\":\"https:\/\/galleanosebastian.com.ar\/#\/schema\/person\/e9e053bc7d61b5b176e446bc0b052f9c\"},\"headline\":\"Causas de la Tendinitis en Futbolistas\",\"datePublished\":\"2024-09-16T12:56:00+00:00\",\"mainEntityOfPage\":{\"@id\":\"https:\/\/galleanosebastian.com.ar\/index.php\/2024\/09\/16\/causas-de-la-tendinitis-en-futbolistas\/\"},\"wordCount\":1382,\"commentCount\":0,\"publisher\":{\"@id\":\"https:\/\/galleanosebastian.com.ar\/#\/schema\/person\/e9e053bc7d61b5b176e446bc0b052f9c\"},\"image\":{\"@id\":\"https:\/\/galleanosebastian.com.ar\/index.php\/2024\/09\/16\/causas-de-la-tendinitis-en-futbolistas\/#primaryimage\"},\"thumbnailUrl\":\"https:\/\/galleanosebastian.com.ar\/wp-content\/uploads\/2024\/08\/5-1.jpg\",\"keywords\":[\"diagn\u00f3stico\",\"kinesiolog\u00eda\",\"lesiones deportivas\",\"recuperaci\u00f3n\",\"rehabilitaci\u00f3n\",\"salud\",\"tendinitis\",\"tratamiento\"],\"articleSection\":[\"Asistencia\",\"Blog\"],\"inLanguage\":\"es\",\"potentialAction\":[{\"@type\":\"CommentAction\",\"name\":\"Comment\",\"target\":[\"https:\/\/galleanosebastian.com.ar\/index.php\/2024\/09\/16\/causas-de-la-tendinitis-en-futbolistas\/#respond\"]}]},{\"@type\":\"WebPage\",\"@id\":\"https:\/\/galleanosebastian.com.ar\/index.php\/2024\/09\/16\/causas-de-la-tendinitis-en-futbolistas\/\",\"url\":\"https:\/\/galleanosebastian.com.ar\/index.php\/2024\/09\/16\/causas-de-la-tendinitis-en-futbolistas\/\",\"name\":\"Causas de la Tendinitis en Futbolistas -\",\"isPartOf\":{\"@id\":\"https:\/\/galleanosebastian.com.ar\/#website\"},\"primaryImageOfPage\":{\"@id\":\"https:\/\/galleanosebastian.com.ar\/index.php\/2024\/09\/16\/causas-de-la-tendinitis-en-futbolistas\/#primaryimage\"},\"image\":{\"@id\":\"https:\/\/galleanosebastian.com.ar\/index.php\/2024\/09\/16\/causas-de-la-tendinitis-en-futbolistas\/#primaryimage\"},\"thumbnailUrl\":\"https:\/\/galleanosebastian.com.ar\/wp-content\/uploads\/2024\/08\/5-1.jpg\",\"datePublished\":\"2024-09-16T12:56:00+00:00\",\"breadcrumb\":{\"@id\":\"https:\/\/galleanosebastian.com.ar\/index.php\/2024\/09\/16\/causas-de-la-tendinitis-en-futbolistas\/#breadcrumb\"},\"inLanguage\":\"es\",\"potentialAction\":[{\"@type\":\"ReadAction\",\"target\":[\"https:\/\/galleanosebastian.com.ar\/index.php\/2024\/09\/16\/causas-de-la-tendinitis-en-futbolistas\/\"]}]},{\"@type\":\"ImageObject\",\"inLanguage\":\"es\",\"@id\":\"https:\/\/galleanosebastian.com.ar\/index.php\/2024\/09\/16\/causas-de-la-tendinitis-en-futbolistas\/#primaryimage\",\"url\":\"https:\/\/galleanosebastian.com.ar\/wp-content\/uploads\/2024\/08\/5-1.jpg\",\"contentUrl\":\"https:\/\/galleanosebastian.com.ar\/wp-content\/uploads\/2024\/08\/5-1.jpg\",\"width\":1440,\"height\":810},{\"@type\":\"BreadcrumbList\",\"@id\":\"https:\/\/galleanosebastian.com.ar\/index.php\/2024\/09\/16\/causas-de-la-tendinitis-en-futbolistas\/#breadcrumb\",\"itemListElement\":[{\"@type\":\"ListItem\",\"position\":1,\"name\":\"Home\",\"item\":\"https:\/\/galleanosebastian.com.ar\/\"},{\"@type\":\"ListItem\",\"position\":2,\"name\":\"Causas de la Tendinitis en Futbolistas\"}]},{\"@type\":\"WebSite\",\"@id\":\"https:\/\/galleanosebastian.com.ar\/#website\",\"url\":\"https:\/\/galleanosebastian.com.ar\/\",\"name\":\"Sebasti\u00e1n Pablo Galleano\",\"description\":\"\",\"publisher\":{\"@id\":\"https:\/\/galleanosebastian.com.ar\/#\/schema\/person\/e9e053bc7d61b5b176e446bc0b052f9c\"},\"potentialAction\":[{\"@type\":\"SearchAction\",\"target\":{\"@type\":\"EntryPoint\",\"urlTemplate\":\"https:\/\/galleanosebastian.com.ar\/?s={search_term_string}\"},\"query-input\":{\"@type\":\"PropertyValueSpecification\",\"valueRequired\":true,\"valueName\":\"search_term_string\"}}],\"inLanguage\":\"es\"},{\"@type\":[\"Person\",\"Organization\"],\"@id\":\"https:\/\/galleanosebastian.com.ar\/#\/schema\/person\/e9e053bc7d61b5b176e446bc0b052f9c\",\"name\":\"galleano.sebastian\",\"image\":{\"@type\":\"ImageObject\",\"inLanguage\":\"es\",\"@id\":\"https:\/\/galleanosebastian.com.ar\/#\/schema\/person\/image\/\",\"url\":\"https:\/\/galleanosebastian.com.ar\/wp-content\/uploads\/2023\/11\/cropped-Diseno-sin-titulo-6.png\",\"contentUrl\":\"https:\/\/galleanosebastian.com.ar\/wp-content\/uploads\/2023\/11\/cropped-Diseno-sin-titulo-6.png\",\"width\":250,\"height\":117,\"caption\":\"galleano.sebastian\"},\"logo\":{\"@id\":\"https:\/\/galleanosebastian.com.ar\/#\/schema\/person\/image\/\"},\"sameAs\":[\"https:\/\/galleanosebastian.com.ar\"],\"url\":\"https:\/\/galleanosebastian.com.ar\/index.php\/author\/galleano-sebastian\/\"}]}<\/script>\n<!-- \/ Yoast SEO plugin. -->","yoast_head_json":{"title":"Causas de la Tendinitis en Futbolistas -","robots":{"index":"index","follow":"follow","max-snippet":"max-snippet:-1","max-image-preview":"max-image-preview:large","max-video-preview":"max-video-preview:-1"},"canonical":"https:\/\/galleanosebastian.com.ar\/index.php\/2024\/09\/16\/causas-de-la-tendinitis-en-futbolistas\/","og_locale":"es_ES","og_type":"article","og_title":"Causas de la Tendinitis en Futbolistas -","og_description":"Tendinitis en el F\u00fatbol: Causas de la Tendinitis en Futbolistas \u00bfHas sentido alguna vez un dolor persistente en tus tendones despu\u00e9s de un entrenamiento o partido de f\u00fatbol? La tendinitis es una afecci\u00f3n com\u00fan entre los futbolistas, y si no se trata adecuadamente, puede convertirse en un problema cr\u00f3nico que limite tu rendimiento. A lo [&hellip;]","og_url":"https:\/\/galleanosebastian.com.ar\/index.php\/2024\/09\/16\/causas-de-la-tendinitis-en-futbolistas\/","article_published_time":"2024-09-16T12:56:00+00:00","og_image":[{"width":1440,"height":810,"url":"https:\/\/galleanosebastian.com.ar\/wp-content\/uploads\/2024\/08\/5-1.jpg","type":"image\/jpeg"}],"author":"galleano.sebastian","twitter_card":"summary_large_image","twitter_misc":{"Escrito por":"galleano.sebastian","Tiempo de lectura":"7 minutos"},"schema":{"@context":"https:\/\/schema.org","@graph":[{"@type":"Article","@id":"https:\/\/galleanosebastian.com.ar\/index.php\/2024\/09\/16\/causas-de-la-tendinitis-en-futbolistas\/#article","isPartOf":{"@id":"https:\/\/galleanosebastian.com.ar\/index.php\/2024\/09\/16\/causas-de-la-tendinitis-en-futbolistas\/"},"author":{"name":"galleano.sebastian","@id":"https:\/\/galleanosebastian.com.ar\/#\/schema\/person\/e9e053bc7d61b5b176e446bc0b052f9c"},"headline":"Causas de la Tendinitis en Futbolistas","datePublished":"2024-09-16T12:56:00+00:00","mainEntityOfPage":{"@id":"https:\/\/galleanosebastian.com.ar\/index.php\/2024\/09\/16\/causas-de-la-tendinitis-en-futbolistas\/"},"wordCount":1382,"commentCount":0,"publisher":{"@id":"https:\/\/galleanosebastian.com.ar\/#\/schema\/person\/e9e053bc7d61b5b176e446bc0b052f9c"},"image":{"@id":"https:\/\/galleanosebastian.com.ar\/index.php\/2024\/09\/16\/causas-de-la-tendinitis-en-futbolistas\/#primaryimage"},"thumbnailUrl":"https:\/\/galleanosebastian.com.ar\/wp-content\/uploads\/2024\/08\/5-1.jpg","keywords":["diagn\u00f3stico","kinesiolog\u00eda","lesiones deportivas","recuperaci\u00f3n","rehabilitaci\u00f3n","salud","tendinitis","tratamiento"],"articleSection":["Asistencia","Blog"],"inLanguage":"es","potentialAction":[{"@type":"CommentAction","name":"Comment","target":["https:\/\/galleanosebastian.com.ar\/index.php\/2024\/09\/16\/causas-de-la-tendinitis-en-futbolistas\/#respond"]}]},{"@type":"WebPage","@id":"https:\/\/galleanosebastian.com.ar\/index.php\/2024\/09\/16\/causas-de-la-tendinitis-en-futbolistas\/","url":"https:\/\/galleanosebastian.com.ar\/index.php\/2024\/09\/16\/causas-de-la-tendinitis-en-futbolistas\/","name":"Causas de la Tendinitis en Futbolistas -","isPartOf":{"@id":"https:\/\/galleanosebastian.com.ar\/#website"},"primaryImageOfPage":{"@id":"https:\/\/galleanosebastian.com.ar\/index.php\/2024\/09\/16\/causas-de-la-tendinitis-en-futbolistas\/#primaryimage"},"image":{"@id":"https:\/\/galleanosebastian.com.ar\/index.php\/2024\/09\/16\/causas-de-la-tendinitis-en-futbolistas\/#primaryimage"},"thumbnailUrl":"https:\/\/galleanosebastian.com.ar\/wp-content\/uploads\/2024\/08\/5-1.jpg","datePublished":"2024-09-16T12:56:00+00:00","breadcrumb":{"@id":"https:\/\/galleanosebastian.com.ar\/index.php\/2024\/09\/16\/causas-de-la-tendinitis-en-futbolistas\/#breadcrumb"},"inLanguage":"es","potentialAction":[{"@type":"ReadAction","target":["https:\/\/galleanosebastian.com.ar\/index.php\/2024\/09\/16\/causas-de-la-tendinitis-en-futbolistas\/"]}]},{"@type":"ImageObject","inLanguage":"es","@id":"https:\/\/galleanosebastian.com.ar\/index.php\/2024\/09\/16\/causas-de-la-tendinitis-en-futbolistas\/#primaryimage","url":"https:\/\/galleanosebastian.com.ar\/wp-content\/uploads\/2024\/08\/5-1.jpg","contentUrl":"https:\/\/galleanosebastian.com.ar\/wp-content\/uploads\/2024\/08\/5-1.jpg","width":1440,"height":810},{"@type":"BreadcrumbList","@id":"https:\/\/galleanosebastian.com.ar\/index.php\/2024\/09\/16\/causas-de-la-tendinitis-en-futbolistas\/#breadcrumb","itemListElement":[{"@type":"ListItem","position":1,"name":"Home","item":"https:\/\/galleanosebastian.com.ar\/"},{"@type":"ListItem","position":2,"name":"Causas de la Tendinitis en Futbolistas"}]},{"@type":"WebSite","@id":"https:\/\/galleanosebastian.com.ar\/#website","url":"https:\/\/galleanosebastian.com.ar\/","name":"Sebasti\u00e1n Pablo Galleano","description":"","publisher":{"@id":"https:\/\/galleanosebastian.com.ar\/#\/schema\/person\/e9e053bc7d61b5b176e446bc0b052f9c"},"potentialAction":[{"@type":"SearchAction","target":{"@type":"EntryPoint","urlTemplate":"https:\/\/galleanosebastian.com.ar\/?s={search_term_string}"},"query-input":{"@type":"PropertyValueSpecification","valueRequired":true,"valueName":"search_term_string"}}],"inLanguage":"es"},{"@type":["Person","Organization"],"@id":"https:\/\/galleanosebastian.com.ar\/#\/schema\/person\/e9e053bc7d61b5b176e446bc0b052f9c","name":"galleano.sebastian","image":{"@type":"ImageObject","inLanguage":"es","@id":"https:\/\/galleanosebastian.com.ar\/#\/schema\/person\/image\/","url":"https:\/\/galleanosebastian.com.ar\/wp-content\/uploads\/2023\/11\/cropped-Diseno-sin-titulo-6.png","contentUrl":"https:\/\/galleanosebastian.com.ar\/wp-content\/uploads\/2023\/11\/cropped-Diseno-sin-titulo-6.png","width":250,"height":117,"caption":"galleano.sebastian"},"logo":{"@id":"https:\/\/galleanosebastian.com.ar\/#\/schema\/person\/image\/"},"sameAs":["https:\/\/galleanosebastian.com.ar"],"url":"https:\/\/galleanosebastian.com.ar\/index.php\/author\/galleano-sebastian\/"}]}},"_links":{"self":[{"href":"https:\/\/galleanosebastian.com.ar\/index.php\/wp-json\/wp\/v2\/posts\/4022","targetHints":{"allow":["GET"]}}],"collection":[{"href":"https:\/\/galleanosebastian.com.ar\/index.php\/wp-json\/wp\/v2\/posts"}],"about":[{"href":"https:\/\/galleanosebastian.com.ar\/index.php\/wp-json\/wp\/v2\/types\/post"}],"author":[{"embeddable":true,"href":"https:\/\/galleanosebastian.com.ar\/index.php\/wp-json\/wp\/v2\/users\/1"}],"replies":[{"embeddable":true,"href":"https:\/\/galleanosebastian.com.ar\/index.php\/wp-json\/wp\/v2\/comments?post=4022"}],"version-history":[{"count":7,"href":"https:\/\/galleanosebastian.com.ar\/index.php\/wp-json\/wp\/v2\/posts\/4022\/revisions"}],"predecessor-version":[{"id":4030,"href":"https:\/\/galleanosebastian.com.ar\/index.php\/wp-json\/wp\/v2\/posts\/4022\/revisions\/4030"}],"wp:featuredmedia":[{"embeddable":true,"href":"https:\/\/galleanosebastian.com.ar\/index.php\/wp-json\/wp\/v2\/media\/4024"}],"wp:attachment":[{"href":"https:\/\/galleanosebastian.com.ar\/index.php\/wp-json\/wp\/v2\/media?parent=4022"}],"wp:term":[{"taxonomy":"category","embeddable":true,"href":"https:\/\/galleanosebastian.com.ar\/index.php\/wp-json\/wp\/v2\/categories?post=4022"},{"taxonomy":"post_tag","embeddable":true,"href":"https:\/\/galleanosebastian.com.ar\/index.php\/wp-json\/wp\/v2\/tags?post=4022"}],"curies":[{"name":"wp","href":"https:\/\/api.w.org\/{rel}","templated":true}]}}