{"id":4147,"date":"2024-11-07T23:10:13","date_gmt":"2024-11-07T22:10:13","guid":{"rendered":"https:\/\/galleanosebastian.com.ar\/?p=4147"},"modified":"2024-11-07T23:12:21","modified_gmt":"2024-11-07T22:12:21","slug":"deformaciones-en-la-columna-cervical-y-la-cintura-escapular","status":"publish","type":"post","link":"https:\/\/galleanosebastian.com.ar\/index.php\/2024\/11\/07\/deformaciones-en-la-columna-cervical-y-la-cintura-escapular\/","title":{"rendered":"Deformaciones en la Columna Cervical y la Cintura Escapular:"},"content":{"rendered":"\t\t<div data-elementor-type=\"wp-post\" data-elementor-id=\"4147\" class=\"elementor elementor-4147\">\n\t\t\t\t<div class=\"elementor-element elementor-element-3e7689e e-flex e-con-boxed e-con e-parent\" data-id=\"3e7689e\" data-element_type=\"container\">\n\t\t\t\t\t<div class=\"e-con-inner\">\n\t\t\t\t<div class=\"elementor-element elementor-element-dd1cee8 elementor-widget elementor-widget-heading\" data-id=\"dd1cee8\" data-element_type=\"widget\" data-widget_type=\"heading.default\">\n\t\t\t\t<div class=\"elementor-widget-container\">\n\t\t\t\t\t<h1 class=\"elementor-heading-title elementor-size-default\">Causas, Consecuencias y C\u00f3mo Prevenirlas<\/h1>\t\t\t\t<\/div>\n\t\t\t\t<\/div>\n\t\t\t\t<div class=\"elementor-element elementor-element-2b49c44 elementor-widget elementor-widget-text-editor\" data-id=\"2b49c44\" data-element_type=\"widget\" data-widget_type=\"text-editor.default\">\n\t\t\t\t<div class=\"elementor-widget-container\">\n\t\t\t\t\t\t\t\t\t<p>\u00bfAlguna vez has sentido molestias en el cuello o en los hombros al final del d\u00eda? Quiz\u00e1s piensas que es solo cansancio, pero estas molestias podr\u00edan estar dici\u00e9ndote algo m\u00e1s. Como <a href=\"https:\/\/ambitokinesico.com.ar\/\">kinesi\u00f3logo<\/a>, he visto c\u00f3mo peque\u00f1os dolores pueden convertirse en problemas estructurales si no se atienden a tiempo. En este art\u00edculo, quiero contarte sobre dos de las deformaciones m\u00e1s comunes en la columna cervical y la cintura escapular. Adem\u00e1s, te explicar\u00e9 c\u00f3mo puedes detectarlas temprano y qu\u00e9 hacer para prevenirlas.<\/p><h3>\u00bfPor Qu\u00e9 Suceden Estas Deformaciones?<\/h3><p>La columna <a href=\"https:\/\/ambitokinesico.com.ar\/index.php\/radio-podcast\/\">cervical<\/a> y la cintura escapular son zonas vulnerables del cuerpo. El cuello, adem\u00e1s de sostener el peso de la cabeza, se encuentra en constante movimiento. Por otro lado, la cintura escapular conecta el tronco con los brazos y permite una gran variedad de movimientos. Sin embargo, el uso incorrecto y la sobrecarga de estas zonas pueden desencadenar deformaciones.<\/p><p>Estas deformaciones se desarrollan lentamente, a menudo sin s\u00edntomas al inicio. Las causas son variadas: posturas inadecuadas, trabajo frente a pantallas, el uso excesivo del tel\u00e9fono, o actividades f\u00edsicas sin una t\u00e9cnica correcta. \u00bfCu\u00e1ntas horas pasamos inclinados sobre el m\u00f3vil, encorvados frente a la computadora o realizando movimientos repetitivos sin darnos cuenta? Estos h\u00e1bitos, aparentemente inofensivos, suman cada d\u00eda peque\u00f1os da\u00f1os.<\/p><h3>\u00bfCu\u00e1les Son las Deformaciones M\u00e1s Comunes?<\/h3><ol><li><p><strong>Cifosis Cervical<\/strong>: Este tipo de deformaci\u00f3n, tambi\u00e9n conocida como \u00abcuello de texto\u00bb, es cada vez m\u00e1s frecuente. Se caracteriza por una postura en la que el cuello y la cabeza se inclinan hacia adelante. Esta posici\u00f3n puede acortar los m\u00fasculos del cuello y debilitar los de la espalda, lo cual genera un desequilibrio. La cifosis cervical tambi\u00e9n afecta la respiraci\u00f3n y puede provocar dolores de cabeza.<\/p><\/li><li><p><strong>Esc\u00e1pulas Aladas<\/strong>: Las esc\u00e1pulas aladas son otro problema com\u00fan en la cintura escapular. Aqu\u00ed, la esc\u00e1pula (el \u00abhueso del ala\u00bb) se proyecta hacia afuera en lugar de quedar alineada contra la espalda. Este desequilibrio suele asociarse a una debilidad en los m\u00fasculos de la parte media y baja de la espalda, lo que da lugar a dolor y problemas de movimiento en los hombros.<\/p><\/li><li><p><strong>S\u00edndrome de Tensi\u00f3n Cervical<\/strong>: La tensi\u00f3n cervical es una de las deformaciones m\u00e1s comunes y est\u00e1 muy relacionada con el estr\u00e9s y el sedentarismo. Esta condici\u00f3n suele aparecer en personas que trabajan largas horas en la misma posici\u00f3n, especialmente frente a la computadora. Los m\u00fasculos del cuello se tensan, y la columna cervical adopta una postura r\u00edgida.<\/p><\/li><\/ol><h3>Consecuencias de las Deformaciones Cervicales y Escapulares<\/h3><p>A corto plazo, estas deformaciones pueden causar molestias menores, como dolor en el cuello o rigidez en los hombros. Sin embargo, con el tiempo, los <a href=\"https:\/\/ambitokinesico.com.ar\/index.php\/category\/argentina\/\">s\u00edntomas<\/a> se vuelven m\u00e1s graves. La cifosis cervical, por ejemplo, puede llevar a problemas respiratorios, dolores de cabeza constantes y una reducci\u00f3n en el rango de movimiento. Las esc\u00e1pulas aladas pueden limitar la fuerza y la movilidad en los brazos, afectando tareas diarias tan simples como levantar peso o incluso peinarse.<\/p><h3>\u00bfC\u00f3mo Detectar Estas Deformaciones a Tiempo?<\/h3><p>El primer paso es tomar consciencia de<a href=\"https:\/\/ambitokinesico.com.ar\/index.php\/category\/el-mundo\/\"> la postura<\/a> y estar atento a los peque\u00f1os dolores o molestias. Como kinesi\u00f3logo, recomiendo hacer una autoevaluaci\u00f3n sencilla frente al espejo:<\/p><ul><li><p><strong>Para la Cifosis Cervical<\/strong>: Observa tu perfil en el espejo. Si tu cabeza est\u00e1 notablemente hacia adelante en relaci\u00f3n con tus hombros, es posible que tengas una ligera cifosis.<\/p><\/li><li><p><strong>Para las Esc\u00e1pulas Aladas<\/strong>: Alza ambos brazos y revisa si las esc\u00e1pulas est\u00e1n alineadas con la espalda o si sobresalen.<\/p><\/li><\/ul><p>Detectar estas se\u00f1ales temprano es fundamental para corregirlas antes de que se conviertan en un problema mayor.<\/p><h3>Estrategias para Mejorar y Prevenir<\/h3><p>Si has identificado algunos de estos signos, no te alarmes. Hay medidas que puedes implementar para mejorar tu postura y evitar que las deformaciones avancen.<\/p><ol><li><p><strong>Reeducaci\u00f3n Postural<\/strong>: Mejorar la postura puede parecer un cambio peque\u00f1o, pero tiene un impacto profundo en la salud de la columna cervical y la cintura escapular. Prueba adoptar una postura neutra cuando est\u00e9s frente a una pantalla: hombros hacia atr\u00e1s, cabeza alineada con la espalda y pies bien apoyados en el suelo.<\/p><\/li><li><p><strong>Ejercicios de Fortalecimiento<\/strong>: Los ejercicios de fortalecimiento son clave para mejorar la estabilidad de la columna y la cintura escapular. Un ejercicio muy \u00fatil para la cifosis cervical es el \u00abtuck de ment\u00f3n\u00bb. Para las esc\u00e1pulas aladas, recomiendo ejercicios de fortalecimiento de los m\u00fasculos estabilizadores de la esc\u00e1pula, como el trapecio medio y bajo.<\/p><\/li><li><p><strong>Estiramientos Regulares<\/strong>: Realizar estiramientos cada d\u00eda ayuda a relajar los m\u00fasculos del cuello y los hombros, previniendo la rigidez. El estiramiento de trapecio, por ejemplo, es sencillo y muy efectivo para liberar tensi\u00f3n.<\/p><\/li><li><p><strong>Mant\u00e9n Movilidad en el Cuello y los Hombros<\/strong>: Dedica unos minutos al d\u00eda a realizar movimientos suaves de cabeza y hombros para evitar la rigidez y mejorar la flexibilidad. Recuerda que la constancia en estos ejercicios es lo que har\u00e1 la diferencia a largo plazo.<\/p><\/li><\/ol><h3>Consulta con un Profesional<\/h3><p>Si tienes alguna de estas deformaciones o dolores persistentes, te recomiendo consultar con un profesional en <a href=\"https:\/\/www.youtube.com\/watch?v=7NTHWCgM33Y&amp;list=PLqbYI7HO688ccbl8cIpqYPQ2hXKuEa5Ad\">kinesiolog\u00eda<\/a>. Es importante recordar que no hay dos casos iguales. Cada paciente tiene necesidades espec\u00edficas, y un kinesi\u00f3logo puede adaptar los ejercicios y estrategias a tu situaci\u00f3n particular. En mi consulta, trabajo con mis pacientes en planes personalizados, porque creo firmemente que esta es la clave para lograr resultados efectivos y duraderos.<\/p><hr \/><p>Espero que este art\u00edculo haya sido de utilidad y que te ayude a tomar consciencia sobre la importancia de una buena postura. Si tienes alguna pregunta o deseas <a href=\"https:\/\/www.instagram.com\/ambitokinesico\/\">m\u00e1s informaci\u00f3n<\/a>, no dudes en contactarme. Estoy aqu\u00ed para ayudarte a cuidar de tu salud postural.<\/p><p>Prof. Sebasti\u00e1n Pablo Galleano<\/p>\t\t\t\t\t\t\t\t<\/div>\n\t\t\t\t<\/div>\n\t\t\t\t<div class=\"elementor-element elementor-element-3b98aa2 elementor-grid-eael-col-4 elementor-grid-tablet-eael-col-2 elementor-grid-mobile-eael-col-1 elementor-widget elementor-widget-eael-post-grid\" data-id=\"3b98aa2\" data-element_type=\"widget\" data-settings=\"{&quot;eael_post_grid_columns&quot;:&quot;eael-col-4&quot;,&quot;eael_post_grid_columns_tablet&quot;:&quot;eael-col-2&quot;,&quot;eael_post_grid_columns_mobile&quot;:&quot;eael-col-1&quot;}\" data-widget_type=\"eael-post-grid.default\">\n\t\t\t\t<div class=\"elementor-widget-container\">\n\t\t\t\t\t<div id=\"eael-post-grid-3b98aa2\" class=\"eael-post-grid-container\">\n            <div class=\"eael-post-grid eael-post-appender eael-post-appender-3b98aa2 eael-post-grid-style-one\" data-layout-mode=\"masonry\"><article class=\"eael-grid-post eael-post-grid-column\" data-id=\"4768\">\n        <div class=\"eael-grid-post-holder\">\n            <div class=\"eael-grid-post-holder-inner\"><div class=\"eael-entry-media\"><div class=\"eael-entry-overlay fade-in\"><i class=\"fas fa-long-arrow-alt-right\" aria-hidden=\"true\"><\/i><a href=\"https:\/\/galleanosebastian.com.ar\/index.php\/2025\/09\/02\/rehabilitacion-de-cervicalgia-en-adultos-con-sobrepeso\/\"><\/a><\/div><div class=\"eael-entry-thumbnail \">\n                <img fetchpriority=\"high\" decoding=\"async\" width=\"300\" height=\"169\" src=\"https:\/\/galleanosebastian.com.ar\/wp-content\/uploads\/2025\/09\/63-300x169.jpg\" class=\"attachment-medium size-medium wp-image-4776\" alt=\"\" srcset=\"https:\/\/galleanosebastian.com.ar\/wp-content\/uploads\/2025\/09\/63-300x169.jpg 300w, https:\/\/galleanosebastian.com.ar\/wp-content\/uploads\/2025\/09\/63-1024x576.jpg 1024w, https:\/\/galleanosebastian.com.ar\/wp-content\/uploads\/2025\/09\/63-768x432.jpg 768w, https:\/\/galleanosebastian.com.ar\/wp-content\/uploads\/2025\/09\/63-1536x864.jpg 1536w, https:\/\/galleanosebastian.com.ar\/wp-content\/uploads\/2025\/09\/63.jpg 1600w\" sizes=\"(max-width: 300px) 100vw, 300px\" \/>\n            <\/div>\n        <\/div><div class=\"eael-entry-wrapper\"><header class=\"eael-entry-header\"><h5 class=\"eael-entry-title\"><a\n                        class=\"eael-grid-post-link\"\n                        href=\"https:\/\/galleanosebastian.com.ar\/index.php\/2025\/09\/02\/rehabilitacion-de-cervicalgia-en-adultos-con-sobrepeso\/\"\n                        title=\"Rehabilitaci\u00f3n de cervicalgia en adultos con sobrepeso\">Rehabilitaci\u00f3n de cervicalgia en adultos con sobrepeso<\/a><\/h5><\/header><div class=\"eael-entry-content\">\n                        <div class=\"eael-grid-post-excerpt\"><p>C\u00f3mo abordar la cervicalgia mec\u00e1nica en adultos con sobrepeso y...<\/p><a href=\"https:\/\/galleanosebastian.com.ar\/index.php\/2025\/09\/02\/rehabilitacion-de-cervicalgia-en-adultos-con-sobrepeso\/\" class=\"eael-post-elements-readmore-btn\">Read More<\/a><\/div>\n                    <\/div><div class=\"eael-entry-footer\"><div class=\"eael-author-avatar\"><a href=\"https:\/\/galleanosebastian.com.ar\/index.php\/author\/galleano-sebastian\/\"><img alt='galleano.sebastian' src='https:\/\/secure.gravatar.com\/avatar\/696976b010028a9cf4df4a37738269e5?s=96&#038;d=mm&#038;r=g' srcset='https:\/\/secure.gravatar.com\/avatar\/696976b010028a9cf4df4a37738269e5?s=192&#038;d=mm&#038;r=g 2x' class='avatar avatar-96 photo' height='96' width='96' \/><\/a><\/div><div class=\"eael-entry-meta\"><span class=\"eael-posted-by\"><a href=\"https:\/\/galleanosebastian.com.ar\/index.php\/author\/galleano-sebastian\/\" title=\"Entradas de galleano.sebastian\" rel=\"author\">galleano.sebastian<\/a><\/span><span class=\"eael-posted-on\"><time datetime=\"2 de septiembre de 2025\">2 de septiembre de 2025<\/time><\/span><\/div><\/div><\/div><\/div>\n        <\/div>\n    <\/article><article class=\"eael-grid-post eael-post-grid-column\" data-id=\"4763\">\n        <div class=\"eael-grid-post-holder\">\n            <div class=\"eael-grid-post-holder-inner\"><div class=\"eael-entry-media\"><div class=\"eael-entry-overlay fade-in\"><i class=\"fas fa-long-arrow-alt-right\" aria-hidden=\"true\"><\/i><a href=\"https:\/\/galleanosebastian.com.ar\/index.php\/2025\/08\/26\/rehabilitacion-de-lumbalgia-en-adultos-con-sobrepeso\/\"><\/a><\/div><div class=\"eael-entry-thumbnail \">\n                <img decoding=\"async\" width=\"300\" height=\"169\" src=\"https:\/\/galleanosebastian.com.ar\/wp-content\/uploads\/2025\/09\/61-300x169.jpg\" class=\"attachment-medium size-medium wp-image-4774\" alt=\"\" srcset=\"https:\/\/galleanosebastian.com.ar\/wp-content\/uploads\/2025\/09\/61-300x169.jpg 300w, https:\/\/galleanosebastian.com.ar\/wp-content\/uploads\/2025\/09\/61-1024x576.jpg 1024w, https:\/\/galleanosebastian.com.ar\/wp-content\/uploads\/2025\/09\/61-768x432.jpg 768w, https:\/\/galleanosebastian.com.ar\/wp-content\/uploads\/2025\/09\/61-1536x864.jpg 1536w, https:\/\/galleanosebastian.com.ar\/wp-content\/uploads\/2025\/09\/61.jpg 1600w\" sizes=\"(max-width: 300px) 100vw, 300px\" \/>\n            <\/div>\n        <\/div><div class=\"eael-entry-wrapper\"><header class=\"eael-entry-header\"><h5 class=\"eael-entry-title\"><a\n                        class=\"eael-grid-post-link\"\n                        href=\"https:\/\/galleanosebastian.com.ar\/index.php\/2025\/08\/26\/rehabilitacion-de-lumbalgia-en-adultos-con-sobrepeso\/\"\n                        title=\"Rehabilitaci\u00f3n de lumbalgia en adultos con sobrepeso\">Rehabilitaci\u00f3n de lumbalgia en adultos con sobrepeso<\/a><\/h5><\/header><div class=\"eael-entry-content\">\n                        <div class=\"eael-grid-post-excerpt\"><p>Rehabilitaci\u00f3n de lumbalgia en adultos con sobrepeso: c\u00f3mo recuperar bienestar...<\/p><a href=\"https:\/\/galleanosebastian.com.ar\/index.php\/2025\/08\/26\/rehabilitacion-de-lumbalgia-en-adultos-con-sobrepeso\/\" class=\"eael-post-elements-readmore-btn\">Read More<\/a><\/div>\n                    <\/div><div class=\"eael-entry-footer\"><div class=\"eael-author-avatar\"><a href=\"https:\/\/galleanosebastian.com.ar\/index.php\/author\/galleano-sebastian\/\"><img alt='galleano.sebastian' src='https:\/\/secure.gravatar.com\/avatar\/696976b010028a9cf4df4a37738269e5?s=96&#038;d=mm&#038;r=g' srcset='https:\/\/secure.gravatar.com\/avatar\/696976b010028a9cf4df4a37738269e5?s=192&#038;d=mm&#038;r=g 2x' class='avatar avatar-96 photo' height='96' width='96' \/><\/a><\/div><div class=\"eael-entry-meta\"><span class=\"eael-posted-by\"><a href=\"https:\/\/galleanosebastian.com.ar\/index.php\/author\/galleano-sebastian\/\" title=\"Entradas de galleano.sebastian\" rel=\"author\">galleano.sebastian<\/a><\/span><span class=\"eael-posted-on\"><time datetime=\"26 de agosto de 2025\">26 de agosto de 2025<\/time><\/span><\/div><\/div><\/div><\/div>\n        <\/div>\n    <\/article><article class=\"eael-grid-post eael-post-grid-column\" data-id=\"4757\">\n        <div class=\"eael-grid-post-holder\">\n            <div class=\"eael-grid-post-holder-inner\"><div class=\"eael-entry-media\"><div class=\"eael-entry-overlay fade-in\"><i class=\"fas fa-long-arrow-alt-right\" aria-hidden=\"true\"><\/i><a href=\"https:\/\/galleanosebastian.com.ar\/index.php\/2025\/08\/20\/rehabilitacion-de-rodillas-en-adultos-con-sobrepeso-y-dolor\/\"><\/a><\/div><div class=\"eael-entry-thumbnail \">\n                <img decoding=\"async\" width=\"300\" height=\"169\" src=\"https:\/\/galleanosebastian.com.ar\/wp-content\/uploads\/2025\/09\/65-300x169.jpg\" class=\"attachment-medium size-medium wp-image-4778\" alt=\"\" srcset=\"https:\/\/galleanosebastian.com.ar\/wp-content\/uploads\/2025\/09\/65-300x169.jpg 300w, https:\/\/galleanosebastian.com.ar\/wp-content\/uploads\/2025\/09\/65-1024x576.jpg 1024w, https:\/\/galleanosebastian.com.ar\/wp-content\/uploads\/2025\/09\/65-768x432.jpg 768w, https:\/\/galleanosebastian.com.ar\/wp-content\/uploads\/2025\/09\/65-1536x864.jpg 1536w, https:\/\/galleanosebastian.com.ar\/wp-content\/uploads\/2025\/09\/65.jpg 1600w\" sizes=\"(max-width: 300px) 100vw, 300px\" \/>\n            <\/div>\n        <\/div><div class=\"eael-entry-wrapper\"><header class=\"eael-entry-header\"><h5 class=\"eael-entry-title\"><a\n                        class=\"eael-grid-post-link\"\n                        href=\"https:\/\/galleanosebastian.com.ar\/index.php\/2025\/08\/20\/rehabilitacion-de-rodillas-en-adultos-con-sobrepeso-y-dolor\/\"\n                        title=\"Rehabilitaci\u00f3n de rodillas en adultos con sobrepeso y dolor\">Rehabilitaci\u00f3n de rodillas en adultos con sobrepeso y dolor<\/a><\/h5><\/header><div class=\"eael-entry-content\">\n                        <div class=\"eael-grid-post-excerpt\"><p>C\u00f3mo recuper\u00e9 movilidad y bienestar con rehabilitaci\u00f3n de rodillas en...<\/p><a href=\"https:\/\/galleanosebastian.com.ar\/index.php\/2025\/08\/20\/rehabilitacion-de-rodillas-en-adultos-con-sobrepeso-y-dolor\/\" class=\"eael-post-elements-readmore-btn\">Read More<\/a><\/div>\n                    <\/div><div class=\"eael-entry-footer\"><div class=\"eael-author-avatar\"><a href=\"https:\/\/galleanosebastian.com.ar\/index.php\/author\/galleano-sebastian\/\"><img alt='galleano.sebastian' src='https:\/\/secure.gravatar.com\/avatar\/696976b010028a9cf4df4a37738269e5?s=96&#038;d=mm&#038;r=g' srcset='https:\/\/secure.gravatar.com\/avatar\/696976b010028a9cf4df4a37738269e5?s=192&#038;d=mm&#038;r=g 2x' class='avatar avatar-96 photo' height='96' width='96' \/><\/a><\/div><div class=\"eael-entry-meta\"><span class=\"eael-posted-by\"><a href=\"https:\/\/galleanosebastian.com.ar\/index.php\/author\/galleano-sebastian\/\" title=\"Entradas de galleano.sebastian\" rel=\"author\">galleano.sebastian<\/a><\/span><span class=\"eael-posted-on\"><time datetime=\"20 de agosto de 2025\">20 de agosto de 2025<\/time><\/span><\/div><\/div><\/div><\/div>\n        <\/div>\n    <\/article><article class=\"eael-grid-post eael-post-grid-column\" data-id=\"4749\">\n        <div class=\"eael-grid-post-holder\">\n            <div class=\"eael-grid-post-holder-inner\"><div class=\"eael-entry-media\"><div class=\"eael-entry-overlay fade-in\"><i class=\"fas fa-long-arrow-alt-right\" aria-hidden=\"true\"><\/i><a href=\"https:\/\/galleanosebastian.com.ar\/index.php\/2025\/07\/30\/fractura-de-muneca-en-adultos-mayores-como-recuperarse\/\"><\/a><\/div><div class=\"eael-entry-thumbnail \">\n                <img loading=\"lazy\" decoding=\"async\" width=\"300\" height=\"169\" src=\"https:\/\/galleanosebastian.com.ar\/wp-content\/uploads\/2025\/06\/1-4-300x169.jpg\" class=\"attachment-medium size-medium wp-image-4751\" alt=\"\" srcset=\"https:\/\/galleanosebastian.com.ar\/wp-content\/uploads\/2025\/06\/1-4-300x169.jpg 300w, https:\/\/galleanosebastian.com.ar\/wp-content\/uploads\/2025\/06\/1-4-1024x576.jpg 1024w, https:\/\/galleanosebastian.com.ar\/wp-content\/uploads\/2025\/06\/1-4-768x432.jpg 768w, https:\/\/galleanosebastian.com.ar\/wp-content\/uploads\/2025\/06\/1-4-1536x864.jpg 1536w, https:\/\/galleanosebastian.com.ar\/wp-content\/uploads\/2025\/06\/1-4.jpg 1920w\" sizes=\"(max-width: 300px) 100vw, 300px\" \/>\n            <\/div>\n        <\/div><div class=\"eael-entry-wrapper\"><header class=\"eael-entry-header\"><h5 class=\"eael-entry-title\"><a\n                        class=\"eael-grid-post-link\"\n                        href=\"https:\/\/galleanosebastian.com.ar\/index.php\/2025\/07\/30\/fractura-de-muneca-en-adultos-mayores-como-recuperarse\/\"\n                        title=\"Fractura de mu\u00f1eca en adultos mayores: c\u00f3mo recuperarse\">Fractura de mu\u00f1eca en adultos mayores: c\u00f3mo recuperarse<\/a><\/h5><\/header><div class=\"eael-entry-content\">\n                        <div class=\"eael-grid-post-excerpt\"><p>Fractura de mu\u00f1eca en adultos mayores: c\u00f3mo acompa\u00f1amos la recuperaci\u00f3n...<\/p><a href=\"https:\/\/galleanosebastian.com.ar\/index.php\/2025\/07\/30\/fractura-de-muneca-en-adultos-mayores-como-recuperarse\/\" class=\"eael-post-elements-readmore-btn\">Read More<\/a><\/div>\n                    <\/div><div class=\"eael-entry-footer\"><div class=\"eael-author-avatar\"><a href=\"https:\/\/galleanosebastian.com.ar\/index.php\/author\/galleano-sebastian\/\"><img alt='galleano.sebastian' src='https:\/\/secure.gravatar.com\/avatar\/696976b010028a9cf4df4a37738269e5?s=96&#038;d=mm&#038;r=g' srcset='https:\/\/secure.gravatar.com\/avatar\/696976b010028a9cf4df4a37738269e5?s=192&#038;d=mm&#038;r=g 2x' class='avatar avatar-96 photo' height='96' width='96' \/><\/a><\/div><div class=\"eael-entry-meta\"><span class=\"eael-posted-by\"><a href=\"https:\/\/galleanosebastian.com.ar\/index.php\/author\/galleano-sebastian\/\" title=\"Entradas de galleano.sebastian\" rel=\"author\">galleano.sebastian<\/a><\/span><span class=\"eael-posted-on\"><time datetime=\"30 de julio de 2025\">30 de julio de 2025<\/time><\/span><\/div><\/div><\/div><\/div>\n        <\/div>\n    <\/article><\/div>\n            <div class=\"clearfix\"><\/div>\n        <\/div>            <div class=\"eael-load-more-button-wrap eael-force-hide\">\n                <button class=\"eael-load-more-button\" id=\"eael-load-more-btn-3b98aa2\" data-widget-id=\"3b98aa2\" data-widget=\"3b98aa2\" data-page-id=\"4147\" data-template=\"{&quot;dir&quot;:&quot;lite&quot;,&quot;file_name&quot;:&quot;default.php&quot;,&quot;name&quot;:&quot;Post-Grid&quot;}\" data-class=\"Essential_Addons_Elementor\\Elements\\Post_Grid\" data-layout=\"masonry\" data-page=\"1\" data-args=\"orderby=date&amp;order=desc&amp;ignore_sticky_posts=1&amp;post_status=publish&amp;posts_per_page=4&amp;offset=0&amp;post_type=post\" data-max-page=\"42\">\n                    <span class=\"eael-btn-loader button__loader\"><\/span>\n                    <span class=\"eael_load_more_text\">Load More<\/span>\n                <\/button>\n            <\/div>\n            \t\t\t\t<\/div>\n\t\t\t\t<\/div>\n\t\t\t\t\t<\/div>\n\t\t\t\t<\/div>\n\t\t\t\t<\/div>\n\t\t","protected":false},"excerpt":{"rendered":"<p>Causas, Consecuencias y C\u00f3mo Prevenirlas \u00bfAlguna vez has sentido molestias en el cuello o en los hombros al final del d\u00eda? Quiz\u00e1s piensas que es solo cansancio, pero estas molestias podr\u00edan estar dici\u00e9ndote algo m\u00e1s. Como kinesi\u00f3logo, he visto c\u00f3mo peque\u00f1os dolores pueden convertirse en problemas estructurales si no se atienden a tiempo. En este [&hellip;]<\/p>\n","protected":false},"author":1,"featured_media":4150,"comment_status":"open","ping_status":"open","sticky":false,"template":"","format":"standard","meta":{"site-sidebar-layout":"default","site-content-layout":"","ast-site-content-layout":"","site-content-style":"default","site-sidebar-style":"default","ast-global-header-display":"","ast-banner-title-visibility":"","ast-main-header-display":"","ast-hfb-above-header-display":"","ast-hfb-below-header-display":"","ast-hfb-mobile-header-display":"","site-post-title":"","ast-breadcrumbs-content":"","ast-featured-img":"","footer-sml-layout":"","theme-transparent-header-meta":"","adv-header-id-meta":"","stick-header-meta":"","header-above-stick-meta":"","header-main-stick-meta":"","header-below-stick-meta":"","astra-migrate-meta-layouts":"default","ast-page-background-enabled":"default","ast-page-background-meta":{"desktop":{"background-color":"var(--ast-global-color-4)","background-image":"","background-repeat":"repeat","background-position":"center center","background-size":"auto","background-attachment":"scroll","background-type":"","background-media":"","overlay-type":"","overlay-color":"","overlay-opacity":"","overlay-gradient":""},"tablet":{"background-color":"","background-image":"","background-repeat":"repeat","background-position":"center center","background-size":"auto","background-attachment":"scroll","background-type":"","background-media":"","overlay-type":"","overlay-color":"","overlay-opacity":"","overlay-gradient":""},"mobile":{"background-color":"","background-image":"","background-repeat":"repeat","background-position":"center center","background-size":"auto","background-attachment":"scroll","background-type":"","background-media":"","overlay-type":"","overlay-color":"","overlay-opacity":"","overlay-gradient":""}},"ast-content-background-meta":{"desktop":{"background-color":"var(--ast-global-color-5)","background-image":"","background-repeat":"repeat","background-position":"center center","background-size":"auto","background-attachment":"scroll","background-type":"","background-media":"","overlay-type":"","overlay-color":"","overlay-opacity":"","overlay-gradient":""},"tablet":{"background-color":"var(--ast-global-color-5)","background-image":"","background-repeat":"repeat","background-position":"center center","background-size":"auto","background-attachment":"scroll","background-type":"","background-media":"","overlay-type":"","overlay-color":"","overlay-opacity":"","overlay-gradient":""},"mobile":{"background-color":"var(--ast-global-color-5)","background-image":"","background-repeat":"repeat","background-position":"center center","background-size":"auto","background-attachment":"scroll","background-type":"","background-media":"","overlay-type":"","overlay-color":"","overlay-opacity":"","overlay-gradient":""}},"footnotes":"","_wpscppro_custom_social_share_image":0,"_facebook_share_type":"default","_twitter_share_type":"default","_linkedin_share_type":"default","_pinterest_share_type":"default","_linkedin_share_type_page":"","_instagram_share_type":"default","_medium_share_type":"","_threads_share_type":"","_selected_social_profile":[]},"categories":[2,1,6,7],"tags":[480,479,478,481,482],"class_list":["post-4147","post","type-post","status-publish","format-standard","has-post-thumbnail","hentry","category-asistencia","category-blog","category-prevencion","category-semiologia","tag-cifosis-cervical","tag-cintura-escapular","tag-deformaciones-columna-cervical","tag-escapulas-aladas","tag-prevencion-postural"],"yoast_head":"<!-- This site is optimized with the Yoast SEO plugin v24.6 - https:\/\/yoast.com\/wordpress\/plugins\/seo\/ -->\n<title>Deformaciones en la Columna Cervical y la Cintura Escapular: -<\/title>\n<meta name=\"robots\" content=\"index, follow, max-snippet:-1, max-image-preview:large, max-video-preview:-1\" \/>\n<link rel=\"canonical\" href=\"https:\/\/galleanosebastian.com.ar\/index.php\/2024\/11\/07\/deformaciones-en-la-columna-cervical-y-la-cintura-escapular\/\" \/>\n<meta property=\"og:locale\" content=\"es_ES\" \/>\n<meta property=\"og:type\" content=\"article\" \/>\n<meta property=\"og:title\" content=\"Deformaciones en la Columna Cervical y la Cintura Escapular: -\" \/>\n<meta property=\"og:description\" content=\"Causas, Consecuencias y C\u00f3mo Prevenirlas \u00bfAlguna vez has sentido molestias en el cuello o en los hombros al final del d\u00eda? Quiz\u00e1s piensas que es solo cansancio, pero estas molestias podr\u00edan estar dici\u00e9ndote algo m\u00e1s. Como kinesi\u00f3logo, he visto c\u00f3mo peque\u00f1os dolores pueden convertirse en problemas estructurales si no se atienden a tiempo. En este [&hellip;]\" \/>\n<meta property=\"og:url\" content=\"https:\/\/galleanosebastian.com.ar\/index.php\/2024\/11\/07\/deformaciones-en-la-columna-cervical-y-la-cintura-escapular\/\" \/>\n<meta property=\"article:published_time\" content=\"2024-11-07T22:10:13+00:00\" \/>\n<meta property=\"article:modified_time\" content=\"2024-11-07T22:12:21+00:00\" \/>\n<meta property=\"og:image\" content=\"https:\/\/galleanosebastian.com.ar\/wp-content\/uploads\/2024\/11\/Copia-de-Copia-de-Copia-de-Copia-de-Diseno-sin-titulo.jpg\" \/>\n\t<meta property=\"og:image:width\" content=\"1200\" \/>\n\t<meta property=\"og:image:height\" content=\"675\" \/>\n\t<meta property=\"og:image:type\" content=\"image\/jpeg\" \/>\n<meta name=\"author\" content=\"galleano.sebastian\" \/>\n<meta name=\"twitter:card\" content=\"summary_large_image\" \/>\n<meta name=\"twitter:label1\" content=\"Escrito por\" \/>\n\t<meta name=\"twitter:data1\" content=\"galleano.sebastian\" \/>\n\t<meta name=\"twitter:label2\" content=\"Tiempo de lectura\" \/>\n\t<meta name=\"twitter:data2\" content=\"6 minutos\" \/>\n<script type=\"application\/ld+json\" class=\"yoast-schema-graph\">{\"@context\":\"https:\/\/schema.org\",\"@graph\":[{\"@type\":\"Article\",\"@id\":\"https:\/\/galleanosebastian.com.ar\/index.php\/2024\/11\/07\/deformaciones-en-la-columna-cervical-y-la-cintura-escapular\/#article\",\"isPartOf\":{\"@id\":\"https:\/\/galleanosebastian.com.ar\/index.php\/2024\/11\/07\/deformaciones-en-la-columna-cervical-y-la-cintura-escapular\/\"},\"author\":{\"name\":\"galleano.sebastian\",\"@id\":\"https:\/\/galleanosebastian.com.ar\/#\/schema\/person\/e9e053bc7d61b5b176e446bc0b052f9c\"},\"headline\":\"Deformaciones en la Columna Cervical y la Cintura Escapular:\",\"datePublished\":\"2024-11-07T22:10:13+00:00\",\"dateModified\":\"2024-11-07T22:12:21+00:00\",\"mainEntityOfPage\":{\"@id\":\"https:\/\/galleanosebastian.com.ar\/index.php\/2024\/11\/07\/deformaciones-en-la-columna-cervical-y-la-cintura-escapular\/\"},\"wordCount\":1106,\"commentCount\":0,\"publisher\":{\"@id\":\"https:\/\/galleanosebastian.com.ar\/#\/schema\/person\/e9e053bc7d61b5b176e446bc0b052f9c\"},\"image\":{\"@id\":\"https:\/\/galleanosebastian.com.ar\/index.php\/2024\/11\/07\/deformaciones-en-la-columna-cervical-y-la-cintura-escapular\/#primaryimage\"},\"thumbnailUrl\":\"https:\/\/galleanosebastian.com.ar\/wp-content\/uploads\/2024\/11\/Copia-de-Copia-de-Copia-de-Copia-de-Diseno-sin-titulo.jpg\",\"keywords\":[\"cifosis cervical\",\"cintura escapular\",\"deformaciones columna cervical\",\"esc\u00e1pulas aladas\",\"prevenci\u00f3n postural\"],\"articleSection\":[\"Asistencia\",\"Blog\",\"Prevenci\u00f3n\",\"Semiolog\u00eda\"],\"inLanguage\":\"es\",\"potentialAction\":[{\"@type\":\"CommentAction\",\"name\":\"Comment\",\"target\":[\"https:\/\/galleanosebastian.com.ar\/index.php\/2024\/11\/07\/deformaciones-en-la-columna-cervical-y-la-cintura-escapular\/#respond\"]}]},{\"@type\":\"WebPage\",\"@id\":\"https:\/\/galleanosebastian.com.ar\/index.php\/2024\/11\/07\/deformaciones-en-la-columna-cervical-y-la-cintura-escapular\/\",\"url\":\"https:\/\/galleanosebastian.com.ar\/index.php\/2024\/11\/07\/deformaciones-en-la-columna-cervical-y-la-cintura-escapular\/\",\"name\":\"Deformaciones en la Columna Cervical y la Cintura Escapular: -\",\"isPartOf\":{\"@id\":\"https:\/\/galleanosebastian.com.ar\/#website\"},\"primaryImageOfPage\":{\"@id\":\"https:\/\/galleanosebastian.com.ar\/index.php\/2024\/11\/07\/deformaciones-en-la-columna-cervical-y-la-cintura-escapular\/#primaryimage\"},\"image\":{\"@id\":\"https:\/\/galleanosebastian.com.ar\/index.php\/2024\/11\/07\/deformaciones-en-la-columna-cervical-y-la-cintura-escapular\/#primaryimage\"},\"thumbnailUrl\":\"https:\/\/galleanosebastian.com.ar\/wp-content\/uploads\/2024\/11\/Copia-de-Copia-de-Copia-de-Copia-de-Diseno-sin-titulo.jpg\",\"datePublished\":\"2024-11-07T22:10:13+00:00\",\"dateModified\":\"2024-11-07T22:12:21+00:00\",\"breadcrumb\":{\"@id\":\"https:\/\/galleanosebastian.com.ar\/index.php\/2024\/11\/07\/deformaciones-en-la-columna-cervical-y-la-cintura-escapular\/#breadcrumb\"},\"inLanguage\":\"es\",\"potentialAction\":[{\"@type\":\"ReadAction\",\"target\":[\"https:\/\/galleanosebastian.com.ar\/index.php\/2024\/11\/07\/deformaciones-en-la-columna-cervical-y-la-cintura-escapular\/\"]}]},{\"@type\":\"ImageObject\",\"inLanguage\":\"es\",\"@id\":\"https:\/\/galleanosebastian.com.ar\/index.php\/2024\/11\/07\/deformaciones-en-la-columna-cervical-y-la-cintura-escapular\/#primaryimage\",\"url\":\"https:\/\/galleanosebastian.com.ar\/wp-content\/uploads\/2024\/11\/Copia-de-Copia-de-Copia-de-Copia-de-Diseno-sin-titulo.jpg\",\"contentUrl\":\"https:\/\/galleanosebastian.com.ar\/wp-content\/uploads\/2024\/11\/Copia-de-Copia-de-Copia-de-Copia-de-Diseno-sin-titulo.jpg\",\"width\":1200,\"height\":675},{\"@type\":\"BreadcrumbList\",\"@id\":\"https:\/\/galleanosebastian.com.ar\/index.php\/2024\/11\/07\/deformaciones-en-la-columna-cervical-y-la-cintura-escapular\/#breadcrumb\",\"itemListElement\":[{\"@type\":\"ListItem\",\"position\":1,\"name\":\"Home\",\"item\":\"https:\/\/galleanosebastian.com.ar\/\"},{\"@type\":\"ListItem\",\"position\":2,\"name\":\"Deformaciones en la Columna Cervical y la Cintura Escapular:\"}]},{\"@type\":\"WebSite\",\"@id\":\"https:\/\/galleanosebastian.com.ar\/#website\",\"url\":\"https:\/\/galleanosebastian.com.ar\/\",\"name\":\"Sebasti\u00e1n Pablo Galleano\",\"description\":\"\",\"publisher\":{\"@id\":\"https:\/\/galleanosebastian.com.ar\/#\/schema\/person\/e9e053bc7d61b5b176e446bc0b052f9c\"},\"potentialAction\":[{\"@type\":\"SearchAction\",\"target\":{\"@type\":\"EntryPoint\",\"urlTemplate\":\"https:\/\/galleanosebastian.com.ar\/?s={search_term_string}\"},\"query-input\":{\"@type\":\"PropertyValueSpecification\",\"valueRequired\":true,\"valueName\":\"search_term_string\"}}],\"inLanguage\":\"es\"},{\"@type\":[\"Person\",\"Organization\"],\"@id\":\"https:\/\/galleanosebastian.com.ar\/#\/schema\/person\/e9e053bc7d61b5b176e446bc0b052f9c\",\"name\":\"galleano.sebastian\",\"image\":{\"@type\":\"ImageObject\",\"inLanguage\":\"es\",\"@id\":\"https:\/\/galleanosebastian.com.ar\/#\/schema\/person\/image\/\",\"url\":\"https:\/\/galleanosebastian.com.ar\/wp-content\/uploads\/2023\/11\/cropped-Diseno-sin-titulo-6.png\",\"contentUrl\":\"https:\/\/galleanosebastian.com.ar\/wp-content\/uploads\/2023\/11\/cropped-Diseno-sin-titulo-6.png\",\"width\":250,\"height\":117,\"caption\":\"galleano.sebastian\"},\"logo\":{\"@id\":\"https:\/\/galleanosebastian.com.ar\/#\/schema\/person\/image\/\"},\"sameAs\":[\"https:\/\/galleanosebastian.com.ar\"],\"url\":\"https:\/\/galleanosebastian.com.ar\/index.php\/author\/galleano-sebastian\/\"}]}<\/script>\n<!-- \/ Yoast SEO plugin. -->","yoast_head_json":{"title":"Deformaciones en la Columna Cervical y la Cintura Escapular: -","robots":{"index":"index","follow":"follow","max-snippet":"max-snippet:-1","max-image-preview":"max-image-preview:large","max-video-preview":"max-video-preview:-1"},"canonical":"https:\/\/galleanosebastian.com.ar\/index.php\/2024\/11\/07\/deformaciones-en-la-columna-cervical-y-la-cintura-escapular\/","og_locale":"es_ES","og_type":"article","og_title":"Deformaciones en la Columna Cervical y la Cintura Escapular: -","og_description":"Causas, Consecuencias y C\u00f3mo Prevenirlas \u00bfAlguna vez has sentido molestias en el cuello o en los hombros al final del d\u00eda? Quiz\u00e1s piensas que es solo cansancio, pero estas molestias podr\u00edan estar dici\u00e9ndote algo m\u00e1s. Como kinesi\u00f3logo, he visto c\u00f3mo peque\u00f1os dolores pueden convertirse en problemas estructurales si no se atienden a tiempo. En este [&hellip;]","og_url":"https:\/\/galleanosebastian.com.ar\/index.php\/2024\/11\/07\/deformaciones-en-la-columna-cervical-y-la-cintura-escapular\/","article_published_time":"2024-11-07T22:10:13+00:00","article_modified_time":"2024-11-07T22:12:21+00:00","og_image":[{"width":1200,"height":675,"url":"https:\/\/galleanosebastian.com.ar\/wp-content\/uploads\/2024\/11\/Copia-de-Copia-de-Copia-de-Copia-de-Diseno-sin-titulo.jpg","type":"image\/jpeg"}],"author":"galleano.sebastian","twitter_card":"summary_large_image","twitter_misc":{"Escrito por":"galleano.sebastian","Tiempo de lectura":"6 minutos"},"schema":{"@context":"https:\/\/schema.org","@graph":[{"@type":"Article","@id":"https:\/\/galleanosebastian.com.ar\/index.php\/2024\/11\/07\/deformaciones-en-la-columna-cervical-y-la-cintura-escapular\/#article","isPartOf":{"@id":"https:\/\/galleanosebastian.com.ar\/index.php\/2024\/11\/07\/deformaciones-en-la-columna-cervical-y-la-cintura-escapular\/"},"author":{"name":"galleano.sebastian","@id":"https:\/\/galleanosebastian.com.ar\/#\/schema\/person\/e9e053bc7d61b5b176e446bc0b052f9c"},"headline":"Deformaciones en la Columna Cervical y la Cintura Escapular:","datePublished":"2024-11-07T22:10:13+00:00","dateModified":"2024-11-07T22:12:21+00:00","mainEntityOfPage":{"@id":"https:\/\/galleanosebastian.com.ar\/index.php\/2024\/11\/07\/deformaciones-en-la-columna-cervical-y-la-cintura-escapular\/"},"wordCount":1106,"commentCount":0,"publisher":{"@id":"https:\/\/galleanosebastian.com.ar\/#\/schema\/person\/e9e053bc7d61b5b176e446bc0b052f9c"},"image":{"@id":"https:\/\/galleanosebastian.com.ar\/index.php\/2024\/11\/07\/deformaciones-en-la-columna-cervical-y-la-cintura-escapular\/#primaryimage"},"thumbnailUrl":"https:\/\/galleanosebastian.com.ar\/wp-content\/uploads\/2024\/11\/Copia-de-Copia-de-Copia-de-Copia-de-Diseno-sin-titulo.jpg","keywords":["cifosis cervical","cintura escapular","deformaciones columna cervical","esc\u00e1pulas aladas","prevenci\u00f3n postural"],"articleSection":["Asistencia","Blog","Prevenci\u00f3n","Semiolog\u00eda"],"inLanguage":"es","potentialAction":[{"@type":"CommentAction","name":"Comment","target":["https:\/\/galleanosebastian.com.ar\/index.php\/2024\/11\/07\/deformaciones-en-la-columna-cervical-y-la-cintura-escapular\/#respond"]}]},{"@type":"WebPage","@id":"https:\/\/galleanosebastian.com.ar\/index.php\/2024\/11\/07\/deformaciones-en-la-columna-cervical-y-la-cintura-escapular\/","url":"https:\/\/galleanosebastian.com.ar\/index.php\/2024\/11\/07\/deformaciones-en-la-columna-cervical-y-la-cintura-escapular\/","name":"Deformaciones en la Columna Cervical y la Cintura Escapular: -","isPartOf":{"@id":"https:\/\/galleanosebastian.com.ar\/#website"},"primaryImageOfPage":{"@id":"https:\/\/galleanosebastian.com.ar\/index.php\/2024\/11\/07\/deformaciones-en-la-columna-cervical-y-la-cintura-escapular\/#primaryimage"},"image":{"@id":"https:\/\/galleanosebastian.com.ar\/index.php\/2024\/11\/07\/deformaciones-en-la-columna-cervical-y-la-cintura-escapular\/#primaryimage"},"thumbnailUrl":"https:\/\/galleanosebastian.com.ar\/wp-content\/uploads\/2024\/11\/Copia-de-Copia-de-Copia-de-Copia-de-Diseno-sin-titulo.jpg","datePublished":"2024-11-07T22:10:13+00:00","dateModified":"2024-11-07T22:12:21+00:00","breadcrumb":{"@id":"https:\/\/galleanosebastian.com.ar\/index.php\/2024\/11\/07\/deformaciones-en-la-columna-cervical-y-la-cintura-escapular\/#breadcrumb"},"inLanguage":"es","potentialAction":[{"@type":"ReadAction","target":["https:\/\/galleanosebastian.com.ar\/index.php\/2024\/11\/07\/deformaciones-en-la-columna-cervical-y-la-cintura-escapular\/"]}]},{"@type":"ImageObject","inLanguage":"es","@id":"https:\/\/galleanosebastian.com.ar\/index.php\/2024\/11\/07\/deformaciones-en-la-columna-cervical-y-la-cintura-escapular\/#primaryimage","url":"https:\/\/galleanosebastian.com.ar\/wp-content\/uploads\/2024\/11\/Copia-de-Copia-de-Copia-de-Copia-de-Diseno-sin-titulo.jpg","contentUrl":"https:\/\/galleanosebastian.com.ar\/wp-content\/uploads\/2024\/11\/Copia-de-Copia-de-Copia-de-Copia-de-Diseno-sin-titulo.jpg","width":1200,"height":675},{"@type":"BreadcrumbList","@id":"https:\/\/galleanosebastian.com.ar\/index.php\/2024\/11\/07\/deformaciones-en-la-columna-cervical-y-la-cintura-escapular\/#breadcrumb","itemListElement":[{"@type":"ListItem","position":1,"name":"Home","item":"https:\/\/galleanosebastian.com.ar\/"},{"@type":"ListItem","position":2,"name":"Deformaciones en la Columna Cervical y la Cintura Escapular:"}]},{"@type":"WebSite","@id":"https:\/\/galleanosebastian.com.ar\/#website","url":"https:\/\/galleanosebastian.com.ar\/","name":"Sebasti\u00e1n Pablo Galleano","description":"","publisher":{"@id":"https:\/\/galleanosebastian.com.ar\/#\/schema\/person\/e9e053bc7d61b5b176e446bc0b052f9c"},"potentialAction":[{"@type":"SearchAction","target":{"@type":"EntryPoint","urlTemplate":"https:\/\/galleanosebastian.com.ar\/?s={search_term_string}"},"query-input":{"@type":"PropertyValueSpecification","valueRequired":true,"valueName":"search_term_string"}}],"inLanguage":"es"},{"@type":["Person","Organization"],"@id":"https:\/\/galleanosebastian.com.ar\/#\/schema\/person\/e9e053bc7d61b5b176e446bc0b052f9c","name":"galleano.sebastian","image":{"@type":"ImageObject","inLanguage":"es","@id":"https:\/\/galleanosebastian.com.ar\/#\/schema\/person\/image\/","url":"https:\/\/galleanosebastian.com.ar\/wp-content\/uploads\/2023\/11\/cropped-Diseno-sin-titulo-6.png","contentUrl":"https:\/\/galleanosebastian.com.ar\/wp-content\/uploads\/2023\/11\/cropped-Diseno-sin-titulo-6.png","width":250,"height":117,"caption":"galleano.sebastian"},"logo":{"@id":"https:\/\/galleanosebastian.com.ar\/#\/schema\/person\/image\/"},"sameAs":["https:\/\/galleanosebastian.com.ar"],"url":"https:\/\/galleanosebastian.com.ar\/index.php\/author\/galleano-sebastian\/"}]}},"_links":{"self":[{"href":"https:\/\/galleanosebastian.com.ar\/index.php\/wp-json\/wp\/v2\/posts\/4147","targetHints":{"allow":["GET"]}}],"collection":[{"href":"https:\/\/galleanosebastian.com.ar\/index.php\/wp-json\/wp\/v2\/posts"}],"about":[{"href":"https:\/\/galleanosebastian.com.ar\/index.php\/wp-json\/wp\/v2\/types\/post"}],"author":[{"embeddable":true,"href":"https:\/\/galleanosebastian.com.ar\/index.php\/wp-json\/wp\/v2\/users\/1"}],"replies":[{"embeddable":true,"href":"https:\/\/galleanosebastian.com.ar\/index.php\/wp-json\/wp\/v2\/comments?post=4147"}],"version-history":[{"count":5,"href":"https:\/\/galleanosebastian.com.ar\/index.php\/wp-json\/wp\/v2\/posts\/4147\/revisions"}],"predecessor-version":[{"id":4153,"href":"https:\/\/galleanosebastian.com.ar\/index.php\/wp-json\/wp\/v2\/posts\/4147\/revisions\/4153"}],"wp:featuredmedia":[{"embeddable":true,"href":"https:\/\/galleanosebastian.com.ar\/index.php\/wp-json\/wp\/v2\/media\/4150"}],"wp:attachment":[{"href":"https:\/\/galleanosebastian.com.ar\/index.php\/wp-json\/wp\/v2\/media?parent=4147"}],"wp:term":[{"taxonomy":"category","embeddable":true,"href":"https:\/\/galleanosebastian.com.ar\/index.php\/wp-json\/wp\/v2\/categories?post=4147"},{"taxonomy":"post_tag","embeddable":true,"href":"https:\/\/galleanosebastian.com.ar\/index.php\/wp-json\/wp\/v2\/tags?post=4147"}],"curies":[{"name":"wp","href":"https:\/\/api.w.org\/{rel}","templated":true}]}}