{"id":4162,"date":"2024-11-18T21:36:00","date_gmt":"2024-11-18T20:36:00","guid":{"rendered":"https:\/\/galleanosebastian.com.ar\/?p=4162"},"modified":"2024-11-10T22:46:08","modified_gmt":"2024-11-10T21:46:08","slug":"deformidades-del-pie","status":"publish","type":"post","link":"https:\/\/galleanosebastian.com.ar\/index.php\/2024\/11\/18\/deformidades-del-pie\/","title":{"rendered":"Deformidades del Pie:"},"content":{"rendered":"\t\t<div data-elementor-type=\"wp-post\" data-elementor-id=\"4162\" class=\"elementor elementor-4162\">\n\t\t\t\t<div class=\"elementor-element elementor-element-667eb40 e-flex e-con-boxed e-con e-parent\" data-id=\"667eb40\" data-element_type=\"container\">\n\t\t\t\t\t<div class=\"e-con-inner\">\n\t\t\t\t<div class=\"elementor-element elementor-element-81cefb0 elementor-widget elementor-widget-heading\" data-id=\"81cefb0\" data-element_type=\"widget\" data-widget_type=\"heading.default\">\n\t\t\t\t<div class=\"elementor-widget-container\">\n\t\t\t\t\t<h1 class=\"elementor-heading-title elementor-size-default\">Causas, Signos de Alerta y Cu\u00e1ndo Buscar Ayuda Profesional<\/h1>\t\t\t\t<\/div>\n\t\t\t\t<\/div>\n\t\t\t\t<div class=\"elementor-element elementor-element-84dac45 elementor-widget elementor-widget-text-editor\" data-id=\"84dac45\" data-element_type=\"widget\" data-widget_type=\"text-editor.default\">\n\t\t\t\t<div class=\"elementor-widget-container\">\n\t\t\t\t\t\t\t\t\t<p>Hoy quiero hablarles de un tema que, aunque suele pasar desapercibido, tiene una gran importancia para nuestro bienestar: los cambios estructurales en el <a href=\"https:\/\/ambitokinesico.com.ar\/\">pie<\/a>. Quiz\u00e1s alguna vez han notado molestias o alguna diferencia en la forma de sus pies, pero lo han atribuido al calzado o al cansancio del d\u00eda a d\u00eda. Sin embargo, esas peque\u00f1as variaciones pueden ser indicios de problemas mayores.<\/p><p>\u00bfSab\u00edan que estos cambios pueden tener un efecto en otras \u00e1reas de nuestro cuerpo? Los invito a explorar c\u00f3mo ciertas deformidades en el pie pueden afectar nuestra vida cotidiana, y por qu\u00e9 reconocerlas a tiempo es fundamental para la salud integral. Entender las causas y s\u00edntomas de estos cambios no solo ayudar\u00e1 a mantener la salud de nuestros pies, sino tambi\u00e9n a prevenir complicaciones que impacten en nuestro bienestar general.<\/p><h3>\u00bfQu\u00e9 Son las Deformidades del Pie?<\/h3><p>El <a href=\"https:\/\/ambitokinesico.com.ar\/index.php\/2024\/10\/11\/kinesiologia-en-misiones\/\">pie<\/a> es una estructura compleja formada por huesos, m\u00fasculos, ligamentos y tendones, dise\u00f1ada para soportar nuestro peso y permitirnos movernos. Las deformidades del pie ocurren cuando alguna de estas estructuras se altera, causando un cambio en la forma, el equilibrio o el funcionamiento del pie. Este tipo de problemas son m\u00e1s comunes de lo que pensamos y pueden afectar a personas de todas las edades, desde ni\u00f1os hasta adultos mayores.<\/p><p>Cuando una deformidad del pie aparece y no es atendida, suele provocar desequilibrios en la postura, el equilibrio y la forma de caminar. Con el tiempo, estos problemas pueden extenderse y afectar a otras partes del cuerpo, como las rodillas, la cadera e incluso la columna vertebral.<\/p><h3>Principales Tipos de Deformidades del Pie<\/h3><p>Las<a href=\"https:\/\/ambitokinesico.com.ar\/index.php\/2024\/10\/10\/efectividad-de-la-rehabilitacion-personalizada-en-la-recuperacion-de-rodilla\/\"> deformidades<\/a> del pie pueden clasificarse de diversas maneras, pero a continuaci\u00f3n mencionar\u00e9 las m\u00e1s comunes que veo en consulta.<\/p><ol><li><p><strong>Pie Plano<\/strong>: Es una de las deformidades m\u00e1s frecuentes, caracterizada por la falta del arco en la planta del pie. Esto hace que la totalidad de la planta est\u00e9 en contacto con el suelo. El pie plano puede ser flexible (se nota solo al estar de pie) o r\u00edgido (siempre est\u00e1 presente). Las personas con pie plano suelen experimentar dolor en el pie, en el tobillo y en ocasiones en la espalda.<\/p><\/li><li><p><strong>Pie Cavo<\/strong>: A diferencia del pie plano, el pie cavo tiene un arco excesivamente alto. Esto causa que gran parte del peso se concentre en el tal\u00f3n y en la zona metatarsal, lo que puede provocar dolor, callosidades y mayor riesgo de esguinces de tobillo.<\/p><\/li><li><p><strong>Juanetes (Hallux Valgus)<\/strong>: Los juanetes se producen cuando el dedo gordo del pie se desv\u00eda hacia los otros dedos, formando una protuberancia en el costado del pie. Esta deformidad, adem\u00e1s de ser dolorosa, puede dificultar el uso de ciertos tipos de calzado.<\/p><\/li><li><p><strong>Dedo en Martillo<\/strong>: Esta condici\u00f3n ocurre cuando uno o varios dedos se doblan en forma de \u201cZ\u201d debido a un desequilibrio en los tendones. Es com\u00fan que el dedo en martillo cause dolor, molestias al caminar y callosidades en los puntos de presi\u00f3n.<\/p><\/li><li><p><strong>Fascitis Plantar<\/strong>: Si bien t\u00e9cnicamente no es una deformidad \u00f3sea, es importante mencionarla, ya que la fascitis plantar provoca dolor intenso en la planta del pie, especialmente en el tal\u00f3n. A largo plazo, puede llevar a cambios en la forma de caminar y afectar la mec\u00e1nica del pie.<\/p><\/li><\/ol><h3>S\u00edntomas Comunes de las Deformidades del Pie<\/h3><p>Las <a href=\"https:\/\/www.instagram.com\/ambitokinesico\/\">deformidades<\/a> del pie presentan ciertos s\u00edntomas caracter\u00edsticos que pueden alertarte de que algo no est\u00e1 bien. Aqu\u00ed algunos de los signos m\u00e1s comunes:<\/p><ul><li><p><strong>Dolor en el pie o en los tobillos<\/strong>: Este dolor puede ser continuo o aparecer despu\u00e9s de ciertas actividades, como caminar o estar de pie por largos periodos.<\/p><\/li><li><p><strong>Callos y durezas<\/strong>: La presi\u00f3n irregular en ciertas \u00e1reas del pie causa callos y durezas, especialmente en zonas de fricci\u00f3n.<\/p><\/li><li><p><strong>Problemas al usar calzado<\/strong>: Las deformidades pueden hacer que algunos tipos de zapatos resulten inc\u00f3modos o incluso imposibles de usar.<\/p><\/li><li><p><strong>Inflamaci\u00f3n o enrojecimiento<\/strong>: En el caso de juanetes, es com\u00fan que la zona est\u00e9 inflamada y rojiza debido al roce constante con el calzado.<\/p><\/li><li><p><strong>Desviaci\u00f3n de los dedos<\/strong>: Los cambios en la posici\u00f3n o en la forma de los dedos pueden indicar problemas en la estructura del pie.<\/p><\/li><\/ul><h3>Causas de las Deformidades del Pie<\/h3><p>Las <a href=\"https:\/\/www.youtube.com\/watch?v=WGSy-wfz-g8&amp;list=PLqbYI7HO688ccbl8cIpqYPQ2hXKuEa5Ad&amp;index=3\">deformidades<\/a> del pie pueden tener diversas causas, desde factores hereditarios hasta problemas adquiridos a lo largo de la vida. A continuaci\u00f3n, explico algunas de las razones m\u00e1s comunes:<\/p><ol><li><p><strong>Gen\u00e9tica<\/strong>: La predisposici\u00f3n gen\u00e9tica juega un papel importante en el desarrollo de deformidades como el pie plano o los juanetes. Si en tu familia existen antecedentes de problemas en los pies, es m\u00e1s probable que t\u00fa tambi\u00e9n los presentes.<\/p><\/li><li><p><strong>Calzado inadecuado<\/strong>: El uso prolongado de zapatos ajustados, de tac\u00f3n alto o con poca amortiguaci\u00f3n puede contribuir al desarrollo de deformidades. Este tipo de calzado altera la posici\u00f3n natural del pie y causa presi\u00f3n en \u00e1reas espec\u00edficas.<\/p><\/li><li><p><strong>Obesidad<\/strong>: El sobrepeso aumenta la carga sobre los pies, lo que puede causar cambios en su estructura y favorecer el desarrollo de deformidades.<\/p><\/li><li><p><strong>Envejecimiento<\/strong>: Con el paso del tiempo, los ligamentos y tendones pierden elasticidad y fuerza, lo que afecta la estabilidad y la forma del pie.<\/p><\/li><li><p><strong>Lesiones y enfermedades<\/strong>: Lesiones previas o enfermedades como la artritis reumatoide pueden afectar la estructura del pie y favorecer la aparici\u00f3n de deformidades.<\/p><\/li><\/ol><h3>\u00bfC\u00f3mo Detectar una Deformidad en el Pie?<\/h3><p>Identificar una deformidad en el pie de manera temprana es clave para evitar problemas mayores. Algunos pasos que te pueden ayudar a detectar si tienes una deformidad en el pie incluyen:<\/p><ol><li><p><strong>Autoevaluaci\u00f3n<\/strong>: Si notas cambios en la forma de tus pies o en la posici\u00f3n de tus dedos, es momento de prestarle atenci\u00f3n a tus pies. Observa tambi\u00e9n si tienes callosidades, durezas o zonas enrojecidas.<\/p><\/li><li><p><strong>Dolor persistente<\/strong>: El dolor en el pie que no mejora con el reposo o el cambio de calzado es una se\u00f1al de alerta.<\/p><\/li><li><p><strong>Consulta con un profesional<\/strong>: Si tienes dudas o molestias recurrentes, lo mejor es acudir a un especialista en kinesiolog\u00eda o podolog\u00eda. Un profesional podr\u00e1 realizar una evaluaci\u00f3n detallada y detectar cualquier anomal\u00eda en la estructura del pie.<\/p><\/li><\/ol><h3>Cuidado y Prevenci\u00f3n de las Deformidades del Pie<\/h3><p>La buena noticia es que muchas <a href=\"https:\/\/www.instagram.com\/ambitokinesico\/\">deformidades<\/a> del pie pueden prevenirse o controlarse con algunos cuidados b\u00e1sicos. Aqu\u00ed van algunas recomendaciones:<\/p><ul><li><p><strong>Elegir un calzado adecuado<\/strong>: Usa zapatos que respeten la forma natural de tu pie, preferiblemente con una buena amortiguaci\u00f3n y espacio suficiente para los dedos.<\/p><\/li><li><p><strong>Mantener un peso saludable<\/strong>: Reducir el peso que deben soportar los pies puede disminuir el riesgo de desarrollar deformidades.<\/p><\/li><li><p><strong>Fortalecer los pies<\/strong>: Ejercicios espec\u00edficos para los m\u00fasculos y los arcos del pie ayudan a mantener una estructura fuerte y flexible, reduciendo el riesgo de deformaciones.<\/p><\/li><li><p><strong>Revisar el calzado con frecuencia<\/strong>: Si tus zapatos presentan un desgaste irregular, podr\u00eda indicar que tu forma de caminar est\u00e1 generando una presi\u00f3n desbalanceada. Este tipo de desgaste puede ser una se\u00f1al de alerta sobre problemas en la mec\u00e1nica del pie.<\/p><\/li><li><p><strong>Acudir a consultas regulares<\/strong>: Si tienes antecedentes familiares de deformidades en el pie o factores de riesgo, es recomendable realizar consultas peri\u00f3dicas para detectar cualquier cambio a tiempo.<\/p><\/li><\/ul><p><em>Las deformidades del pie son un problema com\u00fan que, sin embargo, muchas veces pasa desapercibido hasta que el dolor y las molestias se vuelven evidentes. Comprender la estructura y el funcionamiento de los pies, as\u00ed como prestar atenci\u00f3n a las se\u00f1ales de alerta, puede ayudarte a identificar y tratar estas condiciones antes de que afecten tu calidad de vida.<\/em><\/p><p><em>Como <a href=\"https:\/\/ambitokinesico.com.ar\/\">kinesi\u00f3logo<\/a>, mi objetivo es ayudar a las personas a cuidar su salud y prevenir problemas a largo plazo. Si crees que puedes estar experimentando alguna deformidad en el pie o si simplemente quieres saber m\u00e1s sobre el cuidado de tus pies, no dudes en buscar orientaci\u00f3n profesional.<\/em><\/p><p><a href=\"https:\/\/galleanosebastian.com.ar\/\">Profesor Sebasti\u00e1n Pablo Galleano<\/a><\/p>\t\t\t\t\t\t\t\t<\/div>\n\t\t\t\t<\/div>\n\t\t\t\t<div class=\"elementor-element elementor-element-71ee3d8 elementor-grid-eael-col-4 elementor-grid-tablet-eael-col-2 elementor-grid-mobile-eael-col-1 elementor-widget elementor-widget-eael-post-grid\" data-id=\"71ee3d8\" data-element_type=\"widget\" data-settings=\"{&quot;eael_post_grid_columns&quot;:&quot;eael-col-4&quot;,&quot;eael_post_grid_columns_tablet&quot;:&quot;eael-col-2&quot;,&quot;eael_post_grid_columns_mobile&quot;:&quot;eael-col-1&quot;}\" data-widget_type=\"eael-post-grid.default\">\n\t\t\t\t<div class=\"elementor-widget-container\">\n\t\t\t\t\t<div id=\"eael-post-grid-71ee3d8\" class=\"eael-post-grid-container\">\n            <div class=\"eael-post-grid eael-post-appender eael-post-appender-71ee3d8 eael-post-grid-style-one\" data-layout-mode=\"masonry\"><article class=\"eael-grid-post eael-post-grid-column\" data-id=\"4768\">\n        <div class=\"eael-grid-post-holder\">\n            <div class=\"eael-grid-post-holder-inner\"><div class=\"eael-entry-media\"><div class=\"eael-entry-overlay fade-in\"><i class=\"fas fa-long-arrow-alt-right\" aria-hidden=\"true\"><\/i><a href=\"https:\/\/galleanosebastian.com.ar\/index.php\/2025\/09\/02\/rehabilitacion-de-cervicalgia-en-adultos-con-sobrepeso\/\"><\/a><\/div><div class=\"eael-entry-thumbnail \">\n                <img fetchpriority=\"high\" decoding=\"async\" width=\"300\" height=\"169\" src=\"https:\/\/galleanosebastian.com.ar\/wp-content\/uploads\/2025\/09\/63-300x169.jpg\" class=\"attachment-medium size-medium wp-image-4776\" alt=\"\" srcset=\"https:\/\/galleanosebastian.com.ar\/wp-content\/uploads\/2025\/09\/63-300x169.jpg 300w, https:\/\/galleanosebastian.com.ar\/wp-content\/uploads\/2025\/09\/63-1024x576.jpg 1024w, https:\/\/galleanosebastian.com.ar\/wp-content\/uploads\/2025\/09\/63-768x432.jpg 768w, https:\/\/galleanosebastian.com.ar\/wp-content\/uploads\/2025\/09\/63-1536x864.jpg 1536w, https:\/\/galleanosebastian.com.ar\/wp-content\/uploads\/2025\/09\/63.jpg 1600w\" sizes=\"(max-width: 300px) 100vw, 300px\" \/>\n            <\/div>\n        <\/div><div class=\"eael-entry-wrapper\"><header class=\"eael-entry-header\"><h4 class=\"eael-entry-title\"><a\n                        class=\"eael-grid-post-link\"\n                        href=\"https:\/\/galleanosebastian.com.ar\/index.php\/2025\/09\/02\/rehabilitacion-de-cervicalgia-en-adultos-con-sobrepeso\/\"\n                        title=\"Rehabilitaci\u00f3n de cervicalgia en adultos con sobrepeso\">Rehabilitaci\u00f3n de cervicalgia en adultos con sobrepeso<\/a><\/h4><\/header><div class=\"eael-entry-content\">\n                        <div class=\"eael-grid-post-excerpt\"><p>C\u00f3mo abordar la cervicalgia mec\u00e1nica en adultos con sobrepeso y...<\/p><a href=\"https:\/\/galleanosebastian.com.ar\/index.php\/2025\/09\/02\/rehabilitacion-de-cervicalgia-en-adultos-con-sobrepeso\/\" class=\"eael-post-elements-readmore-btn\">Read More<\/a><\/div>\n                    <\/div><div class=\"eael-entry-footer\"><div class=\"eael-author-avatar\"><a href=\"https:\/\/galleanosebastian.com.ar\/index.php\/author\/galleano-sebastian\/\"><img alt='galleano.sebastian' src='https:\/\/secure.gravatar.com\/avatar\/696976b010028a9cf4df4a37738269e5?s=96&#038;d=mm&#038;r=g' srcset='https:\/\/secure.gravatar.com\/avatar\/696976b010028a9cf4df4a37738269e5?s=192&#038;d=mm&#038;r=g 2x' class='avatar avatar-96 photo' height='96' width='96' \/><\/a><\/div><div class=\"eael-entry-meta\"><span class=\"eael-posted-by\"><a href=\"https:\/\/galleanosebastian.com.ar\/index.php\/author\/galleano-sebastian\/\" title=\"Entradas de galleano.sebastian\" rel=\"author\">galleano.sebastian<\/a><\/span><span class=\"eael-posted-on\"><time datetime=\"2 de septiembre de 2025\">2 de septiembre de 2025<\/time><\/span><\/div><\/div><\/div><\/div>\n        <\/div>\n    <\/article><article class=\"eael-grid-post eael-post-grid-column\" data-id=\"4763\">\n        <div class=\"eael-grid-post-holder\">\n            <div class=\"eael-grid-post-holder-inner\"><div class=\"eael-entry-media\"><div class=\"eael-entry-overlay fade-in\"><i class=\"fas fa-long-arrow-alt-right\" aria-hidden=\"true\"><\/i><a href=\"https:\/\/galleanosebastian.com.ar\/index.php\/2025\/08\/26\/rehabilitacion-de-lumbalgia-en-adultos-con-sobrepeso\/\"><\/a><\/div><div class=\"eael-entry-thumbnail \">\n                <img decoding=\"async\" width=\"300\" height=\"169\" src=\"https:\/\/galleanosebastian.com.ar\/wp-content\/uploads\/2025\/09\/61-300x169.jpg\" class=\"attachment-medium size-medium wp-image-4774\" alt=\"\" srcset=\"https:\/\/galleanosebastian.com.ar\/wp-content\/uploads\/2025\/09\/61-300x169.jpg 300w, https:\/\/galleanosebastian.com.ar\/wp-content\/uploads\/2025\/09\/61-1024x576.jpg 1024w, https:\/\/galleanosebastian.com.ar\/wp-content\/uploads\/2025\/09\/61-768x432.jpg 768w, https:\/\/galleanosebastian.com.ar\/wp-content\/uploads\/2025\/09\/61-1536x864.jpg 1536w, https:\/\/galleanosebastian.com.ar\/wp-content\/uploads\/2025\/09\/61.jpg 1600w\" sizes=\"(max-width: 300px) 100vw, 300px\" \/>\n            <\/div>\n        <\/div><div class=\"eael-entry-wrapper\"><header class=\"eael-entry-header\"><h4 class=\"eael-entry-title\"><a\n                        class=\"eael-grid-post-link\"\n                        href=\"https:\/\/galleanosebastian.com.ar\/index.php\/2025\/08\/26\/rehabilitacion-de-lumbalgia-en-adultos-con-sobrepeso\/\"\n                        title=\"Rehabilitaci\u00f3n de lumbalgia en adultos con sobrepeso\">Rehabilitaci\u00f3n de lumbalgia en adultos con sobrepeso<\/a><\/h4><\/header><div class=\"eael-entry-content\">\n                        <div class=\"eael-grid-post-excerpt\"><p>Rehabilitaci\u00f3n de lumbalgia en adultos con sobrepeso: c\u00f3mo recuperar bienestar...<\/p><a href=\"https:\/\/galleanosebastian.com.ar\/index.php\/2025\/08\/26\/rehabilitacion-de-lumbalgia-en-adultos-con-sobrepeso\/\" class=\"eael-post-elements-readmore-btn\">Read More<\/a><\/div>\n                    <\/div><div class=\"eael-entry-footer\"><div class=\"eael-author-avatar\"><a href=\"https:\/\/galleanosebastian.com.ar\/index.php\/author\/galleano-sebastian\/\"><img alt='galleano.sebastian' src='https:\/\/secure.gravatar.com\/avatar\/696976b010028a9cf4df4a37738269e5?s=96&#038;d=mm&#038;r=g' srcset='https:\/\/secure.gravatar.com\/avatar\/696976b010028a9cf4df4a37738269e5?s=192&#038;d=mm&#038;r=g 2x' class='avatar avatar-96 photo' height='96' width='96' \/><\/a><\/div><div class=\"eael-entry-meta\"><span class=\"eael-posted-by\"><a href=\"https:\/\/galleanosebastian.com.ar\/index.php\/author\/galleano-sebastian\/\" title=\"Entradas de galleano.sebastian\" rel=\"author\">galleano.sebastian<\/a><\/span><span class=\"eael-posted-on\"><time datetime=\"26 de agosto de 2025\">26 de agosto de 2025<\/time><\/span><\/div><\/div><\/div><\/div>\n        <\/div>\n    <\/article><article class=\"eael-grid-post eael-post-grid-column\" data-id=\"4757\">\n        <div class=\"eael-grid-post-holder\">\n            <div class=\"eael-grid-post-holder-inner\"><div class=\"eael-entry-media\"><div class=\"eael-entry-overlay fade-in\"><i class=\"fas fa-long-arrow-alt-right\" aria-hidden=\"true\"><\/i><a href=\"https:\/\/galleanosebastian.com.ar\/index.php\/2025\/08\/20\/rehabilitacion-de-rodillas-en-adultos-con-sobrepeso-y-dolor\/\"><\/a><\/div><div class=\"eael-entry-thumbnail \">\n                <img decoding=\"async\" width=\"300\" height=\"169\" src=\"https:\/\/galleanosebastian.com.ar\/wp-content\/uploads\/2025\/09\/65-300x169.jpg\" class=\"attachment-medium size-medium wp-image-4778\" alt=\"\" srcset=\"https:\/\/galleanosebastian.com.ar\/wp-content\/uploads\/2025\/09\/65-300x169.jpg 300w, https:\/\/galleanosebastian.com.ar\/wp-content\/uploads\/2025\/09\/65-1024x576.jpg 1024w, https:\/\/galleanosebastian.com.ar\/wp-content\/uploads\/2025\/09\/65-768x432.jpg 768w, https:\/\/galleanosebastian.com.ar\/wp-content\/uploads\/2025\/09\/65-1536x864.jpg 1536w, https:\/\/galleanosebastian.com.ar\/wp-content\/uploads\/2025\/09\/65.jpg 1600w\" sizes=\"(max-width: 300px) 100vw, 300px\" \/>\n            <\/div>\n        <\/div><div class=\"eael-entry-wrapper\"><header class=\"eael-entry-header\"><h4 class=\"eael-entry-title\"><a\n                        class=\"eael-grid-post-link\"\n                        href=\"https:\/\/galleanosebastian.com.ar\/index.php\/2025\/08\/20\/rehabilitacion-de-rodillas-en-adultos-con-sobrepeso-y-dolor\/\"\n                        title=\"Rehabilitaci\u00f3n de rodillas en adultos con sobrepeso y dolor\">Rehabilitaci\u00f3n de rodillas en adultos con sobrepeso y dolor<\/a><\/h4><\/header><div class=\"eael-entry-content\">\n                        <div class=\"eael-grid-post-excerpt\"><p>C\u00f3mo recuper\u00e9 movilidad y bienestar con rehabilitaci\u00f3n de rodillas en...<\/p><a href=\"https:\/\/galleanosebastian.com.ar\/index.php\/2025\/08\/20\/rehabilitacion-de-rodillas-en-adultos-con-sobrepeso-y-dolor\/\" class=\"eael-post-elements-readmore-btn\">Read More<\/a><\/div>\n                    <\/div><div class=\"eael-entry-footer\"><div class=\"eael-author-avatar\"><a href=\"https:\/\/galleanosebastian.com.ar\/index.php\/author\/galleano-sebastian\/\"><img alt='galleano.sebastian' src='https:\/\/secure.gravatar.com\/avatar\/696976b010028a9cf4df4a37738269e5?s=96&#038;d=mm&#038;r=g' srcset='https:\/\/secure.gravatar.com\/avatar\/696976b010028a9cf4df4a37738269e5?s=192&#038;d=mm&#038;r=g 2x' class='avatar avatar-96 photo' height='96' width='96' \/><\/a><\/div><div class=\"eael-entry-meta\"><span class=\"eael-posted-by\"><a href=\"https:\/\/galleanosebastian.com.ar\/index.php\/author\/galleano-sebastian\/\" title=\"Entradas de galleano.sebastian\" rel=\"author\">galleano.sebastian<\/a><\/span><span class=\"eael-posted-on\"><time datetime=\"20 de agosto de 2025\">20 de agosto de 2025<\/time><\/span><\/div><\/div><\/div><\/div>\n        <\/div>\n    <\/article><article class=\"eael-grid-post eael-post-grid-column\" data-id=\"4749\">\n        <div class=\"eael-grid-post-holder\">\n            <div class=\"eael-grid-post-holder-inner\"><div class=\"eael-entry-media\"><div class=\"eael-entry-overlay fade-in\"><i class=\"fas fa-long-arrow-alt-right\" aria-hidden=\"true\"><\/i><a href=\"https:\/\/galleanosebastian.com.ar\/index.php\/2025\/07\/30\/fractura-de-muneca-en-adultos-mayores-como-recuperarse\/\"><\/a><\/div><div class=\"eael-entry-thumbnail \">\n                <img loading=\"lazy\" decoding=\"async\" width=\"300\" height=\"169\" src=\"https:\/\/galleanosebastian.com.ar\/wp-content\/uploads\/2025\/06\/1-4-300x169.jpg\" class=\"attachment-medium size-medium wp-image-4751\" alt=\"\" srcset=\"https:\/\/galleanosebastian.com.ar\/wp-content\/uploads\/2025\/06\/1-4-300x169.jpg 300w, https:\/\/galleanosebastian.com.ar\/wp-content\/uploads\/2025\/06\/1-4-1024x576.jpg 1024w, https:\/\/galleanosebastian.com.ar\/wp-content\/uploads\/2025\/06\/1-4-768x432.jpg 768w, https:\/\/galleanosebastian.com.ar\/wp-content\/uploads\/2025\/06\/1-4-1536x864.jpg 1536w, https:\/\/galleanosebastian.com.ar\/wp-content\/uploads\/2025\/06\/1-4.jpg 1920w\" sizes=\"(max-width: 300px) 100vw, 300px\" \/>\n            <\/div>\n        <\/div><div class=\"eael-entry-wrapper\"><header class=\"eael-entry-header\"><h4 class=\"eael-entry-title\"><a\n                        class=\"eael-grid-post-link\"\n                        href=\"https:\/\/galleanosebastian.com.ar\/index.php\/2025\/07\/30\/fractura-de-muneca-en-adultos-mayores-como-recuperarse\/\"\n                        title=\"Fractura de mu\u00f1eca en adultos mayores: c\u00f3mo recuperarse\">Fractura de mu\u00f1eca en adultos mayores: c\u00f3mo recuperarse<\/a><\/h4><\/header><div class=\"eael-entry-content\">\n                        <div class=\"eael-grid-post-excerpt\"><p>Fractura de mu\u00f1eca en adultos mayores: c\u00f3mo acompa\u00f1amos la recuperaci\u00f3n...<\/p><a href=\"https:\/\/galleanosebastian.com.ar\/index.php\/2025\/07\/30\/fractura-de-muneca-en-adultos-mayores-como-recuperarse\/\" class=\"eael-post-elements-readmore-btn\">Read More<\/a><\/div>\n                    <\/div><div class=\"eael-entry-footer\"><div class=\"eael-author-avatar\"><a href=\"https:\/\/galleanosebastian.com.ar\/index.php\/author\/galleano-sebastian\/\"><img alt='galleano.sebastian' src='https:\/\/secure.gravatar.com\/avatar\/696976b010028a9cf4df4a37738269e5?s=96&#038;d=mm&#038;r=g' srcset='https:\/\/secure.gravatar.com\/avatar\/696976b010028a9cf4df4a37738269e5?s=192&#038;d=mm&#038;r=g 2x' class='avatar avatar-96 photo' height='96' width='96' \/><\/a><\/div><div class=\"eael-entry-meta\"><span class=\"eael-posted-by\"><a href=\"https:\/\/galleanosebastian.com.ar\/index.php\/author\/galleano-sebastian\/\" title=\"Entradas de galleano.sebastian\" rel=\"author\">galleano.sebastian<\/a><\/span><span class=\"eael-posted-on\"><time datetime=\"30 de julio de 2025\">30 de julio de 2025<\/time><\/span><\/div><\/div><\/div><\/div>\n        <\/div>\n    <\/article><\/div>\n            <div class=\"clearfix\"><\/div>\n        <\/div>            <div class=\"eael-load-more-button-wrap eael-force-hide\">\n                <button class=\"eael-load-more-button\" id=\"eael-load-more-btn-71ee3d8\" data-widget-id=\"71ee3d8\" data-widget=\"71ee3d8\" data-page-id=\"4162\" data-template=\"{&quot;dir&quot;:&quot;lite&quot;,&quot;file_name&quot;:&quot;default.php&quot;,&quot;name&quot;:&quot;Post-Grid&quot;}\" data-class=\"Essential_Addons_Elementor\\Elements\\Post_Grid\" data-layout=\"masonry\" data-page=\"1\" data-args=\"orderby=date&amp;order=desc&amp;ignore_sticky_posts=1&amp;post_status=publish&amp;posts_per_page=4&amp;offset=0&amp;post_type=post\" data-max-page=\"42\">\n                    <span class=\"eael-btn-loader button__loader\"><\/span>\n                    <span class=\"eael_load_more_text\">Load More<\/span>\n                <\/button>\n            <\/div>\n            \t\t\t\t<\/div>\n\t\t\t\t<\/div>\n\t\t\t\t\t<\/div>\n\t\t\t\t<\/div>\n\t\t\t\t<\/div>\n\t\t","protected":false},"excerpt":{"rendered":"<p>Causas, Signos de Alerta y Cu\u00e1ndo Buscar Ayuda Profesional Hoy quiero hablarles de un tema que, aunque suele pasar desapercibido, tiene una gran importancia para nuestro bienestar: los cambios estructurales en el pie. Quiz\u00e1s alguna vez han notado molestias o alguna diferencia en la forma de sus pies, pero lo han atribuido al calzado o [&hellip;]<\/p>\n","protected":false},"author":1,"featured_media":4164,"comment_status":"open","ping_status":"open","sticky":false,"template":"","format":"standard","meta":{"site-sidebar-layout":"default","site-content-layout":"","ast-site-content-layout":"","site-content-style":"default","site-sidebar-style":"default","ast-global-header-display":"","ast-banner-title-visibility":"","ast-main-header-display":"","ast-hfb-above-header-display":"","ast-hfb-below-header-display":"","ast-hfb-mobile-header-display":"","site-post-title":"","ast-breadcrumbs-content":"","ast-featured-img":"","footer-sml-layout":"","theme-transparent-header-meta":"","adv-header-id-meta":"","stick-header-meta":"","header-above-stick-meta":"","header-main-stick-meta":"","header-below-stick-meta":"","astra-migrate-meta-layouts":"default","ast-page-background-enabled":"default","ast-page-background-meta":{"desktop":{"background-color":"var(--ast-global-color-4)","background-image":"","background-repeat":"repeat","background-position":"center center","background-size":"auto","background-attachment":"scroll","background-type":"","background-media":"","overlay-type":"","overlay-color":"","overlay-opacity":"","overlay-gradient":""},"tablet":{"background-color":"","background-image":"","background-repeat":"repeat","background-position":"center center","background-size":"auto","background-attachment":"scroll","background-type":"","background-media":"","overlay-type":"","overlay-color":"","overlay-opacity":"","overlay-gradient":""},"mobile":{"background-color":"","background-image":"","background-repeat":"repeat","background-position":"center center","background-size":"auto","background-attachment":"scroll","background-type":"","background-media":"","overlay-type":"","overlay-color":"","overlay-opacity":"","overlay-gradient":""}},"ast-content-background-meta":{"desktop":{"background-color":"var(--ast-global-color-5)","background-image":"","background-repeat":"repeat","background-position":"center center","background-size":"auto","background-attachment":"scroll","background-type":"","background-media":"","overlay-type":"","overlay-color":"","overlay-opacity":"","overlay-gradient":""},"tablet":{"background-color":"var(--ast-global-color-5)","background-image":"","background-repeat":"repeat","background-position":"center center","background-size":"auto","background-attachment":"scroll","background-type":"","background-media":"","overlay-type":"","overlay-color":"","overlay-opacity":"","overlay-gradient":""},"mobile":{"background-color":"var(--ast-global-color-5)","background-image":"","background-repeat":"repeat","background-position":"center center","background-size":"auto","background-attachment":"scroll","background-type":"","background-media":"","overlay-type":"","overlay-color":"","overlay-opacity":"","overlay-gradient":""}},"footnotes":"","_wpscppro_custom_social_share_image":0,"_facebook_share_type":"default","_twitter_share_type":"default","_linkedin_share_type":"default","_pinterest_share_type":"default","_linkedin_share_type_page":"","_instagram_share_type":"default","_medium_share_type":"","_threads_share_type":"","_selected_social_profile":null},"categories":[1,6,7],"tags":[157,96,494,491,493,486,54,492,355],"class_list":["post-4162","post","type-post","status-publish","format-standard","has-post-thumbnail","hentry","category-blog","category-prevencion","category-semiologia","tag-ortopedia","tag-bienestar-fisico","tag-correccion-postural","tag-deformidades-del-pie","tag-dolor-en-los-pies","tag-fisiatria","tag-kinesiologia","tag-pie","tag-salud-del-pie"],"yoast_head":"<!-- This site is optimized with the Yoast SEO plugin v24.6 - https:\/\/yoast.com\/wordpress\/plugins\/seo\/ -->\n<title>Deformidades del Pie: -<\/title>\n<meta name=\"robots\" content=\"index, follow, max-snippet:-1, max-image-preview:large, max-video-preview:-1\" \/>\n<link rel=\"canonical\" href=\"https:\/\/galleanosebastian.com.ar\/index.php\/2024\/11\/18\/deformidades-del-pie\/\" \/>\n<meta property=\"og:locale\" content=\"es_ES\" \/>\n<meta property=\"og:type\" content=\"article\" \/>\n<meta property=\"og:title\" content=\"Deformidades del Pie: -\" \/>\n<meta property=\"og:description\" content=\"Causas, Signos de Alerta y Cu\u00e1ndo Buscar Ayuda Profesional Hoy quiero hablarles de un tema que, aunque suele pasar desapercibido, tiene una gran importancia para nuestro bienestar: los cambios estructurales en el pie. Quiz\u00e1s alguna vez han notado molestias o alguna diferencia en la forma de sus pies, pero lo han atribuido al calzado o [&hellip;]\" \/>\n<meta property=\"og:url\" content=\"https:\/\/galleanosebastian.com.ar\/index.php\/2024\/11\/18\/deformidades-del-pie\/\" \/>\n<meta property=\"article:published_time\" content=\"2024-11-18T20:36:00+00:00\" \/>\n<meta property=\"og:image\" content=\"https:\/\/galleanosebastian.com.ar\/wp-content\/uploads\/2024\/11\/4.jpg\" \/>\n\t<meta property=\"og:image:width\" content=\"1200\" \/>\n\t<meta property=\"og:image:height\" content=\"675\" \/>\n\t<meta property=\"og:image:type\" content=\"image\/jpeg\" \/>\n<meta name=\"author\" content=\"galleano.sebastian\" \/>\n<meta name=\"twitter:card\" content=\"summary_large_image\" \/>\n<meta name=\"twitter:label1\" content=\"Escrito por\" \/>\n\t<meta name=\"twitter:data1\" content=\"galleano.sebastian\" \/>\n\t<meta name=\"twitter:label2\" content=\"Tiempo de lectura\" \/>\n\t<meta name=\"twitter:data2\" content=\"7 minutos\" \/>\n<script type=\"application\/ld+json\" class=\"yoast-schema-graph\">{\"@context\":\"https:\/\/schema.org\",\"@graph\":[{\"@type\":\"Article\",\"@id\":\"https:\/\/galleanosebastian.com.ar\/index.php\/2024\/11\/18\/deformidades-del-pie\/#article\",\"isPartOf\":{\"@id\":\"https:\/\/galleanosebastian.com.ar\/index.php\/2024\/11\/18\/deformidades-del-pie\/\"},\"author\":{\"name\":\"galleano.sebastian\",\"@id\":\"https:\/\/galleanosebastian.com.ar\/#\/schema\/person\/e9e053bc7d61b5b176e446bc0b052f9c\"},\"headline\":\"Deformidades del Pie:\",\"datePublished\":\"2024-11-18T20:36:00+00:00\",\"mainEntityOfPage\":{\"@id\":\"https:\/\/galleanosebastian.com.ar\/index.php\/2024\/11\/18\/deformidades-del-pie\/\"},\"wordCount\":1457,\"commentCount\":0,\"publisher\":{\"@id\":\"https:\/\/galleanosebastian.com.ar\/#\/schema\/person\/e9e053bc7d61b5b176e446bc0b052f9c\"},\"image\":{\"@id\":\"https:\/\/galleanosebastian.com.ar\/index.php\/2024\/11\/18\/deformidades-del-pie\/#primaryimage\"},\"thumbnailUrl\":\"https:\/\/galleanosebastian.com.ar\/wp-content\/uploads\/2024\/11\/4.jpg\",\"keywords\":[\"#Ortopedia\",\"bienestar f\u00edsico\",\"correcci\u00f3n postural\",\"deformidades del pie\",\"dolor en los pies\",\"fisiatr\u00eda\",\"kinesiolog\u00eda\",\"pie\",\"salud del pie\"],\"articleSection\":[\"Blog\",\"Prevenci\u00f3n\",\"Semiolog\u00eda\"],\"inLanguage\":\"es\",\"potentialAction\":[{\"@type\":\"CommentAction\",\"name\":\"Comment\",\"target\":[\"https:\/\/galleanosebastian.com.ar\/index.php\/2024\/11\/18\/deformidades-del-pie\/#respond\"]}]},{\"@type\":\"WebPage\",\"@id\":\"https:\/\/galleanosebastian.com.ar\/index.php\/2024\/11\/18\/deformidades-del-pie\/\",\"url\":\"https:\/\/galleanosebastian.com.ar\/index.php\/2024\/11\/18\/deformidades-del-pie\/\",\"name\":\"Deformidades del Pie: -\",\"isPartOf\":{\"@id\":\"https:\/\/galleanosebastian.com.ar\/#website\"},\"primaryImageOfPage\":{\"@id\":\"https:\/\/galleanosebastian.com.ar\/index.php\/2024\/11\/18\/deformidades-del-pie\/#primaryimage\"},\"image\":{\"@id\":\"https:\/\/galleanosebastian.com.ar\/index.php\/2024\/11\/18\/deformidades-del-pie\/#primaryimage\"},\"thumbnailUrl\":\"https:\/\/galleanosebastian.com.ar\/wp-content\/uploads\/2024\/11\/4.jpg\",\"datePublished\":\"2024-11-18T20:36:00+00:00\",\"breadcrumb\":{\"@id\":\"https:\/\/galleanosebastian.com.ar\/index.php\/2024\/11\/18\/deformidades-del-pie\/#breadcrumb\"},\"inLanguage\":\"es\",\"potentialAction\":[{\"@type\":\"ReadAction\",\"target\":[\"https:\/\/galleanosebastian.com.ar\/index.php\/2024\/11\/18\/deformidades-del-pie\/\"]}]},{\"@type\":\"ImageObject\",\"inLanguage\":\"es\",\"@id\":\"https:\/\/galleanosebastian.com.ar\/index.php\/2024\/11\/18\/deformidades-del-pie\/#primaryimage\",\"url\":\"https:\/\/galleanosebastian.com.ar\/wp-content\/uploads\/2024\/11\/4.jpg\",\"contentUrl\":\"https:\/\/galleanosebastian.com.ar\/wp-content\/uploads\/2024\/11\/4.jpg\",\"width\":1200,\"height\":675},{\"@type\":\"BreadcrumbList\",\"@id\":\"https:\/\/galleanosebastian.com.ar\/index.php\/2024\/11\/18\/deformidades-del-pie\/#breadcrumb\",\"itemListElement\":[{\"@type\":\"ListItem\",\"position\":1,\"name\":\"Home\",\"item\":\"https:\/\/galleanosebastian.com.ar\/\"},{\"@type\":\"ListItem\",\"position\":2,\"name\":\"Deformidades del Pie:\"}]},{\"@type\":\"WebSite\",\"@id\":\"https:\/\/galleanosebastian.com.ar\/#website\",\"url\":\"https:\/\/galleanosebastian.com.ar\/\",\"name\":\"Sebasti\u00e1n Pablo Galleano\",\"description\":\"\",\"publisher\":{\"@id\":\"https:\/\/galleanosebastian.com.ar\/#\/schema\/person\/e9e053bc7d61b5b176e446bc0b052f9c\"},\"potentialAction\":[{\"@type\":\"SearchAction\",\"target\":{\"@type\":\"EntryPoint\",\"urlTemplate\":\"https:\/\/galleanosebastian.com.ar\/?s={search_term_string}\"},\"query-input\":{\"@type\":\"PropertyValueSpecification\",\"valueRequired\":true,\"valueName\":\"search_term_string\"}}],\"inLanguage\":\"es\"},{\"@type\":[\"Person\",\"Organization\"],\"@id\":\"https:\/\/galleanosebastian.com.ar\/#\/schema\/person\/e9e053bc7d61b5b176e446bc0b052f9c\",\"name\":\"galleano.sebastian\",\"image\":{\"@type\":\"ImageObject\",\"inLanguage\":\"es\",\"@id\":\"https:\/\/galleanosebastian.com.ar\/#\/schema\/person\/image\/\",\"url\":\"https:\/\/galleanosebastian.com.ar\/wp-content\/uploads\/2023\/11\/cropped-Diseno-sin-titulo-6.png\",\"contentUrl\":\"https:\/\/galleanosebastian.com.ar\/wp-content\/uploads\/2023\/11\/cropped-Diseno-sin-titulo-6.png\",\"width\":250,\"height\":117,\"caption\":\"galleano.sebastian\"},\"logo\":{\"@id\":\"https:\/\/galleanosebastian.com.ar\/#\/schema\/person\/image\/\"},\"sameAs\":[\"https:\/\/galleanosebastian.com.ar\"],\"url\":\"https:\/\/galleanosebastian.com.ar\/index.php\/author\/galleano-sebastian\/\"}]}<\/script>\n<!-- \/ Yoast SEO plugin. -->","yoast_head_json":{"title":"Deformidades del Pie: -","robots":{"index":"index","follow":"follow","max-snippet":"max-snippet:-1","max-image-preview":"max-image-preview:large","max-video-preview":"max-video-preview:-1"},"canonical":"https:\/\/galleanosebastian.com.ar\/index.php\/2024\/11\/18\/deformidades-del-pie\/","og_locale":"es_ES","og_type":"article","og_title":"Deformidades del Pie: -","og_description":"Causas, Signos de Alerta y Cu\u00e1ndo Buscar Ayuda Profesional Hoy quiero hablarles de un tema que, aunque suele pasar desapercibido, tiene una gran importancia para nuestro bienestar: los cambios estructurales en el pie. Quiz\u00e1s alguna vez han notado molestias o alguna diferencia en la forma de sus pies, pero lo han atribuido al calzado o [&hellip;]","og_url":"https:\/\/galleanosebastian.com.ar\/index.php\/2024\/11\/18\/deformidades-del-pie\/","article_published_time":"2024-11-18T20:36:00+00:00","og_image":[{"width":1200,"height":675,"url":"https:\/\/galleanosebastian.com.ar\/wp-content\/uploads\/2024\/11\/4.jpg","type":"image\/jpeg"}],"author":"galleano.sebastian","twitter_card":"summary_large_image","twitter_misc":{"Escrito por":"galleano.sebastian","Tiempo de lectura":"7 minutos"},"schema":{"@context":"https:\/\/schema.org","@graph":[{"@type":"Article","@id":"https:\/\/galleanosebastian.com.ar\/index.php\/2024\/11\/18\/deformidades-del-pie\/#article","isPartOf":{"@id":"https:\/\/galleanosebastian.com.ar\/index.php\/2024\/11\/18\/deformidades-del-pie\/"},"author":{"name":"galleano.sebastian","@id":"https:\/\/galleanosebastian.com.ar\/#\/schema\/person\/e9e053bc7d61b5b176e446bc0b052f9c"},"headline":"Deformidades del Pie:","datePublished":"2024-11-18T20:36:00+00:00","mainEntityOfPage":{"@id":"https:\/\/galleanosebastian.com.ar\/index.php\/2024\/11\/18\/deformidades-del-pie\/"},"wordCount":1457,"commentCount":0,"publisher":{"@id":"https:\/\/galleanosebastian.com.ar\/#\/schema\/person\/e9e053bc7d61b5b176e446bc0b052f9c"},"image":{"@id":"https:\/\/galleanosebastian.com.ar\/index.php\/2024\/11\/18\/deformidades-del-pie\/#primaryimage"},"thumbnailUrl":"https:\/\/galleanosebastian.com.ar\/wp-content\/uploads\/2024\/11\/4.jpg","keywords":["#Ortopedia","bienestar f\u00edsico","correcci\u00f3n postural","deformidades del pie","dolor en los pies","fisiatr\u00eda","kinesiolog\u00eda","pie","salud del pie"],"articleSection":["Blog","Prevenci\u00f3n","Semiolog\u00eda"],"inLanguage":"es","potentialAction":[{"@type":"CommentAction","name":"Comment","target":["https:\/\/galleanosebastian.com.ar\/index.php\/2024\/11\/18\/deformidades-del-pie\/#respond"]}]},{"@type":"WebPage","@id":"https:\/\/galleanosebastian.com.ar\/index.php\/2024\/11\/18\/deformidades-del-pie\/","url":"https:\/\/galleanosebastian.com.ar\/index.php\/2024\/11\/18\/deformidades-del-pie\/","name":"Deformidades del Pie: -","isPartOf":{"@id":"https:\/\/galleanosebastian.com.ar\/#website"},"primaryImageOfPage":{"@id":"https:\/\/galleanosebastian.com.ar\/index.php\/2024\/11\/18\/deformidades-del-pie\/#primaryimage"},"image":{"@id":"https:\/\/galleanosebastian.com.ar\/index.php\/2024\/11\/18\/deformidades-del-pie\/#primaryimage"},"thumbnailUrl":"https:\/\/galleanosebastian.com.ar\/wp-content\/uploads\/2024\/11\/4.jpg","datePublished":"2024-11-18T20:36:00+00:00","breadcrumb":{"@id":"https:\/\/galleanosebastian.com.ar\/index.php\/2024\/11\/18\/deformidades-del-pie\/#breadcrumb"},"inLanguage":"es","potentialAction":[{"@type":"ReadAction","target":["https:\/\/galleanosebastian.com.ar\/index.php\/2024\/11\/18\/deformidades-del-pie\/"]}]},{"@type":"ImageObject","inLanguage":"es","@id":"https:\/\/galleanosebastian.com.ar\/index.php\/2024\/11\/18\/deformidades-del-pie\/#primaryimage","url":"https:\/\/galleanosebastian.com.ar\/wp-content\/uploads\/2024\/11\/4.jpg","contentUrl":"https:\/\/galleanosebastian.com.ar\/wp-content\/uploads\/2024\/11\/4.jpg","width":1200,"height":675},{"@type":"BreadcrumbList","@id":"https:\/\/galleanosebastian.com.ar\/index.php\/2024\/11\/18\/deformidades-del-pie\/#breadcrumb","itemListElement":[{"@type":"ListItem","position":1,"name":"Home","item":"https:\/\/galleanosebastian.com.ar\/"},{"@type":"ListItem","position":2,"name":"Deformidades del Pie:"}]},{"@type":"WebSite","@id":"https:\/\/galleanosebastian.com.ar\/#website","url":"https:\/\/galleanosebastian.com.ar\/","name":"Sebasti\u00e1n Pablo Galleano","description":"","publisher":{"@id":"https:\/\/galleanosebastian.com.ar\/#\/schema\/person\/e9e053bc7d61b5b176e446bc0b052f9c"},"potentialAction":[{"@type":"SearchAction","target":{"@type":"EntryPoint","urlTemplate":"https:\/\/galleanosebastian.com.ar\/?s={search_term_string}"},"query-input":{"@type":"PropertyValueSpecification","valueRequired":true,"valueName":"search_term_string"}}],"inLanguage":"es"},{"@type":["Person","Organization"],"@id":"https:\/\/galleanosebastian.com.ar\/#\/schema\/person\/e9e053bc7d61b5b176e446bc0b052f9c","name":"galleano.sebastian","image":{"@type":"ImageObject","inLanguage":"es","@id":"https:\/\/galleanosebastian.com.ar\/#\/schema\/person\/image\/","url":"https:\/\/galleanosebastian.com.ar\/wp-content\/uploads\/2023\/11\/cropped-Diseno-sin-titulo-6.png","contentUrl":"https:\/\/galleanosebastian.com.ar\/wp-content\/uploads\/2023\/11\/cropped-Diseno-sin-titulo-6.png","width":250,"height":117,"caption":"galleano.sebastian"},"logo":{"@id":"https:\/\/galleanosebastian.com.ar\/#\/schema\/person\/image\/"},"sameAs":["https:\/\/galleanosebastian.com.ar"],"url":"https:\/\/galleanosebastian.com.ar\/index.php\/author\/galleano-sebastian\/"}]}},"_links":{"self":[{"href":"https:\/\/galleanosebastian.com.ar\/index.php\/wp-json\/wp\/v2\/posts\/4162","targetHints":{"allow":["GET"]}}],"collection":[{"href":"https:\/\/galleanosebastian.com.ar\/index.php\/wp-json\/wp\/v2\/posts"}],"about":[{"href":"https:\/\/galleanosebastian.com.ar\/index.php\/wp-json\/wp\/v2\/types\/post"}],"author":[{"embeddable":true,"href":"https:\/\/galleanosebastian.com.ar\/index.php\/wp-json\/wp\/v2\/users\/1"}],"replies":[{"embeddable":true,"href":"https:\/\/galleanosebastian.com.ar\/index.php\/wp-json\/wp\/v2\/comments?post=4162"}],"version-history":[{"count":5,"href":"https:\/\/galleanosebastian.com.ar\/index.php\/wp-json\/wp\/v2\/posts\/4162\/revisions"}],"predecessor-version":[{"id":4168,"href":"https:\/\/galleanosebastian.com.ar\/index.php\/wp-json\/wp\/v2\/posts\/4162\/revisions\/4168"}],"wp:featuredmedia":[{"embeddable":true,"href":"https:\/\/galleanosebastian.com.ar\/index.php\/wp-json\/wp\/v2\/media\/4164"}],"wp:attachment":[{"href":"https:\/\/galleanosebastian.com.ar\/index.php\/wp-json\/wp\/v2\/media?parent=4162"}],"wp:term":[{"taxonomy":"category","embeddable":true,"href":"https:\/\/galleanosebastian.com.ar\/index.php\/wp-json\/wp\/v2\/categories?post=4162"},{"taxonomy":"post_tag","embeddable":true,"href":"https:\/\/galleanosebastian.com.ar\/index.php\/wp-json\/wp\/v2\/tags?post=4162"}],"curies":[{"name":"wp","href":"https:\/\/api.w.org\/{rel}","templated":true}]}}