{"id":4177,"date":"2024-12-02T22:13:00","date_gmt":"2024-12-02T21:13:00","guid":{"rendered":"https:\/\/galleanosebastian.com.ar\/?p=4177"},"modified":"2024-11-10T22:46:50","modified_gmt":"2024-11-10T21:46:50","slug":"osteodistrofias-de-crecimiento","status":"publish","type":"post","link":"https:\/\/galleanosebastian.com.ar\/index.php\/2024\/12\/02\/osteodistrofias-de-crecimiento\/","title":{"rendered":"Osteodistrofias de Crecimiento:"},"content":{"rendered":"\t\t<div data-elementor-type=\"wp-post\" data-elementor-id=\"4177\" class=\"elementor elementor-4177\">\n\t\t\t\t<div class=\"elementor-element elementor-element-132a633 e-flex e-con-boxed e-con e-parent\" data-id=\"132a633\" data-element_type=\"container\">\n\t\t\t\t\t<div class=\"e-con-inner\">\n\t\t\t\t<div class=\"elementor-element elementor-element-1483321 elementor-widget elementor-widget-heading\" data-id=\"1483321\" data-element_type=\"widget\" data-widget_type=\"heading.default\">\n\t\t\t\t<div class=\"elementor-widget-container\">\n\t\t\t\t\t<h1 class=\"elementor-heading-title elementor-size-default\">Entendiendo las Alteraciones \u00d3seas en la Infancia y Adolescencia<\/h1>\t\t\t\t<\/div>\n\t\t\t\t<\/div>\n\t\t\t\t<div class=\"elementor-element elementor-element-cf3941f elementor-widget elementor-widget-text-editor\" data-id=\"cf3941f\" data-element_type=\"widget\" data-widget_type=\"text-editor.default\">\n\t\t\t\t<div class=\"elementor-widget-container\">\n\t\t\t\t\t\t\t\t\t<p>Soy el Profesor <a href=\"https:\/\/galleanosebastian.com.ar\/\">Sebasti\u00e1n Pablo Galleano<\/a>, Licenciado en Kinesiolog\u00eda y Fisiatr\u00eda, y hoy quiero compartir un tema poco conocido pero muy importante: las osteodistrofias de crecimiento. Si bien el crecimiento es un proceso natural y generalmente sin complicaciones, algunos ni\u00f1os y adolescentes experimentan alteraciones en el desarrollo de sus huesos, las cuales pueden afectar su salud y calidad de vida. Pero, \u00bfqu\u00e9 tan comunes son estas alteraciones? \u00bfY c\u00f3mo pueden impactar a largo plazo en quienes las padecen?<\/p><p>Voy a desglosar qu\u00e9 son exactamente las osteodistrofias de crecimiento, sus tipos m\u00e1s frecuentes, las causas y c\u00f3mo detectarlas a tiempo. Este conocimiento es clave, ya que un diagn\u00f3stico temprano puede marcar la diferencia en la salud futura de los ni\u00f1os y adolescentes.<\/p><h3>\u00bfQu\u00e9 Son las Osteodistrofias de Crecimiento?<\/h3><p>Las <a href=\"https:\/\/ambitokinesico.com.ar\/\">osteodistrofias<\/a> de crecimiento son un grupo de trastornos \u00f3seos que afectan principalmente a ni\u00f1os y adolescentes en pleno desarrollo. En t\u00e9rminos sencillos, son alteraciones en la formaci\u00f3n o el crecimiento de los huesos, que pueden hacer que estos sean m\u00e1s fr\u00e1giles, menos densos o que no crezcan adecuadamente. A diferencia de otras afecciones \u00f3seas, las osteodistrofias est\u00e1n directamente relacionadas con el proceso de crecimiento, y suelen manifestarse cuando los huesos no reciben los nutrientes necesarios o cuando el cuerpo no los asimila correctamente.<\/p><p>El esqueleto de un ni\u00f1o est\u00e1 en constante desarrollo, y cualquier desequilibrio en el metabolismo \u00f3seo puede tener efectos significativos en la estructura \u00f3sea. Estas alteraciones no solo afectan la apariencia f\u00edsica, sino que tambi\u00e9n pueden causar dolor, limitaci\u00f3n en los movimientos y, en algunos casos, deformidades permanentes.<\/p><h3>Tipos Comunes de Osteodistrofias de Crecimiento<\/h3><p>Existen diferentes tipos de <a href=\"https:\/\/www.instagram.com\/ambitokinesico\/\">osteodistrofias<\/a> de crecimiento, cada una con caracter\u00edsticas y consecuencias espec\u00edficas. A continuaci\u00f3n, menciono las m\u00e1s comunes y c\u00f3mo impactan el desarrollo infantil:<\/p><ol><li><p><strong>Enfermedad de Blount<\/strong>: Esta condici\u00f3n causa un crecimiento anormal en la tibia, el hueso largo de la pierna, lo que provoca una curvatura en las piernas. La enfermedad de Blount es m\u00e1s frecuente en ni\u00f1os peque\u00f1os y adolescentes, y suele empeorar si no se trata adecuadamente.<\/p><\/li><li><p><strong>Raquitismo<\/strong>: El raquitismo es una de las osteodistrofias m\u00e1s conocidas, y se caracteriza por una deficiencia de vitamina D, calcio o f\u00f3sforo, lo que causa que los huesos se vuelvan blandos y d\u00e9biles. Esta condici\u00f3n afecta especialmente a ni\u00f1os en crecimiento y puede provocar deformidades en las piernas y dolor en los huesos.<\/p><\/li><li><p><strong>Osteog\u00e9nesis Imperfecta<\/strong>: Tambi\u00e9n conocida como \u201cenfermedad de los huesos de cristal,\u201d esta condici\u00f3n gen\u00e9tica provoca una fragilidad extrema en los huesos, lo que los hace propensos a fracturarse con facilidad. La osteog\u00e9nesis imperfecta afecta el desarrollo \u00f3seo desde edades tempranas y suele requerir cuidados espec\u00edficos.<\/p><\/li><li><p><strong>Displasia Fibrosa<\/strong>: Es una condici\u00f3n en la que el tejido \u00f3seo normal es reemplazado por tejido fibroso, lo cual debilita los huesos y altera su forma. Suele aparecer en la infancia o adolescencia y afecta de manera irregular el crecimiento, generando asimetr\u00eda y molestias.<\/p><\/li><li><p><strong>Hipocondroplasia<\/strong>: Este trastorno del crecimiento \u00f3seo es una forma leve de enanismo, donde los huesos largos no crecen como deber\u00edan, afectando la estatura final de quien la padece. La hipocondroplasia puede tener un impacto f\u00edsico y emocional significativo, especialmente en la adolescencia.<\/p><\/li><\/ol><h3>Causas de las Osteodistrofias de Crecimiento<\/h3><p>Las causas de las osteodistrofias de crecimiento son variadas y pueden incluir factores gen\u00e9ticos, deficiencias nutricionales y problemas en el metabolismo. A continuaci\u00f3n, explico algunos de los factores m\u00e1s comunes:<\/p><ol><li><p><strong>Gen\u00e9tica<\/strong>: Algunas osteodistrofias, como la osteog\u00e9nesis imperfecta, son hereditarias y pueden transmitirse de padres a hijos. Estas condiciones suelen detectarse a edades tempranas y requieren de un seguimiento m\u00e9dico constante.<\/p><\/li><li><p><strong>Deficiencia de Nutrientes<\/strong>: El calcio, la vitamina D y el f\u00f3sforo son esenciales para la formaci\u00f3n \u00f3sea. La falta de estos nutrientes, ya sea por una dieta inadecuada o problemas de absorci\u00f3n, puede llevar al desarrollo de enfermedades como el raquitismo.<\/p><\/li><li><p><strong>Problemas Hormonales<\/strong>: Las hormonas juegan un papel clave en el crecimiento \u00f3seo. Alteraciones en las hormonas del crecimiento, paratiroideas y tiroides pueden impactar en la salud de los huesos, ralentizando su desarrollo o afectando su resistencia.<\/p><\/li><li><p><strong>Factores Ambientales<\/strong>: La falta de exposici\u00f3n al sol puede generar una baja en los niveles de vitamina D, aumentando el riesgo de raquitismo. Adem\u00e1s, el sedentarismo y la falta de actividad f\u00edsica pueden debilitar los huesos, afectando su densidad y fuerza.<\/p><\/li><\/ol><h3>S\u00edntomas y Se\u00f1ales de Alerta en las Osteodistrofias<\/h3><p>Los s\u00edntomas de las <a href=\"https:\/\/www.youtube.com\/watch?v=WGSy-wfz-g8&amp;list=PLqbYI7HO688ccbl8cIpqYPQ2hXKuEa5Ad&amp;index=3\">osteodistrofias<\/a> var\u00edan seg\u00fan el tipo y la severidad de la condici\u00f3n. Sin embargo, hay ciertas se\u00f1ales a las que los padres y cuidadores deben prestar atenci\u00f3n, ya que pueden ser indicios de problemas en el desarrollo \u00f3seo:<\/p><ul><li><strong>Dolor \u00f3seo persistente<\/strong>: Aunque los dolores de crecimiento son normales en la infancia, un dolor que se mantiene o empeora con el tiempo puede indicar un problema mayor.<\/li><li><strong>Deformidades visibles<\/strong>: La curvatura de las piernas o una asimetr\u00eda en el crecimiento son se\u00f1ales claras de que algo no est\u00e1 bien en el desarrollo \u00f3seo.<\/li><li><strong>Fracturas frecuentes<\/strong>: Si un ni\u00f1o sufre fracturas con facilidad, especialmente en situaciones de bajo impacto, es importante investigar si hay una alteraci\u00f3n en la calidad de sus huesos.<\/li><li><strong>Retraso en el crecimiento<\/strong>: Si el ni\u00f1o presenta un crecimiento menor al esperado para su edad, puede ser una se\u00f1al de que sus huesos no se est\u00e1n desarrollando adecuadamente.<\/li><li><strong>Dificultad para realizar actividades f\u00edsicas<\/strong>: Los ni\u00f1os con osteodistrofias suelen presentar problemas al correr, saltar o realizar actividades que demandan esfuerzo f\u00edsico.<\/li><\/ul><h3>Diagn\u00f3stico de las Osteodistrofias de Crecimiento<\/h3><p>Para diagnosticar una osteodistrofia de crecimiento, los profesionales de la salud realizamos evaluaciones cl\u00ednicas que incluyen estudios de imagen y an\u00e1lisis de sangre para verificar los niveles de calcio, f\u00f3sforo y vitamina D. Tambi\u00e9n es importante evaluar el historial familiar, ya que algunas condiciones pueden ser hereditarias. En ocasiones, se realizan pruebas gen\u00e9ticas para confirmar diagn\u00f3sticos en casos de osteodistrofias cong\u00e9nitas.<\/p><p>Un diagn\u00f3stico temprano es clave para prevenir complicaciones mayores y para brindar el tratamiento adecuado. Con frecuencia, los padres o los mismos adolescentes detectan cambios en su cuerpo, y un seguimiento profesional ayuda a abordar los problemas desde su inicio.<\/p><h3>Tratamiento y Cuidados para las Osteodistrofias<\/h3><p>El tratamiento para las osteodistrofias de crecimiento var\u00eda seg\u00fan el tipo de condici\u00f3n, la edad del paciente y el estado de los huesos. A continuaci\u00f3n, se mencionan algunas estrategias terap\u00e9uticas comunes:<\/p><ul><li><p><strong>Suplementaci\u00f3n y Nutrici\u00f3n<\/strong>: La incorporaci\u00f3n de suplementos de calcio y vitamina D es esencial para tratar casos de raquitismo y otros d\u00e9ficits. Asimismo, una dieta rica en nutrientes ayuda a fortalecer los huesos y a optimizar el crecimiento.<\/p><\/li><li><p><strong>Fisioterapia y Kinesiolog\u00eda<\/strong>: En muchas osteodistrofias, la fisioterapia juega un rol fundamental. Los ejercicios espec\u00edficos para fortalecer los m\u00fasculos alrededor de los huesos afectados ayudan a mejorar la movilidad y reducir el dolor. Como kinesi\u00f3logo, puedo decirles que estas terapias, cuando se personalizan, logran un gran impacto en la calidad de vida de los ni\u00f1os y adolescentes.<\/p><\/li><li><p><strong>Ortopedia<\/strong>: En algunos casos, se utilizan dispositivos ortop\u00e9dicos para corregir deformidades o para facilitar el crecimiento adecuado de los huesos. Estos dispositivos pueden incluir soportes para piernas o plantillas especiales.<\/p><\/li><li><p><strong>Terapia hormonal<\/strong>: En ni\u00f1os con problemas hormonales, el tratamiento puede incluir hormonas de crecimiento u otros medicamentos que estimulen el desarrollo \u00f3seo.<\/p><\/li><li><p><strong>Cirug\u00eda<\/strong>: En casos graves donde las deformidades afectan la funcionalidad o provocan dolor intenso, la cirug\u00eda puede ser necesaria. Esta opci\u00f3n se eval\u00faa de manera muy cuidadosa y solo se recomienda cuando otros tratamientos no han sido efectivos.<\/p><\/li><\/ul><h3>Prevenci\u00f3n y Recomendaciones para el Cuidado \u00d3seo<\/h3><p>Existen formas de prevenir ciertas osteodistrofias o reducir su impacto a trav\u00e9s de cuidados espec\u00edficos. A continuaci\u00f3n, comparto algunos consejos \u00fatiles:<\/p><ul><li><strong>Alimentaci\u00f3n balanceada<\/strong>: Incluir alimentos ricos en calcio, como l\u00e1cteos, vegetales de hoja verde y pescados, ayuda a mantener huesos fuertes.<\/li><li><strong>Exposici\u00f3n al sol<\/strong>: La vitamina D, que se sintetiza con la luz solar, es esencial para la salud \u00f3sea. Un tiempo moderado al sol, con protecci\u00f3n adecuada, es beneficioso.<\/li><li><strong>Actividad f\u00edsica regular<\/strong>: Estimular el desarrollo \u00f3seo a trav\u00e9s del ejercicio fortalece los huesos y ayuda a prevenir problemas en el futuro.<\/li><\/ul><p><em>Las osteodistrofias de crecimiento son condiciones que requieren de atenci\u00f3n y cuidado desde el inicio. La detecci\u00f3n temprana y el tratamiento adecuado pueden marcar una gran diferencia en el desarrollo \u00f3seo de los ni\u00f1os y adolescentes. Como profesional de la kinesiolog\u00eda, estoy aqu\u00ed para ayudar y acompa\u00f1ar en este proceso, brindando herramientas y soluciones que mejoren la calidad de vida de mis pacientes. Si sospechan de alg\u00fan problema de crecimiento o tienen preguntas, no duden en consultarme para una evaluaci\u00f3n.<\/em><\/p><p><strong>Profesor Sebasti\u00e1n Pablo Galleano<\/strong><\/p>\t\t\t\t\t\t\t\t<\/div>\n\t\t\t\t<\/div>\n\t\t\t\t<div class=\"elementor-element elementor-element-9d47526 elementor-grid-eael-col-4 elementor-grid-tablet-eael-col-2 elementor-grid-mobile-eael-col-1 elementor-widget elementor-widget-eael-post-grid\" data-id=\"9d47526\" data-element_type=\"widget\" data-settings=\"{&quot;eael_post_grid_columns&quot;:&quot;eael-col-4&quot;,&quot;eael_post_grid_columns_tablet&quot;:&quot;eael-col-2&quot;,&quot;eael_post_grid_columns_mobile&quot;:&quot;eael-col-1&quot;}\" data-widget_type=\"eael-post-grid.default\">\n\t\t\t\t<div class=\"elementor-widget-container\">\n\t\t\t\t\t<div id=\"eael-post-grid-9d47526\" class=\"eael-post-grid-container\">\n            <div class=\"eael-post-grid eael-post-appender eael-post-appender-9d47526 eael-post-grid-style-one\" data-layout-mode=\"masonry\"><article class=\"eael-grid-post eael-post-grid-column\" data-id=\"4768\">\n        <div class=\"eael-grid-post-holder\">\n            <div class=\"eael-grid-post-holder-inner\"><div class=\"eael-entry-media\"><div class=\"eael-entry-overlay fade-in\"><i class=\"fas fa-long-arrow-alt-right\" aria-hidden=\"true\"><\/i><a href=\"https:\/\/galleanosebastian.com.ar\/index.php\/2025\/09\/02\/rehabilitacion-de-cervicalgia-en-adultos-con-sobrepeso\/\"><\/a><\/div><div class=\"eael-entry-thumbnail \">\n                <img fetchpriority=\"high\" decoding=\"async\" width=\"300\" height=\"169\" src=\"https:\/\/galleanosebastian.com.ar\/wp-content\/uploads\/2025\/09\/63-300x169.jpg\" class=\"attachment-medium size-medium wp-image-4776\" alt=\"\" srcset=\"https:\/\/galleanosebastian.com.ar\/wp-content\/uploads\/2025\/09\/63-300x169.jpg 300w, https:\/\/galleanosebastian.com.ar\/wp-content\/uploads\/2025\/09\/63-1024x576.jpg 1024w, https:\/\/galleanosebastian.com.ar\/wp-content\/uploads\/2025\/09\/63-768x432.jpg 768w, https:\/\/galleanosebastian.com.ar\/wp-content\/uploads\/2025\/09\/63-1536x864.jpg 1536w, https:\/\/galleanosebastian.com.ar\/wp-content\/uploads\/2025\/09\/63.jpg 1600w\" sizes=\"(max-width: 300px) 100vw, 300px\" \/>\n            <\/div>\n        <\/div><div class=\"eael-entry-wrapper\"><header class=\"eael-entry-header\"><h4 class=\"eael-entry-title\"><a\n                        class=\"eael-grid-post-link\"\n                        href=\"https:\/\/galleanosebastian.com.ar\/index.php\/2025\/09\/02\/rehabilitacion-de-cervicalgia-en-adultos-con-sobrepeso\/\"\n                        title=\"Rehabilitaci\u00f3n de cervicalgia en adultos con sobrepeso\">Rehabilitaci\u00f3n de cervicalgia en adultos con sobrepeso<\/a><\/h4><\/header><div class=\"eael-entry-content\">\n                        <div class=\"eael-grid-post-excerpt\"><p>C\u00f3mo abordar la cervicalgia mec\u00e1nica en adultos con sobrepeso y...<\/p><a href=\"https:\/\/galleanosebastian.com.ar\/index.php\/2025\/09\/02\/rehabilitacion-de-cervicalgia-en-adultos-con-sobrepeso\/\" class=\"eael-post-elements-readmore-btn\">Read More<\/a><\/div>\n                    <\/div><div class=\"eael-entry-footer\"><div class=\"eael-author-avatar\"><a href=\"https:\/\/galleanosebastian.com.ar\/index.php\/author\/galleano-sebastian\/\"><img alt='galleano.sebastian' src='https:\/\/secure.gravatar.com\/avatar\/696976b010028a9cf4df4a37738269e5?s=96&#038;d=mm&#038;r=g' srcset='https:\/\/secure.gravatar.com\/avatar\/696976b010028a9cf4df4a37738269e5?s=192&#038;d=mm&#038;r=g 2x' class='avatar avatar-96 photo' height='96' width='96' \/><\/a><\/div><div class=\"eael-entry-meta\"><span class=\"eael-posted-by\"><a href=\"https:\/\/galleanosebastian.com.ar\/index.php\/author\/galleano-sebastian\/\" title=\"Entradas de galleano.sebastian\" rel=\"author\">galleano.sebastian<\/a><\/span><span class=\"eael-posted-on\"><time datetime=\"2 de septiembre de 2025\">2 de septiembre de 2025<\/time><\/span><\/div><\/div><\/div><\/div>\n        <\/div>\n    <\/article><article class=\"eael-grid-post eael-post-grid-column\" data-id=\"4763\">\n        <div class=\"eael-grid-post-holder\">\n            <div class=\"eael-grid-post-holder-inner\"><div class=\"eael-entry-media\"><div class=\"eael-entry-overlay fade-in\"><i class=\"fas fa-long-arrow-alt-right\" aria-hidden=\"true\"><\/i><a href=\"https:\/\/galleanosebastian.com.ar\/index.php\/2025\/08\/26\/rehabilitacion-de-lumbalgia-en-adultos-con-sobrepeso\/\"><\/a><\/div><div class=\"eael-entry-thumbnail \">\n                <img decoding=\"async\" width=\"300\" height=\"169\" src=\"https:\/\/galleanosebastian.com.ar\/wp-content\/uploads\/2025\/09\/61-300x169.jpg\" class=\"attachment-medium size-medium wp-image-4774\" alt=\"\" srcset=\"https:\/\/galleanosebastian.com.ar\/wp-content\/uploads\/2025\/09\/61-300x169.jpg 300w, https:\/\/galleanosebastian.com.ar\/wp-content\/uploads\/2025\/09\/61-1024x576.jpg 1024w, https:\/\/galleanosebastian.com.ar\/wp-content\/uploads\/2025\/09\/61-768x432.jpg 768w, https:\/\/galleanosebastian.com.ar\/wp-content\/uploads\/2025\/09\/61-1536x864.jpg 1536w, https:\/\/galleanosebastian.com.ar\/wp-content\/uploads\/2025\/09\/61.jpg 1600w\" sizes=\"(max-width: 300px) 100vw, 300px\" \/>\n            <\/div>\n        <\/div><div class=\"eael-entry-wrapper\"><header class=\"eael-entry-header\"><h4 class=\"eael-entry-title\"><a\n                        class=\"eael-grid-post-link\"\n                        href=\"https:\/\/galleanosebastian.com.ar\/index.php\/2025\/08\/26\/rehabilitacion-de-lumbalgia-en-adultos-con-sobrepeso\/\"\n                        title=\"Rehabilitaci\u00f3n de lumbalgia en adultos con sobrepeso\">Rehabilitaci\u00f3n de lumbalgia en adultos con sobrepeso<\/a><\/h4><\/header><div class=\"eael-entry-content\">\n                        <div class=\"eael-grid-post-excerpt\"><p>Rehabilitaci\u00f3n de lumbalgia en adultos con sobrepeso: c\u00f3mo recuperar bienestar...<\/p><a href=\"https:\/\/galleanosebastian.com.ar\/index.php\/2025\/08\/26\/rehabilitacion-de-lumbalgia-en-adultos-con-sobrepeso\/\" class=\"eael-post-elements-readmore-btn\">Read More<\/a><\/div>\n                    <\/div><div class=\"eael-entry-footer\"><div class=\"eael-author-avatar\"><a href=\"https:\/\/galleanosebastian.com.ar\/index.php\/author\/galleano-sebastian\/\"><img alt='galleano.sebastian' src='https:\/\/secure.gravatar.com\/avatar\/696976b010028a9cf4df4a37738269e5?s=96&#038;d=mm&#038;r=g' srcset='https:\/\/secure.gravatar.com\/avatar\/696976b010028a9cf4df4a37738269e5?s=192&#038;d=mm&#038;r=g 2x' class='avatar avatar-96 photo' height='96' width='96' \/><\/a><\/div><div class=\"eael-entry-meta\"><span class=\"eael-posted-by\"><a href=\"https:\/\/galleanosebastian.com.ar\/index.php\/author\/galleano-sebastian\/\" title=\"Entradas de galleano.sebastian\" rel=\"author\">galleano.sebastian<\/a><\/span><span class=\"eael-posted-on\"><time datetime=\"26 de agosto de 2025\">26 de agosto de 2025<\/time><\/span><\/div><\/div><\/div><\/div>\n        <\/div>\n    <\/article><article class=\"eael-grid-post eael-post-grid-column\" data-id=\"4757\">\n        <div class=\"eael-grid-post-holder\">\n            <div class=\"eael-grid-post-holder-inner\"><div class=\"eael-entry-media\"><div class=\"eael-entry-overlay fade-in\"><i class=\"fas fa-long-arrow-alt-right\" aria-hidden=\"true\"><\/i><a href=\"https:\/\/galleanosebastian.com.ar\/index.php\/2025\/08\/20\/rehabilitacion-de-rodillas-en-adultos-con-sobrepeso-y-dolor\/\"><\/a><\/div><div class=\"eael-entry-thumbnail \">\n                <img decoding=\"async\" width=\"300\" height=\"169\" src=\"https:\/\/galleanosebastian.com.ar\/wp-content\/uploads\/2025\/09\/65-300x169.jpg\" class=\"attachment-medium size-medium wp-image-4778\" alt=\"\" srcset=\"https:\/\/galleanosebastian.com.ar\/wp-content\/uploads\/2025\/09\/65-300x169.jpg 300w, https:\/\/galleanosebastian.com.ar\/wp-content\/uploads\/2025\/09\/65-1024x576.jpg 1024w, https:\/\/galleanosebastian.com.ar\/wp-content\/uploads\/2025\/09\/65-768x432.jpg 768w, https:\/\/galleanosebastian.com.ar\/wp-content\/uploads\/2025\/09\/65-1536x864.jpg 1536w, https:\/\/galleanosebastian.com.ar\/wp-content\/uploads\/2025\/09\/65.jpg 1600w\" sizes=\"(max-width: 300px) 100vw, 300px\" \/>\n            <\/div>\n        <\/div><div class=\"eael-entry-wrapper\"><header class=\"eael-entry-header\"><h4 class=\"eael-entry-title\"><a\n                        class=\"eael-grid-post-link\"\n                        href=\"https:\/\/galleanosebastian.com.ar\/index.php\/2025\/08\/20\/rehabilitacion-de-rodillas-en-adultos-con-sobrepeso-y-dolor\/\"\n                        title=\"Rehabilitaci\u00f3n de rodillas en adultos con sobrepeso y dolor\">Rehabilitaci\u00f3n de rodillas en adultos con sobrepeso y dolor<\/a><\/h4><\/header><div class=\"eael-entry-content\">\n                        <div class=\"eael-grid-post-excerpt\"><p>C\u00f3mo recuper\u00e9 movilidad y bienestar con rehabilitaci\u00f3n de rodillas en...<\/p><a href=\"https:\/\/galleanosebastian.com.ar\/index.php\/2025\/08\/20\/rehabilitacion-de-rodillas-en-adultos-con-sobrepeso-y-dolor\/\" class=\"eael-post-elements-readmore-btn\">Read More<\/a><\/div>\n                    <\/div><div class=\"eael-entry-footer\"><div class=\"eael-author-avatar\"><a href=\"https:\/\/galleanosebastian.com.ar\/index.php\/author\/galleano-sebastian\/\"><img alt='galleano.sebastian' src='https:\/\/secure.gravatar.com\/avatar\/696976b010028a9cf4df4a37738269e5?s=96&#038;d=mm&#038;r=g' srcset='https:\/\/secure.gravatar.com\/avatar\/696976b010028a9cf4df4a37738269e5?s=192&#038;d=mm&#038;r=g 2x' class='avatar avatar-96 photo' height='96' width='96' \/><\/a><\/div><div class=\"eael-entry-meta\"><span class=\"eael-posted-by\"><a href=\"https:\/\/galleanosebastian.com.ar\/index.php\/author\/galleano-sebastian\/\" title=\"Entradas de galleano.sebastian\" rel=\"author\">galleano.sebastian<\/a><\/span><span class=\"eael-posted-on\"><time datetime=\"20 de agosto de 2025\">20 de agosto de 2025<\/time><\/span><\/div><\/div><\/div><\/div>\n        <\/div>\n    <\/article><article class=\"eael-grid-post eael-post-grid-column\" data-id=\"4749\">\n        <div class=\"eael-grid-post-holder\">\n            <div class=\"eael-grid-post-holder-inner\"><div class=\"eael-entry-media\"><div class=\"eael-entry-overlay fade-in\"><i class=\"fas fa-long-arrow-alt-right\" aria-hidden=\"true\"><\/i><a href=\"https:\/\/galleanosebastian.com.ar\/index.php\/2025\/07\/30\/fractura-de-muneca-en-adultos-mayores-como-recuperarse\/\"><\/a><\/div><div class=\"eael-entry-thumbnail \">\n                <img loading=\"lazy\" decoding=\"async\" width=\"300\" height=\"169\" src=\"https:\/\/galleanosebastian.com.ar\/wp-content\/uploads\/2025\/06\/1-4-300x169.jpg\" class=\"attachment-medium size-medium wp-image-4751\" alt=\"\" srcset=\"https:\/\/galleanosebastian.com.ar\/wp-content\/uploads\/2025\/06\/1-4-300x169.jpg 300w, https:\/\/galleanosebastian.com.ar\/wp-content\/uploads\/2025\/06\/1-4-1024x576.jpg 1024w, https:\/\/galleanosebastian.com.ar\/wp-content\/uploads\/2025\/06\/1-4-768x432.jpg 768w, https:\/\/galleanosebastian.com.ar\/wp-content\/uploads\/2025\/06\/1-4-1536x864.jpg 1536w, https:\/\/galleanosebastian.com.ar\/wp-content\/uploads\/2025\/06\/1-4.jpg 1920w\" sizes=\"(max-width: 300px) 100vw, 300px\" \/>\n            <\/div>\n        <\/div><div class=\"eael-entry-wrapper\"><header class=\"eael-entry-header\"><h4 class=\"eael-entry-title\"><a\n                        class=\"eael-grid-post-link\"\n                        href=\"https:\/\/galleanosebastian.com.ar\/index.php\/2025\/07\/30\/fractura-de-muneca-en-adultos-mayores-como-recuperarse\/\"\n                        title=\"Fractura de mu\u00f1eca en adultos mayores: c\u00f3mo recuperarse\">Fractura de mu\u00f1eca en adultos mayores: c\u00f3mo recuperarse<\/a><\/h4><\/header><div class=\"eael-entry-content\">\n                        <div class=\"eael-grid-post-excerpt\"><p>Fractura de mu\u00f1eca en adultos mayores: c\u00f3mo acompa\u00f1amos la recuperaci\u00f3n...<\/p><a href=\"https:\/\/galleanosebastian.com.ar\/index.php\/2025\/07\/30\/fractura-de-muneca-en-adultos-mayores-como-recuperarse\/\" class=\"eael-post-elements-readmore-btn\">Read More<\/a><\/div>\n                    <\/div><div class=\"eael-entry-footer\"><div class=\"eael-author-avatar\"><a href=\"https:\/\/galleanosebastian.com.ar\/index.php\/author\/galleano-sebastian\/\"><img alt='galleano.sebastian' src='https:\/\/secure.gravatar.com\/avatar\/696976b010028a9cf4df4a37738269e5?s=96&#038;d=mm&#038;r=g' srcset='https:\/\/secure.gravatar.com\/avatar\/696976b010028a9cf4df4a37738269e5?s=192&#038;d=mm&#038;r=g 2x' class='avatar avatar-96 photo' height='96' width='96' \/><\/a><\/div><div class=\"eael-entry-meta\"><span class=\"eael-posted-by\"><a href=\"https:\/\/galleanosebastian.com.ar\/index.php\/author\/galleano-sebastian\/\" title=\"Entradas de galleano.sebastian\" rel=\"author\">galleano.sebastian<\/a><\/span><span class=\"eael-posted-on\"><time datetime=\"30 de julio de 2025\">30 de julio de 2025<\/time><\/span><\/div><\/div><\/div><\/div>\n        <\/div>\n    <\/article><\/div>\n            <div class=\"clearfix\"><\/div>\n        <\/div>            <div class=\"eael-load-more-button-wrap eael-force-hide\">\n                <button class=\"eael-load-more-button\" id=\"eael-load-more-btn-9d47526\" data-widget-id=\"9d47526\" data-widget=\"9d47526\" data-page-id=\"4177\" data-template=\"{&quot;dir&quot;:&quot;lite&quot;,&quot;file_name&quot;:&quot;default.php&quot;,&quot;name&quot;:&quot;Post-Grid&quot;}\" data-class=\"Essential_Addons_Elementor\\Elements\\Post_Grid\" data-layout=\"masonry\" data-page=\"1\" data-args=\"orderby=date&amp;order=desc&amp;ignore_sticky_posts=1&amp;post_status=publish&amp;posts_per_page=4&amp;offset=0&amp;post_type=post\" data-max-page=\"42\">\n                    <span class=\"eael-btn-loader button__loader\"><\/span>\n                    <span class=\"eael_load_more_text\">Load More<\/span>\n                <\/button>\n            <\/div>\n            \t\t\t\t<\/div>\n\t\t\t\t<\/div>\n\t\t\t\t\t<\/div>\n\t\t\t\t<\/div>\n\t\t\t\t<\/div>\n\t\t","protected":false},"excerpt":{"rendered":"<p>Entendiendo las Alteraciones \u00d3seas en la Infancia y Adolescencia Soy el Profesor Sebasti\u00e1n Pablo Galleano, Licenciado en Kinesiolog\u00eda y Fisiatr\u00eda, y hoy quiero compartir un tema poco conocido pero muy importante: las osteodistrofias de crecimiento. Si bien el crecimiento es un proceso natural y generalmente sin complicaciones, algunos ni\u00f1os y adolescentes experimentan alteraciones en el [&hellip;]<\/p>\n","protected":false},"author":1,"featured_media":4179,"comment_status":"open","ping_status":"open","sticky":false,"template":"","format":"standard","meta":{"site-sidebar-layout":"default","site-content-layout":"","ast-site-content-layout":"","site-content-style":"default","site-sidebar-style":"default","ast-global-header-display":"","ast-banner-title-visibility":"","ast-main-header-display":"","ast-hfb-above-header-display":"","ast-hfb-below-header-display":"","ast-hfb-mobile-header-display":"","site-post-title":"","ast-breadcrumbs-content":"","ast-featured-img":"","footer-sml-layout":"","theme-transparent-header-meta":"","adv-header-id-meta":"","stick-header-meta":"","header-above-stick-meta":"","header-main-stick-meta":"","header-below-stick-meta":"","astra-migrate-meta-layouts":"default","ast-page-background-enabled":"default","ast-page-background-meta":{"desktop":{"background-color":"var(--ast-global-color-4)","background-image":"","background-repeat":"repeat","background-position":"center center","background-size":"auto","background-attachment":"scroll","background-type":"","background-media":"","overlay-type":"","overlay-color":"","overlay-opacity":"","overlay-gradient":""},"tablet":{"background-color":"","background-image":"","background-repeat":"repeat","background-position":"center center","background-size":"auto","background-attachment":"scroll","background-type":"","background-media":"","overlay-type":"","overlay-color":"","overlay-opacity":"","overlay-gradient":""},"mobile":{"background-color":"","background-image":"","background-repeat":"repeat","background-position":"center center","background-size":"auto","background-attachment":"scroll","background-type":"","background-media":"","overlay-type":"","overlay-color":"","overlay-opacity":"","overlay-gradient":""}},"ast-content-background-meta":{"desktop":{"background-color":"var(--ast-global-color-5)","background-image":"","background-repeat":"repeat","background-position":"center center","background-size":"auto","background-attachment":"scroll","background-type":"","background-media":"","overlay-type":"","overlay-color":"","overlay-opacity":"","overlay-gradient":""},"tablet":{"background-color":"var(--ast-global-color-5)","background-image":"","background-repeat":"repeat","background-position":"center center","background-size":"auto","background-attachment":"scroll","background-type":"","background-media":"","overlay-type":"","overlay-color":"","overlay-opacity":"","overlay-gradient":""},"mobile":{"background-color":"var(--ast-global-color-5)","background-image":"","background-repeat":"repeat","background-position":"center center","background-size":"auto","background-attachment":"scroll","background-type":"","background-media":"","overlay-type":"","overlay-color":"","overlay-opacity":"","overlay-gradient":""}},"footnotes":"","_wpscppro_custom_social_share_image":0,"_facebook_share_type":"default","_twitter_share_type":"default","_linkedin_share_type":"default","_pinterest_share_type":"default","_linkedin_share_type_page":"","_instagram_share_type":"default","_medium_share_type":"","_threads_share_type":"","_selected_social_profile":null},"categories":[2,1,6,7],"tags":[96,496,497,486,54,495,499,145,498],"class_list":["post-4177","post","type-post","status-publish","format-standard","has-post-thumbnail","hentry","category-asistencia","category-blog","category-prevencion","category-semiologia","tag-bienestar-fisico","tag-crecimiento-oseo","tag-deformidades-oseas","tag-fisiatria","tag-kinesiologia","tag-osteodistrofias-de-crecimiento","tag-pediatria","tag-salud-osea","tag-trastornos-del-crecimiento"],"yoast_head":"<!-- This site is optimized with the Yoast SEO plugin v24.6 - https:\/\/yoast.com\/wordpress\/plugins\/seo\/ -->\n<title>Osteodistrofias de Crecimiento: -<\/title>\n<meta name=\"robots\" content=\"index, follow, max-snippet:-1, max-image-preview:large, max-video-preview:-1\" \/>\n<link rel=\"canonical\" href=\"https:\/\/galleanosebastian.com.ar\/index.php\/2024\/12\/02\/osteodistrofias-de-crecimiento\/\" \/>\n<meta property=\"og:locale\" content=\"es_ES\" \/>\n<meta property=\"og:type\" content=\"article\" \/>\n<meta property=\"og:title\" content=\"Osteodistrofias de Crecimiento: -\" \/>\n<meta property=\"og:description\" content=\"Entendiendo las Alteraciones \u00d3seas en la Infancia y Adolescencia Soy el Profesor Sebasti\u00e1n Pablo Galleano, Licenciado en Kinesiolog\u00eda y Fisiatr\u00eda, y hoy quiero compartir un tema poco conocido pero muy importante: las osteodistrofias de crecimiento. Si bien el crecimiento es un proceso natural y generalmente sin complicaciones, algunos ni\u00f1os y adolescentes experimentan alteraciones en el [&hellip;]\" \/>\n<meta property=\"og:url\" content=\"https:\/\/galleanosebastian.com.ar\/index.php\/2024\/12\/02\/osteodistrofias-de-crecimiento\/\" \/>\n<meta property=\"article:published_time\" content=\"2024-12-02T21:13:00+00:00\" \/>\n<meta property=\"og:image\" content=\"https:\/\/galleanosebastian.com.ar\/wp-content\/uploads\/2024\/11\/9.jpg\" \/>\n\t<meta property=\"og:image:width\" content=\"1200\" \/>\n\t<meta property=\"og:image:height\" content=\"675\" \/>\n\t<meta property=\"og:image:type\" content=\"image\/jpeg\" \/>\n<meta name=\"author\" content=\"galleano.sebastian\" \/>\n<meta name=\"twitter:card\" content=\"summary_large_image\" \/>\n<meta name=\"twitter:label1\" content=\"Escrito por\" \/>\n\t<meta name=\"twitter:data1\" content=\"galleano.sebastian\" \/>\n\t<meta name=\"twitter:label2\" content=\"Tiempo de lectura\" \/>\n\t<meta name=\"twitter:data2\" content=\"8 minutos\" \/>\n<script type=\"application\/ld+json\" class=\"yoast-schema-graph\">{\"@context\":\"https:\/\/schema.org\",\"@graph\":[{\"@type\":\"Article\",\"@id\":\"https:\/\/galleanosebastian.com.ar\/index.php\/2024\/12\/02\/osteodistrofias-de-crecimiento\/#article\",\"isPartOf\":{\"@id\":\"https:\/\/galleanosebastian.com.ar\/index.php\/2024\/12\/02\/osteodistrofias-de-crecimiento\/\"},\"author\":{\"name\":\"galleano.sebastian\",\"@id\":\"https:\/\/galleanosebastian.com.ar\/#\/schema\/person\/e9e053bc7d61b5b176e446bc0b052f9c\"},\"headline\":\"Osteodistrofias de Crecimiento:\",\"datePublished\":\"2024-12-02T21:13:00+00:00\",\"mainEntityOfPage\":{\"@id\":\"https:\/\/galleanosebastian.com.ar\/index.php\/2024\/12\/02\/osteodistrofias-de-crecimiento\/\"},\"wordCount\":1626,\"commentCount\":0,\"publisher\":{\"@id\":\"https:\/\/galleanosebastian.com.ar\/#\/schema\/person\/e9e053bc7d61b5b176e446bc0b052f9c\"},\"image\":{\"@id\":\"https:\/\/galleanosebastian.com.ar\/index.php\/2024\/12\/02\/osteodistrofias-de-crecimiento\/#primaryimage\"},\"thumbnailUrl\":\"https:\/\/galleanosebastian.com.ar\/wp-content\/uploads\/2024\/11\/9.jpg\",\"keywords\":[\"bienestar f\u00edsico\",\"crecimiento \u00f3seo\",\"deformidades \u00f3seas\",\"fisiatr\u00eda\",\"kinesiolog\u00eda\",\"osteodistrofias de crecimiento\",\"pediatr\u00eda\",\"salud \u00f3sea\",\"trastornos del crecimiento\"],\"articleSection\":[\"Asistencia\",\"Blog\",\"Prevenci\u00f3n\",\"Semiolog\u00eda\"],\"inLanguage\":\"es\",\"potentialAction\":[{\"@type\":\"CommentAction\",\"name\":\"Comment\",\"target\":[\"https:\/\/galleanosebastian.com.ar\/index.php\/2024\/12\/02\/osteodistrofias-de-crecimiento\/#respond\"]}]},{\"@type\":\"WebPage\",\"@id\":\"https:\/\/galleanosebastian.com.ar\/index.php\/2024\/12\/02\/osteodistrofias-de-crecimiento\/\",\"url\":\"https:\/\/galleanosebastian.com.ar\/index.php\/2024\/12\/02\/osteodistrofias-de-crecimiento\/\",\"name\":\"Osteodistrofias de Crecimiento: -\",\"isPartOf\":{\"@id\":\"https:\/\/galleanosebastian.com.ar\/#website\"},\"primaryImageOfPage\":{\"@id\":\"https:\/\/galleanosebastian.com.ar\/index.php\/2024\/12\/02\/osteodistrofias-de-crecimiento\/#primaryimage\"},\"image\":{\"@id\":\"https:\/\/galleanosebastian.com.ar\/index.php\/2024\/12\/02\/osteodistrofias-de-crecimiento\/#primaryimage\"},\"thumbnailUrl\":\"https:\/\/galleanosebastian.com.ar\/wp-content\/uploads\/2024\/11\/9.jpg\",\"datePublished\":\"2024-12-02T21:13:00+00:00\",\"breadcrumb\":{\"@id\":\"https:\/\/galleanosebastian.com.ar\/index.php\/2024\/12\/02\/osteodistrofias-de-crecimiento\/#breadcrumb\"},\"inLanguage\":\"es\",\"potentialAction\":[{\"@type\":\"ReadAction\",\"target\":[\"https:\/\/galleanosebastian.com.ar\/index.php\/2024\/12\/02\/osteodistrofias-de-crecimiento\/\"]}]},{\"@type\":\"ImageObject\",\"inLanguage\":\"es\",\"@id\":\"https:\/\/galleanosebastian.com.ar\/index.php\/2024\/12\/02\/osteodistrofias-de-crecimiento\/#primaryimage\",\"url\":\"https:\/\/galleanosebastian.com.ar\/wp-content\/uploads\/2024\/11\/9.jpg\",\"contentUrl\":\"https:\/\/galleanosebastian.com.ar\/wp-content\/uploads\/2024\/11\/9.jpg\",\"width\":1200,\"height\":675},{\"@type\":\"BreadcrumbList\",\"@id\":\"https:\/\/galleanosebastian.com.ar\/index.php\/2024\/12\/02\/osteodistrofias-de-crecimiento\/#breadcrumb\",\"itemListElement\":[{\"@type\":\"ListItem\",\"position\":1,\"name\":\"Home\",\"item\":\"https:\/\/galleanosebastian.com.ar\/\"},{\"@type\":\"ListItem\",\"position\":2,\"name\":\"Osteodistrofias de Crecimiento:\"}]},{\"@type\":\"WebSite\",\"@id\":\"https:\/\/galleanosebastian.com.ar\/#website\",\"url\":\"https:\/\/galleanosebastian.com.ar\/\",\"name\":\"Sebasti\u00e1n Pablo Galleano\",\"description\":\"\",\"publisher\":{\"@id\":\"https:\/\/galleanosebastian.com.ar\/#\/schema\/person\/e9e053bc7d61b5b176e446bc0b052f9c\"},\"potentialAction\":[{\"@type\":\"SearchAction\",\"target\":{\"@type\":\"EntryPoint\",\"urlTemplate\":\"https:\/\/galleanosebastian.com.ar\/?s={search_term_string}\"},\"query-input\":{\"@type\":\"PropertyValueSpecification\",\"valueRequired\":true,\"valueName\":\"search_term_string\"}}],\"inLanguage\":\"es\"},{\"@type\":[\"Person\",\"Organization\"],\"@id\":\"https:\/\/galleanosebastian.com.ar\/#\/schema\/person\/e9e053bc7d61b5b176e446bc0b052f9c\",\"name\":\"galleano.sebastian\",\"image\":{\"@type\":\"ImageObject\",\"inLanguage\":\"es\",\"@id\":\"https:\/\/galleanosebastian.com.ar\/#\/schema\/person\/image\/\",\"url\":\"https:\/\/galleanosebastian.com.ar\/wp-content\/uploads\/2023\/11\/cropped-Diseno-sin-titulo-6.png\",\"contentUrl\":\"https:\/\/galleanosebastian.com.ar\/wp-content\/uploads\/2023\/11\/cropped-Diseno-sin-titulo-6.png\",\"width\":250,\"height\":117,\"caption\":\"galleano.sebastian\"},\"logo\":{\"@id\":\"https:\/\/galleanosebastian.com.ar\/#\/schema\/person\/image\/\"},\"sameAs\":[\"https:\/\/galleanosebastian.com.ar\"],\"url\":\"https:\/\/galleanosebastian.com.ar\/index.php\/author\/galleano-sebastian\/\"}]}<\/script>\n<!-- \/ Yoast SEO plugin. -->","yoast_head_json":{"title":"Osteodistrofias de Crecimiento: -","robots":{"index":"index","follow":"follow","max-snippet":"max-snippet:-1","max-image-preview":"max-image-preview:large","max-video-preview":"max-video-preview:-1"},"canonical":"https:\/\/galleanosebastian.com.ar\/index.php\/2024\/12\/02\/osteodistrofias-de-crecimiento\/","og_locale":"es_ES","og_type":"article","og_title":"Osteodistrofias de Crecimiento: -","og_description":"Entendiendo las Alteraciones \u00d3seas en la Infancia y Adolescencia Soy el Profesor Sebasti\u00e1n Pablo Galleano, Licenciado en Kinesiolog\u00eda y Fisiatr\u00eda, y hoy quiero compartir un tema poco conocido pero muy importante: las osteodistrofias de crecimiento. Si bien el crecimiento es un proceso natural y generalmente sin complicaciones, algunos ni\u00f1os y adolescentes experimentan alteraciones en el [&hellip;]","og_url":"https:\/\/galleanosebastian.com.ar\/index.php\/2024\/12\/02\/osteodistrofias-de-crecimiento\/","article_published_time":"2024-12-02T21:13:00+00:00","og_image":[{"width":1200,"height":675,"url":"https:\/\/galleanosebastian.com.ar\/wp-content\/uploads\/2024\/11\/9.jpg","type":"image\/jpeg"}],"author":"galleano.sebastian","twitter_card":"summary_large_image","twitter_misc":{"Escrito por":"galleano.sebastian","Tiempo de lectura":"8 minutos"},"schema":{"@context":"https:\/\/schema.org","@graph":[{"@type":"Article","@id":"https:\/\/galleanosebastian.com.ar\/index.php\/2024\/12\/02\/osteodistrofias-de-crecimiento\/#article","isPartOf":{"@id":"https:\/\/galleanosebastian.com.ar\/index.php\/2024\/12\/02\/osteodistrofias-de-crecimiento\/"},"author":{"name":"galleano.sebastian","@id":"https:\/\/galleanosebastian.com.ar\/#\/schema\/person\/e9e053bc7d61b5b176e446bc0b052f9c"},"headline":"Osteodistrofias de Crecimiento:","datePublished":"2024-12-02T21:13:00+00:00","mainEntityOfPage":{"@id":"https:\/\/galleanosebastian.com.ar\/index.php\/2024\/12\/02\/osteodistrofias-de-crecimiento\/"},"wordCount":1626,"commentCount":0,"publisher":{"@id":"https:\/\/galleanosebastian.com.ar\/#\/schema\/person\/e9e053bc7d61b5b176e446bc0b052f9c"},"image":{"@id":"https:\/\/galleanosebastian.com.ar\/index.php\/2024\/12\/02\/osteodistrofias-de-crecimiento\/#primaryimage"},"thumbnailUrl":"https:\/\/galleanosebastian.com.ar\/wp-content\/uploads\/2024\/11\/9.jpg","keywords":["bienestar f\u00edsico","crecimiento \u00f3seo","deformidades \u00f3seas","fisiatr\u00eda","kinesiolog\u00eda","osteodistrofias de crecimiento","pediatr\u00eda","salud \u00f3sea","trastornos del crecimiento"],"articleSection":["Asistencia","Blog","Prevenci\u00f3n","Semiolog\u00eda"],"inLanguage":"es","potentialAction":[{"@type":"CommentAction","name":"Comment","target":["https:\/\/galleanosebastian.com.ar\/index.php\/2024\/12\/02\/osteodistrofias-de-crecimiento\/#respond"]}]},{"@type":"WebPage","@id":"https:\/\/galleanosebastian.com.ar\/index.php\/2024\/12\/02\/osteodistrofias-de-crecimiento\/","url":"https:\/\/galleanosebastian.com.ar\/index.php\/2024\/12\/02\/osteodistrofias-de-crecimiento\/","name":"Osteodistrofias de Crecimiento: -","isPartOf":{"@id":"https:\/\/galleanosebastian.com.ar\/#website"},"primaryImageOfPage":{"@id":"https:\/\/galleanosebastian.com.ar\/index.php\/2024\/12\/02\/osteodistrofias-de-crecimiento\/#primaryimage"},"image":{"@id":"https:\/\/galleanosebastian.com.ar\/index.php\/2024\/12\/02\/osteodistrofias-de-crecimiento\/#primaryimage"},"thumbnailUrl":"https:\/\/galleanosebastian.com.ar\/wp-content\/uploads\/2024\/11\/9.jpg","datePublished":"2024-12-02T21:13:00+00:00","breadcrumb":{"@id":"https:\/\/galleanosebastian.com.ar\/index.php\/2024\/12\/02\/osteodistrofias-de-crecimiento\/#breadcrumb"},"inLanguage":"es","potentialAction":[{"@type":"ReadAction","target":["https:\/\/galleanosebastian.com.ar\/index.php\/2024\/12\/02\/osteodistrofias-de-crecimiento\/"]}]},{"@type":"ImageObject","inLanguage":"es","@id":"https:\/\/galleanosebastian.com.ar\/index.php\/2024\/12\/02\/osteodistrofias-de-crecimiento\/#primaryimage","url":"https:\/\/galleanosebastian.com.ar\/wp-content\/uploads\/2024\/11\/9.jpg","contentUrl":"https:\/\/galleanosebastian.com.ar\/wp-content\/uploads\/2024\/11\/9.jpg","width":1200,"height":675},{"@type":"BreadcrumbList","@id":"https:\/\/galleanosebastian.com.ar\/index.php\/2024\/12\/02\/osteodistrofias-de-crecimiento\/#breadcrumb","itemListElement":[{"@type":"ListItem","position":1,"name":"Home","item":"https:\/\/galleanosebastian.com.ar\/"},{"@type":"ListItem","position":2,"name":"Osteodistrofias de Crecimiento:"}]},{"@type":"WebSite","@id":"https:\/\/galleanosebastian.com.ar\/#website","url":"https:\/\/galleanosebastian.com.ar\/","name":"Sebasti\u00e1n Pablo Galleano","description":"","publisher":{"@id":"https:\/\/galleanosebastian.com.ar\/#\/schema\/person\/e9e053bc7d61b5b176e446bc0b052f9c"},"potentialAction":[{"@type":"SearchAction","target":{"@type":"EntryPoint","urlTemplate":"https:\/\/galleanosebastian.com.ar\/?s={search_term_string}"},"query-input":{"@type":"PropertyValueSpecification","valueRequired":true,"valueName":"search_term_string"}}],"inLanguage":"es"},{"@type":["Person","Organization"],"@id":"https:\/\/galleanosebastian.com.ar\/#\/schema\/person\/e9e053bc7d61b5b176e446bc0b052f9c","name":"galleano.sebastian","image":{"@type":"ImageObject","inLanguage":"es","@id":"https:\/\/galleanosebastian.com.ar\/#\/schema\/person\/image\/","url":"https:\/\/galleanosebastian.com.ar\/wp-content\/uploads\/2023\/11\/cropped-Diseno-sin-titulo-6.png","contentUrl":"https:\/\/galleanosebastian.com.ar\/wp-content\/uploads\/2023\/11\/cropped-Diseno-sin-titulo-6.png","width":250,"height":117,"caption":"galleano.sebastian"},"logo":{"@id":"https:\/\/galleanosebastian.com.ar\/#\/schema\/person\/image\/"},"sameAs":["https:\/\/galleanosebastian.com.ar"],"url":"https:\/\/galleanosebastian.com.ar\/index.php\/author\/galleano-sebastian\/"}]}},"_links":{"self":[{"href":"https:\/\/galleanosebastian.com.ar\/index.php\/wp-json\/wp\/v2\/posts\/4177","targetHints":{"allow":["GET"]}}],"collection":[{"href":"https:\/\/galleanosebastian.com.ar\/index.php\/wp-json\/wp\/v2\/posts"}],"about":[{"href":"https:\/\/galleanosebastian.com.ar\/index.php\/wp-json\/wp\/v2\/types\/post"}],"author":[{"embeddable":true,"href":"https:\/\/galleanosebastian.com.ar\/index.php\/wp-json\/wp\/v2\/users\/1"}],"replies":[{"embeddable":true,"href":"https:\/\/galleanosebastian.com.ar\/index.php\/wp-json\/wp\/v2\/comments?post=4177"}],"version-history":[{"count":4,"href":"https:\/\/galleanosebastian.com.ar\/index.php\/wp-json\/wp\/v2\/posts\/4177\/revisions"}],"predecessor-version":[{"id":4182,"href":"https:\/\/galleanosebastian.com.ar\/index.php\/wp-json\/wp\/v2\/posts\/4177\/revisions\/4182"}],"wp:featuredmedia":[{"embeddable":true,"href":"https:\/\/galleanosebastian.com.ar\/index.php\/wp-json\/wp\/v2\/media\/4179"}],"wp:attachment":[{"href":"https:\/\/galleanosebastian.com.ar\/index.php\/wp-json\/wp\/v2\/media?parent=4177"}],"wp:term":[{"taxonomy":"category","embeddable":true,"href":"https:\/\/galleanosebastian.com.ar\/index.php\/wp-json\/wp\/v2\/categories?post=4177"},{"taxonomy":"post_tag","embeddable":true,"href":"https:\/\/galleanosebastian.com.ar\/index.php\/wp-json\/wp\/v2\/tags?post=4177"}],"curies":[{"name":"wp","href":"https:\/\/api.w.org\/{rel}","templated":true}]}}