{"id":4211,"date":"2025-01-26T17:43:20","date_gmt":"2025-01-26T16:43:20","guid":{"rendered":"https:\/\/galleanosebastian.com.ar\/?p=4211"},"modified":"2025-01-26T17:46:44","modified_gmt":"2025-01-26T16:46:44","slug":"rehabilitacion-y-postura","status":"publish","type":"post","link":"https:\/\/galleanosebastian.com.ar\/index.php\/2025\/01\/26\/rehabilitacion-y-postura\/","title":{"rendered":"Rehabilitaci\u00f3n y Postura"},"content":{"rendered":"\t\t<div data-elementor-type=\"wp-post\" data-elementor-id=\"4211\" class=\"elementor elementor-4211\">\n\t\t\t\t<div class=\"elementor-element elementor-element-cdc70d1 e-flex e-con-boxed e-con e-parent\" data-id=\"cdc70d1\" data-element_type=\"container\">\n\t\t\t\t\t<div class=\"e-con-inner\">\n\t\t\t\t<div class=\"elementor-element elementor-element-1b1a01f elementor-widget elementor-widget-heading\" data-id=\"1b1a01f\" data-element_type=\"widget\" data-widget_type=\"heading.default\">\n\t\t\t\t<div class=\"elementor-widget-container\">\n\t\t\t\t\t<h1 class=\"elementor-heading-title elementor-size-default\">Migra\u00f1a y Cefaleas<\/h1>\t\t\t\t<\/div>\n\t\t\t\t<\/div>\n\t\t\t\t<div class=\"elementor-element elementor-element-5261518 elementor-widget elementor-widget-text-editor\" data-id=\"5261518\" data-element_type=\"widget\" data-widget_type=\"text-editor.default\">\n\t\t\t\t<div class=\"elementor-widget-container\">\n\t\t\t\t\t\t\t\t\t<p>En alg\u00fan momento, todos hemos sentido el peso de un dolor de cabeza. Pero, \u00bfqu\u00e9 ocurre cuando ese malestar se vuelve cr\u00f3nico o incapacitante? Las migra\u00f1as y las cefaleas afectan a millones de personas en el mundo, con un impacto profundo en su calidad de vida. Este art\u00edculo explorar\u00e1 propuestas terap\u00e9uticas innovadoras y el papel de la postura en la rehabilitaci\u00f3n, apoy\u00e1ndose en investigaciones internacionales y t\u00e9cnicas especiales.<\/p><h4>Comprendiendo las migra\u00f1as y cefaleas<\/h4><p>Las migra\u00f1as son un tipo de cefalea primaria caracterizada por un dolor puls\u00e1til, normalmente en un lado de la cabeza. Estos episodios pueden ir acompa\u00f1ados de n\u00e1useas, v\u00f3mitos y sensibilidad a la luz o el sonido. Por otro lado, las cefaleas tensionales, tambi\u00e9n comunes, generan una sensaci\u00f3n de presi\u00f3n o tensi\u00f3n alrededor de la cabeza, causada frecuentemente por el estr\u00e9s o el mal uso de los m\u00fasculos cervicales.<\/p><p>Las causas de estas afecciones son multifactoriales. Incluyen predisposici\u00f3n gen\u00e9tica, desequilibrios neuroqu\u00edmicos, tensi\u00f3n muscular y posturas incorrectas. La postura, en particular, se ha identificado como un factor determinante en la aparici\u00f3n de cefaleas tensionales y en la exacerbaci\u00f3n de migra\u00f1as.<\/p><h4>La postura y su impacto en los dolores de cabeza<\/h4><p>El cuerpo humano est\u00e1 dise\u00f1ado para moverse y mantener un equilibrio postural. Sin embargo, la vida moderna, caracterizada por largas horas frente a pantallas y el uso excesivo de dispositivos m\u00f3viles, ha generado un aumento de problemas posturales. Estas alteraciones afectan directamente la alineaci\u00f3n de la columna cervical y la musculatura circundante, contribuyendo al desarrollo de cefaleas.<\/p><p>Por ejemplo, la \u00abpostura de cabeza adelantada\u00bb es una de las m\u00e1s comunes. En esta posici\u00f3n, la cabeza se desplaza hacia adelante respecto al eje del cuerpo, lo que aumenta la carga sobre los m\u00fasculos cervicales y puede provocar tensi\u00f3n cr\u00f3nica. Estudios recientes han demostrado que la correcci\u00f3n de esta postura puede reducir significativamente la frecuencia e intensidad de los dolores de cabeza.<\/p><h4>Propuestas terap\u00e9uticas<\/h4><p>La rehabilitaci\u00f3n postural es un enfoque clave en el tratamiento de migra\u00f1as y cefaleas. Esta incluye ejercicios espec\u00edficos para fortalecer la musculatura cervical, mejorar la movilidad articular y corregir desequilibrios posturales. Adem\u00e1s, se han desarrollado t\u00e9cnicas especiales para abordar estos problemas de manera integral.<\/p><h5>Ejercicios terap\u00e9uticos<\/h5><p>El entrenamiento con estiramientos cervicales y ejercicios de fortalecimiento es fundamental. T\u00e9cnicas como el \u00abcontrol motor cervical\u00bb buscan restablecer el equilibrio muscular y mejorar la estabilidad de la columna cervical. Adem\u00e1s, el uso de terapia manual, como movilizaciones articulares y masajes miofasciales, ha mostrado resultados prometedores.<\/p><h5>Intervenciones tecnol\u00f3gicas<\/h5><p>Las innovaciones tecnol\u00f3gicas tambi\u00e9n juegan un papel importante. Dispositivos port\u00e1tiles para monitorear la postura, aplicaciones que gu\u00edan ejercicios correctivos y biofeedback han demostrado ser efectivos para fomentar h\u00e1bitos saludables. En algunos casos, se han incorporado sistemas de realidad virtual para entrenar la postura y reducir la tensi\u00f3n.<\/p><h5>Terapias integrativas<\/h5><p>La combinaci\u00f3n de diferentes enfoques terap\u00e9uticos amplifica los beneficios. La acupuntura, la osteopat\u00eda y el yoga terap\u00e9utico son herramientas complementarias que ayudan a aliviar la tensi\u00f3n y mejorar el bienestar general. Adem\u00e1s, el abordaje psicol\u00f3gico, como la terapia cognitivo-conductual, puede ayudar a manejar el estr\u00e9s, uno de los principales desencadenantes de migra\u00f1as.<\/p><h4>Investigaciones internacionales: \u00bfQu\u00e9 dice la ciencia?<\/h4><p>Estudios recientes han destacado el impacto de la postura en las cefaleas. Una investigaci\u00f3n publicada en \u00abThe Journal of Headache and Pain\u00bb en 2023 concluy\u00f3 que un programa de rehabilitaci\u00f3n postural de 12 semanas redujo la frecuencia de migra\u00f1as en un 60%. Otro estudio realizado en Argentina resalt\u00f3 la efectividad del yoga terap\u00e9utico para disminuir los niveles de tensi\u00f3n muscular en pacientes con cefaleas cr\u00f3nicas.<\/p><p>En paralelo, la Organizaci\u00f3n Mundial de la Salud (OMS) ha enfatizado la importancia de enfoques multidisciplinarios para tratar estas afecciones. Se\u00f1alan que combinar la rehabilitaci\u00f3n f\u00edsica con cambios en el estilo de vida y la educaci\u00f3n postural puede transformar significativamente la calidad de vida de los pacientes.<\/p><h4>El futuro de la rehabilitaci\u00f3n en migra\u00f1as y cefaleas<\/h4><p>El camino hacia una mejor comprensi\u00f3n y tratamiento de estas condiciones sigue avanzando. La investigaci\u00f3n sobre terapias personalizadas, basadas en las necesidades espec\u00edficas de cada paciente, abre nuevas posibilidades. Adem\u00e1s, el uso de inteligencia artificial para analizar patrones posturales y predecir episodios de cefalea promete revolucionar el campo.<\/p><p>Por otro lado, la educaci\u00f3n continua de profesionales de la salud es fundamental. Comprender el impacto de la postura y las \u00faltimas t\u00e9cnicas disponibles permite brindar un cuidado m\u00e1s efectivo y hol\u00edstico.<\/p><h4>Reflexi\u00f3n final<\/h4><p>Las migra\u00f1as y cefaleas son mucho m\u00e1s que un simple dolor de cabeza; son un reto complejo que requiere soluciones integrales. La rehabilitaci\u00f3n postural y las t\u00e9cnicas terap\u00e9uticas modernas ofrecen una luz de esperanza para millones de pacientes. Al mantenernos informados y aplicar estas herramientas, los profesionales de la salud podemos marcar una diferencia significativa.<\/p><p>Si este art\u00edculo despert\u00f3 tu inter\u00e9s, te invitamos a explorar m\u00e1s contenido en <a href=\"http:\/\/www.galleanosebastian.com.ar\">www.galleanosebastian.com.ar<\/a>. \u00a1Comparte este art\u00edculo con tus colegas y comenta tus experiencias! Juntos podemos construir un futuro con menos dolor y m\u00e1s bienestar.<\/p>\t\t\t\t\t\t\t\t<\/div>\n\t\t\t\t<\/div>\n\t\t\t\t<div class=\"elementor-element elementor-element-b42ccf8 elementor-grid-eael-col-4 elementor-grid-tablet-eael-col-2 elementor-grid-mobile-eael-col-1 elementor-widget elementor-widget-eael-post-grid\" data-id=\"b42ccf8\" data-element_type=\"widget\" data-settings=\"{&quot;eael_post_grid_columns&quot;:&quot;eael-col-4&quot;,&quot;eael_post_grid_columns_tablet&quot;:&quot;eael-col-2&quot;,&quot;eael_post_grid_columns_mobile&quot;:&quot;eael-col-1&quot;}\" data-widget_type=\"eael-post-grid.default\">\n\t\t\t\t<div class=\"elementor-widget-container\">\n\t\t\t\t\t<div id=\"eael-post-grid-b42ccf8\" class=\"eael-post-grid-container\">\n            <div class=\"eael-post-grid eael-post-appender eael-post-appender-b42ccf8 eael-post-grid-style-one\" data-layout-mode=\"masonry\"><article class=\"eael-grid-post eael-post-grid-column\" data-id=\"4768\">\n        <div class=\"eael-grid-post-holder\">\n            <div class=\"eael-grid-post-holder-inner\"><div class=\"eael-entry-media\"><div class=\"eael-entry-overlay fade-in\"><i class=\"fas fa-long-arrow-alt-right\" aria-hidden=\"true\"><\/i><a href=\"https:\/\/galleanosebastian.com.ar\/index.php\/2025\/09\/02\/rehabilitacion-de-cervicalgia-en-adultos-con-sobrepeso\/\"><\/a><\/div><div class=\"eael-entry-thumbnail \">\n                <img fetchpriority=\"high\" decoding=\"async\" width=\"300\" height=\"169\" src=\"https:\/\/galleanosebastian.com.ar\/wp-content\/uploads\/2025\/09\/63-300x169.jpg\" class=\"attachment-medium size-medium wp-image-4776\" alt=\"\" srcset=\"https:\/\/galleanosebastian.com.ar\/wp-content\/uploads\/2025\/09\/63-300x169.jpg 300w, https:\/\/galleanosebastian.com.ar\/wp-content\/uploads\/2025\/09\/63-1024x576.jpg 1024w, https:\/\/galleanosebastian.com.ar\/wp-content\/uploads\/2025\/09\/63-768x432.jpg 768w, https:\/\/galleanosebastian.com.ar\/wp-content\/uploads\/2025\/09\/63-1536x864.jpg 1536w, https:\/\/galleanosebastian.com.ar\/wp-content\/uploads\/2025\/09\/63.jpg 1600w\" sizes=\"(max-width: 300px) 100vw, 300px\" \/>\n            <\/div>\n        <\/div><div class=\"eael-entry-wrapper\"><header class=\"eael-entry-header\"><h4 class=\"eael-entry-title\"><a\n                        class=\"eael-grid-post-link\"\n                        href=\"https:\/\/galleanosebastian.com.ar\/index.php\/2025\/09\/02\/rehabilitacion-de-cervicalgia-en-adultos-con-sobrepeso\/\"\n                        title=\"Rehabilitaci\u00f3n de cervicalgia en adultos con sobrepeso\">Rehabilitaci\u00f3n de cervicalgia en adultos con sobrepeso<\/a><\/h4><\/header><div class=\"eael-entry-content\">\n                        <div class=\"eael-grid-post-excerpt\"><p>C\u00f3mo abordar la cervicalgia mec\u00e1nica en adultos con sobrepeso y...<\/p><a href=\"https:\/\/galleanosebastian.com.ar\/index.php\/2025\/09\/02\/rehabilitacion-de-cervicalgia-en-adultos-con-sobrepeso\/\" class=\"eael-post-elements-readmore-btn\">Read More<\/a><\/div>\n                    <\/div><div class=\"eael-entry-footer\"><div class=\"eael-author-avatar\"><a href=\"https:\/\/galleanosebastian.com.ar\/index.php\/author\/galleano-sebastian\/\"><img alt='galleano.sebastian' src='https:\/\/secure.gravatar.com\/avatar\/696976b010028a9cf4df4a37738269e5?s=96&#038;d=mm&#038;r=g' srcset='https:\/\/secure.gravatar.com\/avatar\/696976b010028a9cf4df4a37738269e5?s=192&#038;d=mm&#038;r=g 2x' class='avatar avatar-96 photo' height='96' width='96' \/><\/a><\/div><div class=\"eael-entry-meta\"><span class=\"eael-posted-by\"><a href=\"https:\/\/galleanosebastian.com.ar\/index.php\/author\/galleano-sebastian\/\" title=\"Entradas de galleano.sebastian\" rel=\"author\">galleano.sebastian<\/a><\/span><span class=\"eael-posted-on\"><time datetime=\"2 de septiembre de 2025\">2 de septiembre de 2025<\/time><\/span><\/div><\/div><\/div><\/div>\n        <\/div>\n    <\/article><article class=\"eael-grid-post eael-post-grid-column\" data-id=\"4763\">\n        <div class=\"eael-grid-post-holder\">\n            <div class=\"eael-grid-post-holder-inner\"><div class=\"eael-entry-media\"><div class=\"eael-entry-overlay fade-in\"><i class=\"fas fa-long-arrow-alt-right\" aria-hidden=\"true\"><\/i><a href=\"https:\/\/galleanosebastian.com.ar\/index.php\/2025\/08\/26\/rehabilitacion-de-lumbalgia-en-adultos-con-sobrepeso\/\"><\/a><\/div><div class=\"eael-entry-thumbnail \">\n                <img decoding=\"async\" width=\"300\" height=\"169\" src=\"https:\/\/galleanosebastian.com.ar\/wp-content\/uploads\/2025\/09\/61-300x169.jpg\" class=\"attachment-medium size-medium wp-image-4774\" alt=\"\" srcset=\"https:\/\/galleanosebastian.com.ar\/wp-content\/uploads\/2025\/09\/61-300x169.jpg 300w, https:\/\/galleanosebastian.com.ar\/wp-content\/uploads\/2025\/09\/61-1024x576.jpg 1024w, https:\/\/galleanosebastian.com.ar\/wp-content\/uploads\/2025\/09\/61-768x432.jpg 768w, https:\/\/galleanosebastian.com.ar\/wp-content\/uploads\/2025\/09\/61-1536x864.jpg 1536w, https:\/\/galleanosebastian.com.ar\/wp-content\/uploads\/2025\/09\/61.jpg 1600w\" sizes=\"(max-width: 300px) 100vw, 300px\" \/>\n            <\/div>\n        <\/div><div class=\"eael-entry-wrapper\"><header class=\"eael-entry-header\"><h4 class=\"eael-entry-title\"><a\n                        class=\"eael-grid-post-link\"\n                        href=\"https:\/\/galleanosebastian.com.ar\/index.php\/2025\/08\/26\/rehabilitacion-de-lumbalgia-en-adultos-con-sobrepeso\/\"\n                        title=\"Rehabilitaci\u00f3n de lumbalgia en adultos con sobrepeso\">Rehabilitaci\u00f3n de lumbalgia en adultos con sobrepeso<\/a><\/h4><\/header><div class=\"eael-entry-content\">\n                        <div class=\"eael-grid-post-excerpt\"><p>Rehabilitaci\u00f3n de lumbalgia en adultos con sobrepeso: c\u00f3mo recuperar bienestar...<\/p><a href=\"https:\/\/galleanosebastian.com.ar\/index.php\/2025\/08\/26\/rehabilitacion-de-lumbalgia-en-adultos-con-sobrepeso\/\" class=\"eael-post-elements-readmore-btn\">Read More<\/a><\/div>\n                    <\/div><div class=\"eael-entry-footer\"><div class=\"eael-author-avatar\"><a href=\"https:\/\/galleanosebastian.com.ar\/index.php\/author\/galleano-sebastian\/\"><img alt='galleano.sebastian' src='https:\/\/secure.gravatar.com\/avatar\/696976b010028a9cf4df4a37738269e5?s=96&#038;d=mm&#038;r=g' srcset='https:\/\/secure.gravatar.com\/avatar\/696976b010028a9cf4df4a37738269e5?s=192&#038;d=mm&#038;r=g 2x' class='avatar avatar-96 photo' height='96' width='96' \/><\/a><\/div><div class=\"eael-entry-meta\"><span class=\"eael-posted-by\"><a href=\"https:\/\/galleanosebastian.com.ar\/index.php\/author\/galleano-sebastian\/\" title=\"Entradas de galleano.sebastian\" rel=\"author\">galleano.sebastian<\/a><\/span><span class=\"eael-posted-on\"><time datetime=\"26 de agosto de 2025\">26 de agosto de 2025<\/time><\/span><\/div><\/div><\/div><\/div>\n        <\/div>\n    <\/article><article class=\"eael-grid-post eael-post-grid-column\" data-id=\"4757\">\n        <div class=\"eael-grid-post-holder\">\n            <div class=\"eael-grid-post-holder-inner\"><div class=\"eael-entry-media\"><div class=\"eael-entry-overlay fade-in\"><i class=\"fas fa-long-arrow-alt-right\" aria-hidden=\"true\"><\/i><a href=\"https:\/\/galleanosebastian.com.ar\/index.php\/2025\/08\/20\/rehabilitacion-de-rodillas-en-adultos-con-sobrepeso-y-dolor\/\"><\/a><\/div><div class=\"eael-entry-thumbnail \">\n                <img decoding=\"async\" width=\"300\" height=\"169\" src=\"https:\/\/galleanosebastian.com.ar\/wp-content\/uploads\/2025\/09\/65-300x169.jpg\" class=\"attachment-medium size-medium wp-image-4778\" alt=\"\" srcset=\"https:\/\/galleanosebastian.com.ar\/wp-content\/uploads\/2025\/09\/65-300x169.jpg 300w, https:\/\/galleanosebastian.com.ar\/wp-content\/uploads\/2025\/09\/65-1024x576.jpg 1024w, https:\/\/galleanosebastian.com.ar\/wp-content\/uploads\/2025\/09\/65-768x432.jpg 768w, https:\/\/galleanosebastian.com.ar\/wp-content\/uploads\/2025\/09\/65-1536x864.jpg 1536w, https:\/\/galleanosebastian.com.ar\/wp-content\/uploads\/2025\/09\/65.jpg 1600w\" sizes=\"(max-width: 300px) 100vw, 300px\" \/>\n            <\/div>\n        <\/div><div class=\"eael-entry-wrapper\"><header class=\"eael-entry-header\"><h4 class=\"eael-entry-title\"><a\n                        class=\"eael-grid-post-link\"\n                        href=\"https:\/\/galleanosebastian.com.ar\/index.php\/2025\/08\/20\/rehabilitacion-de-rodillas-en-adultos-con-sobrepeso-y-dolor\/\"\n                        title=\"Rehabilitaci\u00f3n de rodillas en adultos con sobrepeso y dolor\">Rehabilitaci\u00f3n de rodillas en adultos con sobrepeso y dolor<\/a><\/h4><\/header><div class=\"eael-entry-content\">\n                        <div class=\"eael-grid-post-excerpt\"><p>C\u00f3mo recuper\u00e9 movilidad y bienestar con rehabilitaci\u00f3n de rodillas en...<\/p><a href=\"https:\/\/galleanosebastian.com.ar\/index.php\/2025\/08\/20\/rehabilitacion-de-rodillas-en-adultos-con-sobrepeso-y-dolor\/\" class=\"eael-post-elements-readmore-btn\">Read More<\/a><\/div>\n                    <\/div><div class=\"eael-entry-footer\"><div class=\"eael-author-avatar\"><a href=\"https:\/\/galleanosebastian.com.ar\/index.php\/author\/galleano-sebastian\/\"><img alt='galleano.sebastian' src='https:\/\/secure.gravatar.com\/avatar\/696976b010028a9cf4df4a37738269e5?s=96&#038;d=mm&#038;r=g' srcset='https:\/\/secure.gravatar.com\/avatar\/696976b010028a9cf4df4a37738269e5?s=192&#038;d=mm&#038;r=g 2x' class='avatar avatar-96 photo' height='96' width='96' \/><\/a><\/div><div class=\"eael-entry-meta\"><span class=\"eael-posted-by\"><a href=\"https:\/\/galleanosebastian.com.ar\/index.php\/author\/galleano-sebastian\/\" title=\"Entradas de galleano.sebastian\" rel=\"author\">galleano.sebastian<\/a><\/span><span class=\"eael-posted-on\"><time datetime=\"20 de agosto de 2025\">20 de agosto de 2025<\/time><\/span><\/div><\/div><\/div><\/div>\n        <\/div>\n    <\/article><article class=\"eael-grid-post eael-post-grid-column\" data-id=\"4749\">\n        <div class=\"eael-grid-post-holder\">\n            <div class=\"eael-grid-post-holder-inner\"><div class=\"eael-entry-media\"><div class=\"eael-entry-overlay fade-in\"><i class=\"fas fa-long-arrow-alt-right\" aria-hidden=\"true\"><\/i><a href=\"https:\/\/galleanosebastian.com.ar\/index.php\/2025\/07\/30\/fractura-de-muneca-en-adultos-mayores-como-recuperarse\/\"><\/a><\/div><div class=\"eael-entry-thumbnail \">\n                <img loading=\"lazy\" decoding=\"async\" width=\"300\" height=\"169\" src=\"https:\/\/galleanosebastian.com.ar\/wp-content\/uploads\/2025\/06\/1-4-300x169.jpg\" class=\"attachment-medium size-medium wp-image-4751\" alt=\"\" srcset=\"https:\/\/galleanosebastian.com.ar\/wp-content\/uploads\/2025\/06\/1-4-300x169.jpg 300w, https:\/\/galleanosebastian.com.ar\/wp-content\/uploads\/2025\/06\/1-4-1024x576.jpg 1024w, https:\/\/galleanosebastian.com.ar\/wp-content\/uploads\/2025\/06\/1-4-768x432.jpg 768w, https:\/\/galleanosebastian.com.ar\/wp-content\/uploads\/2025\/06\/1-4-1536x864.jpg 1536w, https:\/\/galleanosebastian.com.ar\/wp-content\/uploads\/2025\/06\/1-4.jpg 1920w\" sizes=\"(max-width: 300px) 100vw, 300px\" \/>\n            <\/div>\n        <\/div><div class=\"eael-entry-wrapper\"><header class=\"eael-entry-header\"><h4 class=\"eael-entry-title\"><a\n                        class=\"eael-grid-post-link\"\n                        href=\"https:\/\/galleanosebastian.com.ar\/index.php\/2025\/07\/30\/fractura-de-muneca-en-adultos-mayores-como-recuperarse\/\"\n                        title=\"Fractura de mu\u00f1eca en adultos mayores: c\u00f3mo recuperarse\">Fractura de mu\u00f1eca en adultos mayores: c\u00f3mo recuperarse<\/a><\/h4><\/header><div class=\"eael-entry-content\">\n                        <div class=\"eael-grid-post-excerpt\"><p>Fractura de mu\u00f1eca en adultos mayores: c\u00f3mo acompa\u00f1amos la recuperaci\u00f3n...<\/p><a href=\"https:\/\/galleanosebastian.com.ar\/index.php\/2025\/07\/30\/fractura-de-muneca-en-adultos-mayores-como-recuperarse\/\" class=\"eael-post-elements-readmore-btn\">Read More<\/a><\/div>\n                    <\/div><div class=\"eael-entry-footer\"><div class=\"eael-author-avatar\"><a href=\"https:\/\/galleanosebastian.com.ar\/index.php\/author\/galleano-sebastian\/\"><img alt='galleano.sebastian' src='https:\/\/secure.gravatar.com\/avatar\/696976b010028a9cf4df4a37738269e5?s=96&#038;d=mm&#038;r=g' srcset='https:\/\/secure.gravatar.com\/avatar\/696976b010028a9cf4df4a37738269e5?s=192&#038;d=mm&#038;r=g 2x' class='avatar avatar-96 photo' height='96' width='96' \/><\/a><\/div><div class=\"eael-entry-meta\"><span class=\"eael-posted-by\"><a href=\"https:\/\/galleanosebastian.com.ar\/index.php\/author\/galleano-sebastian\/\" title=\"Entradas de galleano.sebastian\" rel=\"author\">galleano.sebastian<\/a><\/span><span class=\"eael-posted-on\"><time datetime=\"30 de julio de 2025\">30 de julio de 2025<\/time><\/span><\/div><\/div><\/div><\/div>\n        <\/div>\n    <\/article><\/div>\n            <div class=\"clearfix\"><\/div>\n        <\/div>            <div class=\"eael-load-more-button-wrap eael-force-hide\">\n                <button class=\"eael-load-more-button\" id=\"eael-load-more-btn-b42ccf8\" data-widget-id=\"b42ccf8\" data-widget=\"b42ccf8\" data-page-id=\"4211\" data-template=\"{&quot;dir&quot;:&quot;lite&quot;,&quot;file_name&quot;:&quot;default.php&quot;,&quot;name&quot;:&quot;Post-Grid&quot;}\" data-class=\"Essential_Addons_Elementor\\Elements\\Post_Grid\" data-layout=\"masonry\" data-page=\"1\" data-args=\"orderby=date&amp;order=desc&amp;ignore_sticky_posts=1&amp;post_status=publish&amp;posts_per_page=4&amp;offset=0&amp;post_type=post\" data-max-page=\"42\">\n                    <span class=\"eael-btn-loader button__loader\"><\/span>\n                    <span class=\"eael_load_more_text\">Load More<\/span>\n                <\/button>\n            <\/div>\n            \t\t\t\t<\/div>\n\t\t\t\t<\/div>\n\t\t\t\t\t<\/div>\n\t\t\t\t<\/div>\n\t\t\t\t<\/div>\n\t\t","protected":false},"excerpt":{"rendered":"<p>Migra\u00f1a y Cefaleas En alg\u00fan momento, todos hemos sentido el peso de un dolor de cabeza. Pero, \u00bfqu\u00e9 ocurre cuando ese malestar se vuelve cr\u00f3nico o incapacitante? Las migra\u00f1as y las cefaleas afectan a millones de personas en el mundo, con un impacto profundo en su calidad de vida. Este art\u00edculo explorar\u00e1 propuestas terap\u00e9uticas innovadoras [&hellip;]<\/p>\n","protected":false},"author":1,"featured_media":4214,"comment_status":"open","ping_status":"open","sticky":false,"template":"","format":"standard","meta":{"site-sidebar-layout":"default","site-content-layout":"","ast-site-content-layout":"","site-content-style":"default","site-sidebar-style":"default","ast-global-header-display":"","ast-banner-title-visibility":"","ast-main-header-display":"","ast-hfb-above-header-display":"","ast-hfb-below-header-display":"","ast-hfb-mobile-header-display":"","site-post-title":"","ast-breadcrumbs-content":"","ast-featured-img":"","footer-sml-layout":"","theme-transparent-header-meta":"","adv-header-id-meta":"","stick-header-meta":"","header-above-stick-meta":"","header-main-stick-meta":"","header-below-stick-meta":"","astra-migrate-meta-layouts":"default","ast-page-background-enabled":"default","ast-page-background-meta":{"desktop":{"background-color":"var(--ast-global-color-4)","background-image":"","background-repeat":"repeat","background-position":"center center","background-size":"auto","background-attachment":"scroll","background-type":"","background-media":"","overlay-type":"","overlay-color":"","overlay-opacity":"","overlay-gradient":""},"tablet":{"background-color":"","background-image":"","background-repeat":"repeat","background-position":"center center","background-size":"auto","background-attachment":"scroll","background-type":"","background-media":"","overlay-type":"","overlay-color":"","overlay-opacity":"","overlay-gradient":""},"mobile":{"background-color":"","background-image":"","background-repeat":"repeat","background-position":"center center","background-size":"auto","background-attachment":"scroll","background-type":"","background-media":"","overlay-type":"","overlay-color":"","overlay-opacity":"","overlay-gradient":""}},"ast-content-background-meta":{"desktop":{"background-color":"var(--ast-global-color-5)","background-image":"","background-repeat":"repeat","background-position":"center center","background-size":"auto","background-attachment":"scroll","background-type":"","background-media":"","overlay-type":"","overlay-color":"","overlay-opacity":"","overlay-gradient":""},"tablet":{"background-color":"var(--ast-global-color-5)","background-image":"","background-repeat":"repeat","background-position":"center center","background-size":"auto","background-attachment":"scroll","background-type":"","background-media":"","overlay-type":"","overlay-color":"","overlay-opacity":"","overlay-gradient":""},"mobile":{"background-color":"var(--ast-global-color-5)","background-image":"","background-repeat":"repeat","background-position":"center center","background-size":"auto","background-attachment":"scroll","background-type":"","background-media":"","overlay-type":"","overlay-color":"","overlay-opacity":"","overlay-gradient":""}},"footnotes":"","_wpscppro_custom_social_share_image":0,"_facebook_share_type":"default","_twitter_share_type":"default","_linkedin_share_type":"default","_pinterest_share_type":"default","_linkedin_share_type_page":"","_instagram_share_type":"default","_medium_share_type":"","_threads_share_type":"","_selected_social_profile":[]},"categories":[1,6,7],"tags":[101,523,531,419,527,93,528,534,247,530,525,524,280,515,526,533,529,532,535,317],"class_list":["post-4211","post","type-post","status-publish","format-standard","has-post-thumbnail","hentry","category-blog","category-prevencion","category-semiologia","tag-calidad-de-vida","tag-cefaleas","tag-cefaleas-tensionales","tag-dolor-cronico","tag-dolores-de-cabeza","tag-ejercicios-terapeuticos","tag-investigacion-en-migranas","tag-manejo-del-estres","tag-migranas","tag-postura-y-migranas","tag-postura-y-salud","tag-rehabilitacion-postural","tag-salud-cervical","tag-salud-publica","tag-tecnicas-terapeuticas","tag-tecnologia-en-rehabilitacion","tag-terapias-integrativas","tag-terapias-modernas","tag-tratamiento-holistico","tag-yoga-terapeutico"],"yoast_head":"<!-- This site is optimized with the Yoast SEO plugin v24.6 - https:\/\/yoast.com\/wordpress\/plugins\/seo\/ -->\n<title>Rehabilitaci\u00f3n y Postura -<\/title>\n<meta name=\"robots\" content=\"index, follow, max-snippet:-1, max-image-preview:large, max-video-preview:-1\" \/>\n<link rel=\"canonical\" href=\"https:\/\/galleanosebastian.com.ar\/index.php\/2025\/01\/26\/rehabilitacion-y-postura\/\" \/>\n<meta property=\"og:locale\" content=\"es_ES\" \/>\n<meta property=\"og:type\" content=\"article\" \/>\n<meta property=\"og:title\" content=\"Rehabilitaci\u00f3n y Postura -\" \/>\n<meta property=\"og:description\" content=\"Migra\u00f1a y Cefaleas En alg\u00fan momento, todos hemos sentido el peso de un dolor de cabeza. Pero, \u00bfqu\u00e9 ocurre cuando ese malestar se vuelve cr\u00f3nico o incapacitante? Las migra\u00f1as y las cefaleas afectan a millones de personas en el mundo, con un impacto profundo en su calidad de vida. Este art\u00edculo explorar\u00e1 propuestas terap\u00e9uticas innovadoras [&hellip;]\" \/>\n<meta property=\"og:url\" content=\"https:\/\/galleanosebastian.com.ar\/index.php\/2025\/01\/26\/rehabilitacion-y-postura\/\" \/>\n<meta property=\"article:published_time\" content=\"2025-01-26T16:43:20+00:00\" \/>\n<meta property=\"article:modified_time\" content=\"2025-01-26T16:46:44+00:00\" \/>\n<meta property=\"og:image\" content=\"https:\/\/galleanosebastian.com.ar\/wp-content\/uploads\/2025\/01\/Copia-de-Copia-de-Copia-de-Copia-de-Diseno-sin-titulo-3.jpg\" \/>\n\t<meta property=\"og:image:width\" content=\"1440\" \/>\n\t<meta property=\"og:image:height\" content=\"810\" \/>\n\t<meta property=\"og:image:type\" content=\"image\/jpeg\" \/>\n<meta name=\"author\" content=\"galleano.sebastian\" \/>\n<meta name=\"twitter:card\" content=\"summary_large_image\" \/>\n<meta name=\"twitter:label1\" content=\"Escrito por\" \/>\n\t<meta name=\"twitter:data1\" content=\"galleano.sebastian\" \/>\n\t<meta name=\"twitter:label2\" content=\"Tiempo de lectura\" \/>\n\t<meta name=\"twitter:data2\" content=\"5 minutos\" \/>\n<script type=\"application\/ld+json\" class=\"yoast-schema-graph\">{\"@context\":\"https:\/\/schema.org\",\"@graph\":[{\"@type\":\"Article\",\"@id\":\"https:\/\/galleanosebastian.com.ar\/index.php\/2025\/01\/26\/rehabilitacion-y-postura\/#article\",\"isPartOf\":{\"@id\":\"https:\/\/galleanosebastian.com.ar\/index.php\/2025\/01\/26\/rehabilitacion-y-postura\/\"},\"author\":{\"name\":\"galleano.sebastian\",\"@id\":\"https:\/\/galleanosebastian.com.ar\/#\/schema\/person\/e9e053bc7d61b5b176e446bc0b052f9c\"},\"headline\":\"Rehabilitaci\u00f3n y Postura\",\"datePublished\":\"2025-01-26T16:43:20+00:00\",\"dateModified\":\"2025-01-26T16:46:44+00:00\",\"mainEntityOfPage\":{\"@id\":\"https:\/\/galleanosebastian.com.ar\/index.php\/2025\/01\/26\/rehabilitacion-y-postura\/\"},\"wordCount\":993,\"commentCount\":0,\"publisher\":{\"@id\":\"https:\/\/galleanosebastian.com.ar\/#\/schema\/person\/e9e053bc7d61b5b176e446bc0b052f9c\"},\"image\":{\"@id\":\"https:\/\/galleanosebastian.com.ar\/index.php\/2025\/01\/26\/rehabilitacion-y-postura\/#primaryimage\"},\"thumbnailUrl\":\"https:\/\/galleanosebastian.com.ar\/wp-content\/uploads\/2025\/01\/Copia-de-Copia-de-Copia-de-Copia-de-Diseno-sin-titulo-3.jpg\",\"keywords\":[\"calidad de vida\",\"cefaleas\",\"cefaleas tensionales\",\"dolor cr\u00f3nico\",\"dolores de cabeza\",\"ejercicios terap\u00e9uticos\",\"investigaci\u00f3n en migra\u00f1as\",\"manejo del estr\u00e9s\",\"migra\u00f1as\",\"postura y migra\u00f1as\",\"postura y salud\",\"rehabilitaci\u00f3n postural\",\"salud cervical\",\"salud p\u00fablica\",\"t\u00e9cnicas terap\u00e9uticas\",\"tecnolog\u00eda en rehabilitaci\u00f3n\",\"terapias integrativas\",\"terapias modernas\",\"tratamiento hol\u00edstico\",\"yoga terap\u00e9utico\"],\"articleSection\":[\"Blog\",\"Prevenci\u00f3n\",\"Semiolog\u00eda\"],\"inLanguage\":\"es\",\"potentialAction\":[{\"@type\":\"CommentAction\",\"name\":\"Comment\",\"target\":[\"https:\/\/galleanosebastian.com.ar\/index.php\/2025\/01\/26\/rehabilitacion-y-postura\/#respond\"]}]},{\"@type\":\"WebPage\",\"@id\":\"https:\/\/galleanosebastian.com.ar\/index.php\/2025\/01\/26\/rehabilitacion-y-postura\/\",\"url\":\"https:\/\/galleanosebastian.com.ar\/index.php\/2025\/01\/26\/rehabilitacion-y-postura\/\",\"name\":\"Rehabilitaci\u00f3n y Postura -\",\"isPartOf\":{\"@id\":\"https:\/\/galleanosebastian.com.ar\/#website\"},\"primaryImageOfPage\":{\"@id\":\"https:\/\/galleanosebastian.com.ar\/index.php\/2025\/01\/26\/rehabilitacion-y-postura\/#primaryimage\"},\"image\":{\"@id\":\"https:\/\/galleanosebastian.com.ar\/index.php\/2025\/01\/26\/rehabilitacion-y-postura\/#primaryimage\"},\"thumbnailUrl\":\"https:\/\/galleanosebastian.com.ar\/wp-content\/uploads\/2025\/01\/Copia-de-Copia-de-Copia-de-Copia-de-Diseno-sin-titulo-3.jpg\",\"datePublished\":\"2025-01-26T16:43:20+00:00\",\"dateModified\":\"2025-01-26T16:46:44+00:00\",\"breadcrumb\":{\"@id\":\"https:\/\/galleanosebastian.com.ar\/index.php\/2025\/01\/26\/rehabilitacion-y-postura\/#breadcrumb\"},\"inLanguage\":\"es\",\"potentialAction\":[{\"@type\":\"ReadAction\",\"target\":[\"https:\/\/galleanosebastian.com.ar\/index.php\/2025\/01\/26\/rehabilitacion-y-postura\/\"]}]},{\"@type\":\"ImageObject\",\"inLanguage\":\"es\",\"@id\":\"https:\/\/galleanosebastian.com.ar\/index.php\/2025\/01\/26\/rehabilitacion-y-postura\/#primaryimage\",\"url\":\"https:\/\/galleanosebastian.com.ar\/wp-content\/uploads\/2025\/01\/Copia-de-Copia-de-Copia-de-Copia-de-Diseno-sin-titulo-3.jpg\",\"contentUrl\":\"https:\/\/galleanosebastian.com.ar\/wp-content\/uploads\/2025\/01\/Copia-de-Copia-de-Copia-de-Copia-de-Diseno-sin-titulo-3.jpg\",\"width\":1440,\"height\":810},{\"@type\":\"BreadcrumbList\",\"@id\":\"https:\/\/galleanosebastian.com.ar\/index.php\/2025\/01\/26\/rehabilitacion-y-postura\/#breadcrumb\",\"itemListElement\":[{\"@type\":\"ListItem\",\"position\":1,\"name\":\"Home\",\"item\":\"https:\/\/galleanosebastian.com.ar\/\"},{\"@type\":\"ListItem\",\"position\":2,\"name\":\"Rehabilitaci\u00f3n y Postura\"}]},{\"@type\":\"WebSite\",\"@id\":\"https:\/\/galleanosebastian.com.ar\/#website\",\"url\":\"https:\/\/galleanosebastian.com.ar\/\",\"name\":\"Sebasti\u00e1n Pablo Galleano\",\"description\":\"\",\"publisher\":{\"@id\":\"https:\/\/galleanosebastian.com.ar\/#\/schema\/person\/e9e053bc7d61b5b176e446bc0b052f9c\"},\"potentialAction\":[{\"@type\":\"SearchAction\",\"target\":{\"@type\":\"EntryPoint\",\"urlTemplate\":\"https:\/\/galleanosebastian.com.ar\/?s={search_term_string}\"},\"query-input\":{\"@type\":\"PropertyValueSpecification\",\"valueRequired\":true,\"valueName\":\"search_term_string\"}}],\"inLanguage\":\"es\"},{\"@type\":[\"Person\",\"Organization\"],\"@id\":\"https:\/\/galleanosebastian.com.ar\/#\/schema\/person\/e9e053bc7d61b5b176e446bc0b052f9c\",\"name\":\"galleano.sebastian\",\"image\":{\"@type\":\"ImageObject\",\"inLanguage\":\"es\",\"@id\":\"https:\/\/galleanosebastian.com.ar\/#\/schema\/person\/image\/\",\"url\":\"https:\/\/galleanosebastian.com.ar\/wp-content\/uploads\/2023\/11\/cropped-Diseno-sin-titulo-6.png\",\"contentUrl\":\"https:\/\/galleanosebastian.com.ar\/wp-content\/uploads\/2023\/11\/cropped-Diseno-sin-titulo-6.png\",\"width\":250,\"height\":117,\"caption\":\"galleano.sebastian\"},\"logo\":{\"@id\":\"https:\/\/galleanosebastian.com.ar\/#\/schema\/person\/image\/\"},\"sameAs\":[\"https:\/\/galleanosebastian.com.ar\"],\"url\":\"https:\/\/galleanosebastian.com.ar\/index.php\/author\/galleano-sebastian\/\"}]}<\/script>\n<!-- \/ Yoast SEO plugin. -->","yoast_head_json":{"title":"Rehabilitaci\u00f3n y Postura -","robots":{"index":"index","follow":"follow","max-snippet":"max-snippet:-1","max-image-preview":"max-image-preview:large","max-video-preview":"max-video-preview:-1"},"canonical":"https:\/\/galleanosebastian.com.ar\/index.php\/2025\/01\/26\/rehabilitacion-y-postura\/","og_locale":"es_ES","og_type":"article","og_title":"Rehabilitaci\u00f3n y Postura -","og_description":"Migra\u00f1a y Cefaleas En alg\u00fan momento, todos hemos sentido el peso de un dolor de cabeza. Pero, \u00bfqu\u00e9 ocurre cuando ese malestar se vuelve cr\u00f3nico o incapacitante? Las migra\u00f1as y las cefaleas afectan a millones de personas en el mundo, con un impacto profundo en su calidad de vida. Este art\u00edculo explorar\u00e1 propuestas terap\u00e9uticas innovadoras [&hellip;]","og_url":"https:\/\/galleanosebastian.com.ar\/index.php\/2025\/01\/26\/rehabilitacion-y-postura\/","article_published_time":"2025-01-26T16:43:20+00:00","article_modified_time":"2025-01-26T16:46:44+00:00","og_image":[{"width":1440,"height":810,"url":"https:\/\/galleanosebastian.com.ar\/wp-content\/uploads\/2025\/01\/Copia-de-Copia-de-Copia-de-Copia-de-Diseno-sin-titulo-3.jpg","type":"image\/jpeg"}],"author":"galleano.sebastian","twitter_card":"summary_large_image","twitter_misc":{"Escrito por":"galleano.sebastian","Tiempo de lectura":"5 minutos"},"schema":{"@context":"https:\/\/schema.org","@graph":[{"@type":"Article","@id":"https:\/\/galleanosebastian.com.ar\/index.php\/2025\/01\/26\/rehabilitacion-y-postura\/#article","isPartOf":{"@id":"https:\/\/galleanosebastian.com.ar\/index.php\/2025\/01\/26\/rehabilitacion-y-postura\/"},"author":{"name":"galleano.sebastian","@id":"https:\/\/galleanosebastian.com.ar\/#\/schema\/person\/e9e053bc7d61b5b176e446bc0b052f9c"},"headline":"Rehabilitaci\u00f3n y Postura","datePublished":"2025-01-26T16:43:20+00:00","dateModified":"2025-01-26T16:46:44+00:00","mainEntityOfPage":{"@id":"https:\/\/galleanosebastian.com.ar\/index.php\/2025\/01\/26\/rehabilitacion-y-postura\/"},"wordCount":993,"commentCount":0,"publisher":{"@id":"https:\/\/galleanosebastian.com.ar\/#\/schema\/person\/e9e053bc7d61b5b176e446bc0b052f9c"},"image":{"@id":"https:\/\/galleanosebastian.com.ar\/index.php\/2025\/01\/26\/rehabilitacion-y-postura\/#primaryimage"},"thumbnailUrl":"https:\/\/galleanosebastian.com.ar\/wp-content\/uploads\/2025\/01\/Copia-de-Copia-de-Copia-de-Copia-de-Diseno-sin-titulo-3.jpg","keywords":["calidad de vida","cefaleas","cefaleas tensionales","dolor cr\u00f3nico","dolores de cabeza","ejercicios terap\u00e9uticos","investigaci\u00f3n en migra\u00f1as","manejo del estr\u00e9s","migra\u00f1as","postura y migra\u00f1as","postura y salud","rehabilitaci\u00f3n postural","salud cervical","salud p\u00fablica","t\u00e9cnicas terap\u00e9uticas","tecnolog\u00eda en rehabilitaci\u00f3n","terapias integrativas","terapias modernas","tratamiento hol\u00edstico","yoga terap\u00e9utico"],"articleSection":["Blog","Prevenci\u00f3n","Semiolog\u00eda"],"inLanguage":"es","potentialAction":[{"@type":"CommentAction","name":"Comment","target":["https:\/\/galleanosebastian.com.ar\/index.php\/2025\/01\/26\/rehabilitacion-y-postura\/#respond"]}]},{"@type":"WebPage","@id":"https:\/\/galleanosebastian.com.ar\/index.php\/2025\/01\/26\/rehabilitacion-y-postura\/","url":"https:\/\/galleanosebastian.com.ar\/index.php\/2025\/01\/26\/rehabilitacion-y-postura\/","name":"Rehabilitaci\u00f3n y Postura -","isPartOf":{"@id":"https:\/\/galleanosebastian.com.ar\/#website"},"primaryImageOfPage":{"@id":"https:\/\/galleanosebastian.com.ar\/index.php\/2025\/01\/26\/rehabilitacion-y-postura\/#primaryimage"},"image":{"@id":"https:\/\/galleanosebastian.com.ar\/index.php\/2025\/01\/26\/rehabilitacion-y-postura\/#primaryimage"},"thumbnailUrl":"https:\/\/galleanosebastian.com.ar\/wp-content\/uploads\/2025\/01\/Copia-de-Copia-de-Copia-de-Copia-de-Diseno-sin-titulo-3.jpg","datePublished":"2025-01-26T16:43:20+00:00","dateModified":"2025-01-26T16:46:44+00:00","breadcrumb":{"@id":"https:\/\/galleanosebastian.com.ar\/index.php\/2025\/01\/26\/rehabilitacion-y-postura\/#breadcrumb"},"inLanguage":"es","potentialAction":[{"@type":"ReadAction","target":["https:\/\/galleanosebastian.com.ar\/index.php\/2025\/01\/26\/rehabilitacion-y-postura\/"]}]},{"@type":"ImageObject","inLanguage":"es","@id":"https:\/\/galleanosebastian.com.ar\/index.php\/2025\/01\/26\/rehabilitacion-y-postura\/#primaryimage","url":"https:\/\/galleanosebastian.com.ar\/wp-content\/uploads\/2025\/01\/Copia-de-Copia-de-Copia-de-Copia-de-Diseno-sin-titulo-3.jpg","contentUrl":"https:\/\/galleanosebastian.com.ar\/wp-content\/uploads\/2025\/01\/Copia-de-Copia-de-Copia-de-Copia-de-Diseno-sin-titulo-3.jpg","width":1440,"height":810},{"@type":"BreadcrumbList","@id":"https:\/\/galleanosebastian.com.ar\/index.php\/2025\/01\/26\/rehabilitacion-y-postura\/#breadcrumb","itemListElement":[{"@type":"ListItem","position":1,"name":"Home","item":"https:\/\/galleanosebastian.com.ar\/"},{"@type":"ListItem","position":2,"name":"Rehabilitaci\u00f3n y Postura"}]},{"@type":"WebSite","@id":"https:\/\/galleanosebastian.com.ar\/#website","url":"https:\/\/galleanosebastian.com.ar\/","name":"Sebasti\u00e1n Pablo Galleano","description":"","publisher":{"@id":"https:\/\/galleanosebastian.com.ar\/#\/schema\/person\/e9e053bc7d61b5b176e446bc0b052f9c"},"potentialAction":[{"@type":"SearchAction","target":{"@type":"EntryPoint","urlTemplate":"https:\/\/galleanosebastian.com.ar\/?s={search_term_string}"},"query-input":{"@type":"PropertyValueSpecification","valueRequired":true,"valueName":"search_term_string"}}],"inLanguage":"es"},{"@type":["Person","Organization"],"@id":"https:\/\/galleanosebastian.com.ar\/#\/schema\/person\/e9e053bc7d61b5b176e446bc0b052f9c","name":"galleano.sebastian","image":{"@type":"ImageObject","inLanguage":"es","@id":"https:\/\/galleanosebastian.com.ar\/#\/schema\/person\/image\/","url":"https:\/\/galleanosebastian.com.ar\/wp-content\/uploads\/2023\/11\/cropped-Diseno-sin-titulo-6.png","contentUrl":"https:\/\/galleanosebastian.com.ar\/wp-content\/uploads\/2023\/11\/cropped-Diseno-sin-titulo-6.png","width":250,"height":117,"caption":"galleano.sebastian"},"logo":{"@id":"https:\/\/galleanosebastian.com.ar\/#\/schema\/person\/image\/"},"sameAs":["https:\/\/galleanosebastian.com.ar"],"url":"https:\/\/galleanosebastian.com.ar\/index.php\/author\/galleano-sebastian\/"}]}},"_links":{"self":[{"href":"https:\/\/galleanosebastian.com.ar\/index.php\/wp-json\/wp\/v2\/posts\/4211","targetHints":{"allow":["GET"]}}],"collection":[{"href":"https:\/\/galleanosebastian.com.ar\/index.php\/wp-json\/wp\/v2\/posts"}],"about":[{"href":"https:\/\/galleanosebastian.com.ar\/index.php\/wp-json\/wp\/v2\/types\/post"}],"author":[{"embeddable":true,"href":"https:\/\/galleanosebastian.com.ar\/index.php\/wp-json\/wp\/v2\/users\/1"}],"replies":[{"embeddable":true,"href":"https:\/\/galleanosebastian.com.ar\/index.php\/wp-json\/wp\/v2\/comments?post=4211"}],"version-history":[{"count":5,"href":"https:\/\/galleanosebastian.com.ar\/index.php\/wp-json\/wp\/v2\/posts\/4211\/revisions"}],"predecessor-version":[{"id":4217,"href":"https:\/\/galleanosebastian.com.ar\/index.php\/wp-json\/wp\/v2\/posts\/4211\/revisions\/4217"}],"wp:featuredmedia":[{"embeddable":true,"href":"https:\/\/galleanosebastian.com.ar\/index.php\/wp-json\/wp\/v2\/media\/4214"}],"wp:attachment":[{"href":"https:\/\/galleanosebastian.com.ar\/index.php\/wp-json\/wp\/v2\/media?parent=4211"}],"wp:term":[{"taxonomy":"category","embeddable":true,"href":"https:\/\/galleanosebastian.com.ar\/index.php\/wp-json\/wp\/v2\/categories?post=4211"},{"taxonomy":"post_tag","embeddable":true,"href":"https:\/\/galleanosebastian.com.ar\/index.php\/wp-json\/wp\/v2\/tags?post=4211"}],"curies":[{"name":"wp","href":"https:\/\/api.w.org\/{rel}","templated":true}]}}