{"id":4318,"date":"2025-03-28T05:16:00","date_gmt":"2025-03-28T04:16:00","guid":{"rendered":"https:\/\/galleanosebastian.com.ar\/?p=4318"},"modified":"2025-02-26T00:39:57","modified_gmt":"2025-02-25T23:39:57","slug":"cuanto-tiempo-tarda-en-sanar-una-lesion-de-ligamento","status":"publish","type":"post","link":"https:\/\/galleanosebastian.com.ar\/index.php\/2025\/03\/28\/cuanto-tiempo-tarda-en-sanar-una-lesion-de-ligamento\/","title":{"rendered":"\u00bfCu\u00e1nto tiempo tarda en sanar una lesi\u00f3n de ligamento?"},"content":{"rendered":"\t\t<div data-elementor-type=\"wp-post\" data-elementor-id=\"4318\" class=\"elementor elementor-4318\">\n\t\t\t\t<div class=\"elementor-element elementor-element-5a6d993 e-flex e-con-boxed e-con e-parent\" data-id=\"5a6d993\" data-element_type=\"container\">\n\t\t\t\t\t<div class=\"e-con-inner\">\n\t\t\t\t<div class=\"elementor-element elementor-element-8cb1319 elementor-widget elementor-widget-heading\" data-id=\"8cb1319\" data-element_type=\"widget\" data-widget_type=\"heading.default\">\n\t\t\t\t<div class=\"elementor-widget-container\">\n\t\t\t\t\t<h1 class=\"elementor-heading-title elementor-size-default\">Expectativas realistas y un plan de rehabilitaci\u00f3n estructurado<\/h1>\t\t\t\t<\/div>\n\t\t\t\t<\/div>\n\t\t\t\t<div class=\"elementor-element elementor-element-de2f090 elementor-widget elementor-widget-image\" data-id=\"de2f090\" data-element_type=\"widget\" data-widget_type=\"image.default\">\n\t\t\t\t<div class=\"elementor-widget-container\">\n\t\t\t\t\t\t\t\t\t\t\t\t\t\t\t<img fetchpriority=\"high\" decoding=\"async\" width=\"1024\" height=\"576\" src=\"https:\/\/galleanosebastian.com.ar\/wp-content\/uploads\/2025\/02\/11-1024x576.jpg\" class=\"attachment-large size-large wp-image-4293\" alt=\"\" srcset=\"https:\/\/galleanosebastian.com.ar\/wp-content\/uploads\/2025\/02\/11-1024x576.jpg 1024w, https:\/\/galleanosebastian.com.ar\/wp-content\/uploads\/2025\/02\/11-300x169.jpg 300w, https:\/\/galleanosebastian.com.ar\/wp-content\/uploads\/2025\/02\/11-768x432.jpg 768w, https:\/\/galleanosebastian.com.ar\/wp-content\/uploads\/2025\/02\/11.jpg 1440w\" sizes=\"(max-width: 1024px) 100vw, 1024px\" \/>\t\t\t\t\t\t\t\t\t\t\t\t\t\t\t<\/div>\n\t\t\t\t<\/div>\n\t\t\t\t<div class=\"elementor-element elementor-element-d68a3a5 elementor-widget elementor-widget-text-editor\" data-id=\"d68a3a5\" data-element_type=\"widget\" data-widget_type=\"text-editor.default\">\n\t\t\t\t<div class=\"elementor-widget-container\">\n\t\t\t\t\t\t\t\t\t<p>Las lesiones de ligamento pueden ser frustrantes y afectar nuestra calidad de vida y rendimiento deportivo. A lo largo de mi experiencia, he visto c\u00f3mo una rehabilitaci\u00f3n adecuada marca la diferencia en el tiempo de recuperaci\u00f3n y en la prevenci\u00f3n de reca\u00eddas. Muchas de las consultas que recibo por dolores cr\u00f3nicos est\u00e1n relacionadas con una rehabilitaci\u00f3n deficiente o inexistente, lo que prolonga el malestar y aumenta el riesgo de nuevas lesiones. Hoy quiero compartir contigo informaci\u00f3n clave sobre los tiempos de sanaci\u00f3n y los protocolos recomendados para optimizar la recuperaci\u00f3n y evitar complicaciones a largo plazo.<\/p><h2><b>\u00bfCu\u00e1nto tiempo tarda en sanar una lesi\u00f3n de ligamento?<\/b><\/h2><p><span style=\"font-weight: 400;\">El tiempo de recuperaci\u00f3n de una lesi\u00f3n de ligamento depende de varios factores, como el tipo de ligamento afectado, la gravedad de la lesi\u00f3n y el seguimiento de un plan de rehabilitaci\u00f3n adecuado.<\/span><\/p><h3><b>Tiempos estimados seg\u00fan el grado de la lesi\u00f3n<\/b><\/h3><ol><li style=\"font-weight: 400;\" aria-level=\"1\"><b>Lesi\u00f3n de ligamento grado I (leve)<\/b><span style=\"font-weight: 400;\">:<\/span><ul><li style=\"font-weight: 400;\" aria-level=\"2\"><span style=\"font-weight: 400;\">Microdesgarros en el tejido ligamentoso.<\/span><\/li><li style=\"font-weight: 400;\" aria-level=\"2\"><span style=\"font-weight: 400;\">Recuperaci\u00f3n: <\/span><b>2 a 4 semanas<\/b><span style=\"font-weight: 400;\"> con reposo y fortalecimiento progresivo.<\/span><\/li><\/ul><\/li><li style=\"font-weight: 400;\" aria-level=\"1\"><b>Lesi\u00f3n de ligamento grado II (moderada)<\/b><span style=\"font-weight: 400;\">:<\/span><ul><li style=\"font-weight: 400;\" aria-level=\"2\"><span style=\"font-weight: 400;\">Desgarro parcial del ligamento.<\/span><\/li><li style=\"font-weight: 400;\" aria-level=\"2\"><span style=\"font-weight: 400;\">Recuperaci\u00f3n: <\/span><b>6 a 12 semanas<\/b><span style=\"font-weight: 400;\">, dependiendo de la respuesta al tratamiento.<\/span><\/li><\/ul><\/li><li style=\"font-weight: 400;\" aria-level=\"1\"><b>Lesi\u00f3n de ligamento grado III (grave)<\/b><span style=\"font-weight: 400;\">:<\/span><ul><li style=\"font-weight: 400;\" aria-level=\"2\"><span style=\"font-weight: 400;\">Rotura completa del ligamento, con posible necesidad de cirug\u00eda.<\/span><\/li><li style=\"font-weight: 400;\" aria-level=\"2\"><span style=\"font-weight: 400;\">Recuperaci\u00f3n: <\/span><b>4 a 12 meses<\/b><span style=\"font-weight: 400;\">, seg\u00fan la cirug\u00eda y el proceso de rehabilitaci\u00f3n.<\/span><\/li><\/ul><\/li><\/ol><h2><b>Protocolos de rehabilitaci\u00f3n para una recuperaci\u00f3n efectiva<\/b><\/h2><p><span style=\"font-weight: 400;\">Seguir un plan de rehabilitaci\u00f3n estructurado es fundamental para evitar complicaciones y garantizar una buena recuperaci\u00f3n.<\/span><\/p><h3><b>1. Fase inicial: Control del dolor e inflamaci\u00f3n (0-2 semanas)<\/b><\/h3><ul><li style=\"font-weight: 400;\" aria-level=\"1\"><span style=\"font-weight: 400;\">Aplicaci\u00f3n del protocolo <\/span><b>R.I.C.E.<\/b><span style=\"font-weight: 400;\"> (reposo, hielo, compresi\u00f3n y elevaci\u00f3n).<\/span><\/li><li style=\"font-weight: 400;\" aria-level=\"1\"><span style=\"font-weight: 400;\">Uso de dispositivos de soporte si es necesario (f\u00e9rulas, muletas).<\/span><\/li><li style=\"font-weight: 400;\" aria-level=\"1\"><span style=\"font-weight: 400;\">Movilizaci\u00f3n suave para prevenir rigidez.<\/span><\/li><\/ul><h3><b>2. Fase intermedia: Recuperaci\u00f3n de movilidad y fuerza (2-6 semanas)<\/b><\/h3><ul><li style=\"font-weight: 400;\" aria-level=\"1\"><span style=\"font-weight: 400;\">Ejercicios de movilidad sin dolor.<\/span><\/li><li style=\"font-weight: 400;\" aria-level=\"1\"><span style=\"font-weight: 400;\">Fortalecimiento progresivo con bandas el\u00e1sticas y propiocepci\u00f3n.<\/span><\/li><li style=\"font-weight: 400;\" aria-level=\"1\"><span style=\"font-weight: 400;\">Terapia manual para mejorar la circulaci\u00f3n y evitar adherencias.<\/span><\/li><\/ul><h3><b>3. Fase avanzada: Reeducaci\u00f3n funcional y fortalecimiento (6-12 semanas)<\/b><\/h3><ul><li style=\"font-weight: 400;\" aria-level=\"1\"><span style=\"font-weight: 400;\">Ejercicios de carga progresiva.<\/span><\/li><li style=\"font-weight: 400;\" aria-level=\"1\"><span style=\"font-weight: 400;\">Trabajo de estabilidad y control motor.<\/span><\/li><li style=\"font-weight: 400;\" aria-level=\"1\"><span style=\"font-weight: 400;\">Inicio de movimientos espec\u00edficos al deporte o actividad habitual.<\/span><\/li><\/ul><h3><b>4. Fase de retorno a la actividad (3-12 meses)<\/b><\/h3><ul><li style=\"font-weight: 400;\" aria-level=\"1\"><span style=\"font-weight: 400;\">Incremento de la carga e intensidad del ejercicio.<\/span><\/li><li style=\"font-weight: 400;\" aria-level=\"1\"><span style=\"font-weight: 400;\">Prevenci\u00f3n de reca\u00eddas con ejercicios de fortalecimiento continuo.<\/span><\/li><li style=\"font-weight: 400;\" aria-level=\"1\"><span style=\"font-weight: 400;\">Evaluaciones peri\u00f3dicas para asegurar que el ligamento est\u00e9 completamente recuperado.<\/span><\/li><\/ul><h2><b>Factores que pueden afectar la recuperaci\u00f3n<\/b><\/h2><p><span style=\"font-weight: 400;\">Hay aspectos que pueden influir en la rapidez y efectividad del proceso de rehabilitaci\u00f3n:<\/span><\/p><ul><li style=\"font-weight: 400;\" aria-level=\"1\"><b>Edad y condici\u00f3n f\u00edsica previa<\/b><span style=\"font-weight: 400;\">: Una persona con buen nivel de fuerza y movilidad suele recuperarse mejor.<\/span><\/li><li style=\"font-weight: 400;\" aria-level=\"1\"><b>Cumplimiento del plan de rehabilitaci\u00f3n<\/b><span style=\"font-weight: 400;\">: No seguir las indicaciones puede retrasar la sanaci\u00f3n.<\/span><\/li><li style=\"font-weight: 400;\" aria-level=\"1\"><b>Presencia de otras lesiones<\/b><span style=\"font-weight: 400;\">: Un da\u00f1o asociado en cart\u00edlago o meniscos puede prolongar la recuperaci\u00f3n.<\/span><\/li><\/ul><h2><b>Prevenci\u00f3n de futuras lesiones de ligamento<\/b><\/h2><p><span style=\"font-weight: 400;\">Una vez recuperado, es importante adoptar estrategias para evitar nuevas lesiones:<\/span><\/p><ul><li style=\"font-weight: 400;\" aria-level=\"1\"><b>Ejercicios de estabilidad y control motor<\/b><span style=\"font-weight: 400;\"> para fortalecer articulaciones.<\/span><\/li><li style=\"font-weight: 400;\" aria-level=\"1\"><b>Movilidad articular<\/b><span style=\"font-weight: 400;\"> para mejorar la flexibilidad y prevenir sobrecargas.<\/span><\/li><li style=\"font-weight: 400;\" aria-level=\"1\"><b>Entrenamiento de fuerza<\/b><span style=\"font-weight: 400;\"> para reforzar los m\u00fasculos que protegen los ligamentos.<\/span><\/li><\/ul><p><em><span style=\"font-weight: 400;\">La recuperaci\u00f3n de una lesi\u00f3n de ligamento requiere paciencia, compromiso y un plan de rehabilitaci\u00f3n bien estructurado. Cada caso es \u00fanico, pero con la gu\u00eda adecuada es posible volver a la actividad con seguridad y confianza.<\/span><\/em><\/p><p><em><span style=\"font-weight: 400;\">Si tienes dudas sobre tu lesi\u00f3n o necesitas un plan de rehabilitaci\u00f3n personalizado, \u00a1cont\u00e1ctame y estar\u00e9 encantado de ayudarte!<\/span><\/em><\/p>\t\t\t\t\t\t\t\t<\/div>\n\t\t\t\t<\/div>\n\t\t\t\t<div class=\"elementor-element elementor-element-d3e4e70 elementor-grid-eael-col-4 elementor-grid-tablet-eael-col-2 elementor-grid-mobile-eael-col-1 elementor-widget elementor-widget-eael-post-grid\" data-id=\"d3e4e70\" data-element_type=\"widget\" data-settings=\"{&quot;eael_post_grid_columns&quot;:&quot;eael-col-4&quot;,&quot;eael_post_grid_columns_tablet&quot;:&quot;eael-col-2&quot;,&quot;eael_post_grid_columns_mobile&quot;:&quot;eael-col-1&quot;}\" data-widget_type=\"eael-post-grid.default\">\n\t\t\t\t<div class=\"elementor-widget-container\">\n\t\t\t\t\t<div id=\"eael-post-grid-d3e4e70\" class=\"eael-post-grid-container\">\n            <div class=\"eael-post-grid eael-post-appender eael-post-appender-d3e4e70 eael-post-grid-style-one\" data-layout-mode=\"masonry\"><article class=\"eael-grid-post eael-post-grid-column\" data-id=\"4768\">\n        <div class=\"eael-grid-post-holder\">\n            <div class=\"eael-grid-post-holder-inner\"><div class=\"eael-entry-media\"><div class=\"eael-entry-overlay fade-in\"><i class=\"fas fa-long-arrow-alt-right\" aria-hidden=\"true\"><\/i><a href=\"https:\/\/galleanosebastian.com.ar\/index.php\/2025\/09\/02\/rehabilitacion-de-cervicalgia-en-adultos-con-sobrepeso\/\"><\/a><\/div><div class=\"eael-entry-thumbnail \">\n                <img decoding=\"async\" width=\"300\" height=\"169\" src=\"https:\/\/galleanosebastian.com.ar\/wp-content\/uploads\/2025\/09\/63-300x169.jpg\" class=\"attachment-medium size-medium wp-image-4776\" alt=\"\" srcset=\"https:\/\/galleanosebastian.com.ar\/wp-content\/uploads\/2025\/09\/63-300x169.jpg 300w, https:\/\/galleanosebastian.com.ar\/wp-content\/uploads\/2025\/09\/63-1024x576.jpg 1024w, https:\/\/galleanosebastian.com.ar\/wp-content\/uploads\/2025\/09\/63-768x432.jpg 768w, https:\/\/galleanosebastian.com.ar\/wp-content\/uploads\/2025\/09\/63-1536x864.jpg 1536w, https:\/\/galleanosebastian.com.ar\/wp-content\/uploads\/2025\/09\/63.jpg 1600w\" sizes=\"(max-width: 300px) 100vw, 300px\" \/>\n            <\/div>\n        <\/div><div class=\"eael-entry-wrapper\"><header class=\"eael-entry-header\"><h6 class=\"eael-entry-title\"><a\n                        class=\"eael-grid-post-link\"\n                        href=\"https:\/\/galleanosebastian.com.ar\/index.php\/2025\/09\/02\/rehabilitacion-de-cervicalgia-en-adultos-con-sobrepeso\/\"\n                        title=\"Rehabilitaci\u00f3n de cervicalgia en adultos con sobrepeso\">Rehabilitaci\u00f3n de cervicalgia en adultos con sobrepeso<\/a><\/h6><\/header><div class=\"eael-entry-content\">\n                        <div class=\"eael-grid-post-excerpt\"><p>C\u00f3mo abordar la cervicalgia mec\u00e1nica en adultos con sobrepeso y...<\/p><a href=\"https:\/\/galleanosebastian.com.ar\/index.php\/2025\/09\/02\/rehabilitacion-de-cervicalgia-en-adultos-con-sobrepeso\/\" class=\"eael-post-elements-readmore-btn\">Read More<\/a><\/div>\n                    <\/div><div class=\"eael-entry-footer\"><div class=\"eael-author-avatar\"><a href=\"https:\/\/galleanosebastian.com.ar\/index.php\/author\/galleano-sebastian\/\"><img alt='galleano.sebastian' src='https:\/\/secure.gravatar.com\/avatar\/696976b010028a9cf4df4a37738269e5?s=96&#038;d=mm&#038;r=g' srcset='https:\/\/secure.gravatar.com\/avatar\/696976b010028a9cf4df4a37738269e5?s=192&#038;d=mm&#038;r=g 2x' class='avatar avatar-96 photo' height='96' width='96' \/><\/a><\/div><div class=\"eael-entry-meta\"><span class=\"eael-posted-by\"><a href=\"https:\/\/galleanosebastian.com.ar\/index.php\/author\/galleano-sebastian\/\" title=\"Entradas de galleano.sebastian\" rel=\"author\">galleano.sebastian<\/a><\/span><span class=\"eael-posted-on\"><time datetime=\"2 de septiembre de 2025\">2 de septiembre de 2025<\/time><\/span><\/div><\/div><\/div><\/div>\n        <\/div>\n    <\/article><article class=\"eael-grid-post eael-post-grid-column\" data-id=\"4763\">\n        <div class=\"eael-grid-post-holder\">\n            <div class=\"eael-grid-post-holder-inner\"><div class=\"eael-entry-media\"><div class=\"eael-entry-overlay fade-in\"><i class=\"fas fa-long-arrow-alt-right\" aria-hidden=\"true\"><\/i><a href=\"https:\/\/galleanosebastian.com.ar\/index.php\/2025\/08\/26\/rehabilitacion-de-lumbalgia-en-adultos-con-sobrepeso\/\"><\/a><\/div><div class=\"eael-entry-thumbnail \">\n                <img decoding=\"async\" width=\"300\" height=\"169\" src=\"https:\/\/galleanosebastian.com.ar\/wp-content\/uploads\/2025\/09\/61-300x169.jpg\" class=\"attachment-medium size-medium wp-image-4774\" alt=\"\" srcset=\"https:\/\/galleanosebastian.com.ar\/wp-content\/uploads\/2025\/09\/61-300x169.jpg 300w, https:\/\/galleanosebastian.com.ar\/wp-content\/uploads\/2025\/09\/61-1024x576.jpg 1024w, https:\/\/galleanosebastian.com.ar\/wp-content\/uploads\/2025\/09\/61-768x432.jpg 768w, https:\/\/galleanosebastian.com.ar\/wp-content\/uploads\/2025\/09\/61-1536x864.jpg 1536w, https:\/\/galleanosebastian.com.ar\/wp-content\/uploads\/2025\/09\/61.jpg 1600w\" sizes=\"(max-width: 300px) 100vw, 300px\" \/>\n            <\/div>\n        <\/div><div class=\"eael-entry-wrapper\"><header class=\"eael-entry-header\"><h6 class=\"eael-entry-title\"><a\n                        class=\"eael-grid-post-link\"\n                        href=\"https:\/\/galleanosebastian.com.ar\/index.php\/2025\/08\/26\/rehabilitacion-de-lumbalgia-en-adultos-con-sobrepeso\/\"\n                        title=\"Rehabilitaci\u00f3n de lumbalgia en adultos con sobrepeso\">Rehabilitaci\u00f3n de lumbalgia en adultos con sobrepeso<\/a><\/h6><\/header><div class=\"eael-entry-content\">\n                        <div class=\"eael-grid-post-excerpt\"><p>Rehabilitaci\u00f3n de lumbalgia en adultos con sobrepeso: c\u00f3mo recuperar bienestar...<\/p><a href=\"https:\/\/galleanosebastian.com.ar\/index.php\/2025\/08\/26\/rehabilitacion-de-lumbalgia-en-adultos-con-sobrepeso\/\" class=\"eael-post-elements-readmore-btn\">Read More<\/a><\/div>\n                    <\/div><div class=\"eael-entry-footer\"><div class=\"eael-author-avatar\"><a href=\"https:\/\/galleanosebastian.com.ar\/index.php\/author\/galleano-sebastian\/\"><img alt='galleano.sebastian' src='https:\/\/secure.gravatar.com\/avatar\/696976b010028a9cf4df4a37738269e5?s=96&#038;d=mm&#038;r=g' srcset='https:\/\/secure.gravatar.com\/avatar\/696976b010028a9cf4df4a37738269e5?s=192&#038;d=mm&#038;r=g 2x' class='avatar avatar-96 photo' height='96' width='96' \/><\/a><\/div><div class=\"eael-entry-meta\"><span class=\"eael-posted-by\"><a href=\"https:\/\/galleanosebastian.com.ar\/index.php\/author\/galleano-sebastian\/\" title=\"Entradas de galleano.sebastian\" rel=\"author\">galleano.sebastian<\/a><\/span><span class=\"eael-posted-on\"><time datetime=\"26 de agosto de 2025\">26 de agosto de 2025<\/time><\/span><\/div><\/div><\/div><\/div>\n        <\/div>\n    <\/article><article class=\"eael-grid-post eael-post-grid-column\" data-id=\"4757\">\n        <div class=\"eael-grid-post-holder\">\n            <div class=\"eael-grid-post-holder-inner\"><div class=\"eael-entry-media\"><div class=\"eael-entry-overlay fade-in\"><i class=\"fas fa-long-arrow-alt-right\" aria-hidden=\"true\"><\/i><a href=\"https:\/\/galleanosebastian.com.ar\/index.php\/2025\/08\/20\/rehabilitacion-de-rodillas-en-adultos-con-sobrepeso-y-dolor\/\"><\/a><\/div><div class=\"eael-entry-thumbnail \">\n                <img loading=\"lazy\" decoding=\"async\" width=\"300\" height=\"169\" src=\"https:\/\/galleanosebastian.com.ar\/wp-content\/uploads\/2025\/09\/65-300x169.jpg\" class=\"attachment-medium size-medium wp-image-4778\" alt=\"\" srcset=\"https:\/\/galleanosebastian.com.ar\/wp-content\/uploads\/2025\/09\/65-300x169.jpg 300w, https:\/\/galleanosebastian.com.ar\/wp-content\/uploads\/2025\/09\/65-1024x576.jpg 1024w, https:\/\/galleanosebastian.com.ar\/wp-content\/uploads\/2025\/09\/65-768x432.jpg 768w, https:\/\/galleanosebastian.com.ar\/wp-content\/uploads\/2025\/09\/65-1536x864.jpg 1536w, https:\/\/galleanosebastian.com.ar\/wp-content\/uploads\/2025\/09\/65.jpg 1600w\" sizes=\"(max-width: 300px) 100vw, 300px\" \/>\n            <\/div>\n        <\/div><div class=\"eael-entry-wrapper\"><header class=\"eael-entry-header\"><h6 class=\"eael-entry-title\"><a\n                        class=\"eael-grid-post-link\"\n                        href=\"https:\/\/galleanosebastian.com.ar\/index.php\/2025\/08\/20\/rehabilitacion-de-rodillas-en-adultos-con-sobrepeso-y-dolor\/\"\n                        title=\"Rehabilitaci\u00f3n de rodillas en adultos con sobrepeso y dolor\">Rehabilitaci\u00f3n de rodillas en adultos con sobrepeso y dolor<\/a><\/h6><\/header><div class=\"eael-entry-content\">\n                        <div class=\"eael-grid-post-excerpt\"><p>C\u00f3mo recuper\u00e9 movilidad y bienestar con rehabilitaci\u00f3n de rodillas en...<\/p><a href=\"https:\/\/galleanosebastian.com.ar\/index.php\/2025\/08\/20\/rehabilitacion-de-rodillas-en-adultos-con-sobrepeso-y-dolor\/\" class=\"eael-post-elements-readmore-btn\">Read More<\/a><\/div>\n                    <\/div><div class=\"eael-entry-footer\"><div class=\"eael-author-avatar\"><a href=\"https:\/\/galleanosebastian.com.ar\/index.php\/author\/galleano-sebastian\/\"><img alt='galleano.sebastian' src='https:\/\/secure.gravatar.com\/avatar\/696976b010028a9cf4df4a37738269e5?s=96&#038;d=mm&#038;r=g' srcset='https:\/\/secure.gravatar.com\/avatar\/696976b010028a9cf4df4a37738269e5?s=192&#038;d=mm&#038;r=g 2x' class='avatar avatar-96 photo' height='96' width='96' \/><\/a><\/div><div class=\"eael-entry-meta\"><span class=\"eael-posted-by\"><a href=\"https:\/\/galleanosebastian.com.ar\/index.php\/author\/galleano-sebastian\/\" title=\"Entradas de galleano.sebastian\" rel=\"author\">galleano.sebastian<\/a><\/span><span class=\"eael-posted-on\"><time datetime=\"20 de agosto de 2025\">20 de agosto de 2025<\/time><\/span><\/div><\/div><\/div><\/div>\n        <\/div>\n    <\/article><article class=\"eael-grid-post eael-post-grid-column\" data-id=\"4749\">\n        <div class=\"eael-grid-post-holder\">\n            <div class=\"eael-grid-post-holder-inner\"><div class=\"eael-entry-media\"><div class=\"eael-entry-overlay fade-in\"><i class=\"fas fa-long-arrow-alt-right\" aria-hidden=\"true\"><\/i><a href=\"https:\/\/galleanosebastian.com.ar\/index.php\/2025\/07\/30\/fractura-de-muneca-en-adultos-mayores-como-recuperarse\/\"><\/a><\/div><div class=\"eael-entry-thumbnail \">\n                <img loading=\"lazy\" decoding=\"async\" width=\"300\" height=\"169\" src=\"https:\/\/galleanosebastian.com.ar\/wp-content\/uploads\/2025\/06\/1-4-300x169.jpg\" class=\"attachment-medium size-medium wp-image-4751\" alt=\"\" srcset=\"https:\/\/galleanosebastian.com.ar\/wp-content\/uploads\/2025\/06\/1-4-300x169.jpg 300w, https:\/\/galleanosebastian.com.ar\/wp-content\/uploads\/2025\/06\/1-4-1024x576.jpg 1024w, https:\/\/galleanosebastian.com.ar\/wp-content\/uploads\/2025\/06\/1-4-768x432.jpg 768w, https:\/\/galleanosebastian.com.ar\/wp-content\/uploads\/2025\/06\/1-4-1536x864.jpg 1536w, https:\/\/galleanosebastian.com.ar\/wp-content\/uploads\/2025\/06\/1-4.jpg 1920w\" sizes=\"(max-width: 300px) 100vw, 300px\" \/>\n            <\/div>\n        <\/div><div class=\"eael-entry-wrapper\"><header class=\"eael-entry-header\"><h6 class=\"eael-entry-title\"><a\n                        class=\"eael-grid-post-link\"\n                        href=\"https:\/\/galleanosebastian.com.ar\/index.php\/2025\/07\/30\/fractura-de-muneca-en-adultos-mayores-como-recuperarse\/\"\n                        title=\"Fractura de mu\u00f1eca en adultos mayores: c\u00f3mo recuperarse\">Fractura de mu\u00f1eca en adultos mayores: c\u00f3mo recuperarse<\/a><\/h6><\/header><div class=\"eael-entry-content\">\n                        <div class=\"eael-grid-post-excerpt\"><p>Fractura de mu\u00f1eca en adultos mayores: c\u00f3mo acompa\u00f1amos la recuperaci\u00f3n...<\/p><a href=\"https:\/\/galleanosebastian.com.ar\/index.php\/2025\/07\/30\/fractura-de-muneca-en-adultos-mayores-como-recuperarse\/\" class=\"eael-post-elements-readmore-btn\">Read More<\/a><\/div>\n                    <\/div><div class=\"eael-entry-footer\"><div class=\"eael-author-avatar\"><a href=\"https:\/\/galleanosebastian.com.ar\/index.php\/author\/galleano-sebastian\/\"><img alt='galleano.sebastian' src='https:\/\/secure.gravatar.com\/avatar\/696976b010028a9cf4df4a37738269e5?s=96&#038;d=mm&#038;r=g' srcset='https:\/\/secure.gravatar.com\/avatar\/696976b010028a9cf4df4a37738269e5?s=192&#038;d=mm&#038;r=g 2x' class='avatar avatar-96 photo' height='96' width='96' \/><\/a><\/div><div class=\"eael-entry-meta\"><span class=\"eael-posted-by\"><a href=\"https:\/\/galleanosebastian.com.ar\/index.php\/author\/galleano-sebastian\/\" title=\"Entradas de galleano.sebastian\" rel=\"author\">galleano.sebastian<\/a><\/span><span class=\"eael-posted-on\"><time datetime=\"30 de julio de 2025\">30 de julio de 2025<\/time><\/span><\/div><\/div><\/div><\/div>\n        <\/div>\n    <\/article><\/div>\n            <div class=\"clearfix\"><\/div>\n        <\/div>            <div class=\"eael-load-more-button-wrap eael-force-hide\">\n                <button class=\"eael-load-more-button\" id=\"eael-load-more-btn-d3e4e70\" data-widget-id=\"d3e4e70\" data-widget=\"d3e4e70\" data-page-id=\"4318\" data-template=\"{&quot;dir&quot;:&quot;lite&quot;,&quot;file_name&quot;:&quot;default.php&quot;,&quot;name&quot;:&quot;Post-Grid&quot;}\" data-class=\"Essential_Addons_Elementor\\Elements\\Post_Grid\" data-layout=\"masonry\" data-page=\"1\" data-args=\"orderby=date&amp;order=desc&amp;ignore_sticky_posts=1&amp;post_status=publish&amp;posts_per_page=4&amp;offset=0&amp;post_type=post\" data-max-page=\"42\">\n                    <span class=\"eael-btn-loader button__loader\"><\/span>\n                    <span class=\"eael_load_more_text\">Load More<\/span>\n                <\/button>\n            <\/div>\n            \t\t\t\t<\/div>\n\t\t\t\t<\/div>\n\t\t\t\t\t<\/div>\n\t\t\t\t<\/div>\n\t\t\t\t<\/div>\n\t\t","protected":false},"excerpt":{"rendered":"<p>Expectativas realistas y un plan de rehabilitaci\u00f3n estructurado Las lesiones de ligamento pueden ser frustrantes y afectar nuestra calidad de vida y rendimiento deportivo. A lo largo de mi experiencia, he visto c\u00f3mo una rehabilitaci\u00f3n adecuada marca la diferencia en el tiempo de recuperaci\u00f3n y en la prevenci\u00f3n de reca\u00eddas. Muchas de las consultas que [&hellip;]<\/p>\n","protected":false},"author":1,"featured_media":4292,"comment_status":"open","ping_status":"open","sticky":false,"template":"","format":"standard","meta":{"site-sidebar-layout":"default","site-content-layout":"","ast-site-content-layout":"","site-content-style":"default","site-sidebar-style":"default","ast-global-header-display":"","ast-banner-title-visibility":"","ast-main-header-display":"","ast-hfb-above-header-display":"","ast-hfb-below-header-display":"","ast-hfb-mobile-header-display":"","site-post-title":"","ast-breadcrumbs-content":"","ast-featured-img":"","footer-sml-layout":"","theme-transparent-header-meta":"","adv-header-id-meta":"","stick-header-meta":"","header-above-stick-meta":"","header-main-stick-meta":"","header-below-stick-meta":"","astra-migrate-meta-layouts":"default","ast-page-background-enabled":"default","ast-page-background-meta":{"desktop":{"background-color":"var(--ast-global-color-4)","background-image":"","background-repeat":"repeat","background-position":"center center","background-size":"auto","background-attachment":"scroll","background-type":"","background-media":"","overlay-type":"","overlay-color":"","overlay-opacity":"","overlay-gradient":""},"tablet":{"background-color":"","background-image":"","background-repeat":"repeat","background-position":"center center","background-size":"auto","background-attachment":"scroll","background-type":"","background-media":"","overlay-type":"","overlay-color":"","overlay-opacity":"","overlay-gradient":""},"mobile":{"background-color":"","background-image":"","background-repeat":"repeat","background-position":"center center","background-size":"auto","background-attachment":"scroll","background-type":"","background-media":"","overlay-type":"","overlay-color":"","overlay-opacity":"","overlay-gradient":""}},"ast-content-background-meta":{"desktop":{"background-color":"var(--ast-global-color-5)","background-image":"","background-repeat":"repeat","background-position":"center center","background-size":"auto","background-attachment":"scroll","background-type":"","background-media":"","overlay-type":"","overlay-color":"","overlay-opacity":"","overlay-gradient":""},"tablet":{"background-color":"var(--ast-global-color-5)","background-image":"","background-repeat":"repeat","background-position":"center center","background-size":"auto","background-attachment":"scroll","background-type":"","background-media":"","overlay-type":"","overlay-color":"","overlay-opacity":"","overlay-gradient":""},"mobile":{"background-color":"var(--ast-global-color-5)","background-image":"","background-repeat":"repeat","background-position":"center center","background-size":"auto","background-attachment":"scroll","background-type":"","background-media":"","overlay-type":"","overlay-color":"","overlay-opacity":"","overlay-gradient":""}},"footnotes":"","_wpscppro_custom_social_share_image":0,"_facebook_share_type":"default","_twitter_share_type":"default","_linkedin_share_type":"default","_pinterest_share_type":"default","_linkedin_share_type_page":"","_instagram_share_type":"default","_medium_share_type":"default","_threads_share_type":"","_selected_social_profile":null},"categories":[2,1,6],"tags":[598,595,579,596,597,234,90],"class_list":["post-4318","post","type-post","status-publish","format-standard","has-post-thumbnail","hentry","category-asistencia","category-blog","category-prevencion","tag-ejerciciosdefortalecimiento","tag-lesiondeligamento","tag-prevenciondelesiones","tag-protocolos","tag-recuperacionmuscular","tag-saludarticular","tag-rehabilitacion"],"yoast_head":"<!-- This site is optimized with the Yoast SEO plugin v24.6 - https:\/\/yoast.com\/wordpress\/plugins\/seo\/ -->\n<title>\u00bfCu\u00e1nto tiempo tarda en sanar una lesi\u00f3n de ligamento? -<\/title>\n<meta name=\"robots\" content=\"index, follow, max-snippet:-1, max-image-preview:large, max-video-preview:-1\" \/>\n<link rel=\"canonical\" href=\"https:\/\/galleanosebastian.com.ar\/index.php\/2025\/03\/28\/cuanto-tiempo-tarda-en-sanar-una-lesion-de-ligamento\/\" \/>\n<meta property=\"og:locale\" content=\"es_ES\" \/>\n<meta property=\"og:type\" content=\"article\" \/>\n<meta property=\"og:title\" content=\"\u00bfCu\u00e1nto tiempo tarda en sanar una lesi\u00f3n de ligamento? -\" \/>\n<meta property=\"og:description\" content=\"Expectativas realistas y un plan de rehabilitaci\u00f3n estructurado Las lesiones de ligamento pueden ser frustrantes y afectar nuestra calidad de vida y rendimiento deportivo. A lo largo de mi experiencia, he visto c\u00f3mo una rehabilitaci\u00f3n adecuada marca la diferencia en el tiempo de recuperaci\u00f3n y en la prevenci\u00f3n de reca\u00eddas. Muchas de las consultas que [&hellip;]\" \/>\n<meta property=\"og:url\" content=\"https:\/\/galleanosebastian.com.ar\/index.php\/2025\/03\/28\/cuanto-tiempo-tarda-en-sanar-una-lesion-de-ligamento\/\" \/>\n<meta property=\"article:published_time\" content=\"2025-03-28T04:16:00+00:00\" \/>\n<meta property=\"og:image\" content=\"https:\/\/galleanosebastian.com.ar\/wp-content\/uploads\/2025\/02\/10-1.jpg\" \/>\n\t<meta property=\"og:image:width\" content=\"1440\" \/>\n\t<meta property=\"og:image:height\" content=\"810\" \/>\n\t<meta property=\"og:image:type\" content=\"image\/jpeg\" \/>\n<meta name=\"author\" content=\"galleano.sebastian\" \/>\n<meta name=\"twitter:card\" content=\"summary_large_image\" \/>\n<meta name=\"twitter:label1\" content=\"Escrito por\" \/>\n\t<meta name=\"twitter:data1\" content=\"galleano.sebastian\" \/>\n\t<meta name=\"twitter:label2\" content=\"Tiempo de lectura\" \/>\n\t<meta name=\"twitter:data2\" content=\"5 minutos\" \/>\n<script type=\"application\/ld+json\" class=\"yoast-schema-graph\">{\"@context\":\"https:\/\/schema.org\",\"@graph\":[{\"@type\":\"Article\",\"@id\":\"https:\/\/galleanosebastian.com.ar\/index.php\/2025\/03\/28\/cuanto-tiempo-tarda-en-sanar-una-lesion-de-ligamento\/#article\",\"isPartOf\":{\"@id\":\"https:\/\/galleanosebastian.com.ar\/index.php\/2025\/03\/28\/cuanto-tiempo-tarda-en-sanar-una-lesion-de-ligamento\/\"},\"author\":{\"name\":\"galleano.sebastian\",\"@id\":\"https:\/\/galleanosebastian.com.ar\/#\/schema\/person\/e9e053bc7d61b5b176e446bc0b052f9c\"},\"headline\":\"\u00bfCu\u00e1nto tiempo tarda en sanar una lesi\u00f3n de ligamento?\",\"datePublished\":\"2025-03-28T04:16:00+00:00\",\"mainEntityOfPage\":{\"@id\":\"https:\/\/galleanosebastian.com.ar\/index.php\/2025\/03\/28\/cuanto-tiempo-tarda-en-sanar-una-lesion-de-ligamento\/\"},\"wordCount\":712,\"commentCount\":0,\"publisher\":{\"@id\":\"https:\/\/galleanosebastian.com.ar\/#\/schema\/person\/e9e053bc7d61b5b176e446bc0b052f9c\"},\"image\":{\"@id\":\"https:\/\/galleanosebastian.com.ar\/index.php\/2025\/03\/28\/cuanto-tiempo-tarda-en-sanar-una-lesion-de-ligamento\/#primaryimage\"},\"thumbnailUrl\":\"https:\/\/galleanosebastian.com.ar\/wp-content\/uploads\/2025\/02\/10-1.jpg\",\"keywords\":[\"#EjerciciosDeFortalecimiento\",\"#LesionDeLigamento\",\"#Prevenci\u00f3nDeLesiones\",\"#Protocolos\",\"#RecuperacionMuscular\",\"#SaludArticular\",\"rehabilitaci\u00f3n\"],\"articleSection\":[\"Asistencia\",\"Blog\",\"Prevenci\u00f3n\"],\"inLanguage\":\"es\",\"potentialAction\":[{\"@type\":\"CommentAction\",\"name\":\"Comment\",\"target\":[\"https:\/\/galleanosebastian.com.ar\/index.php\/2025\/03\/28\/cuanto-tiempo-tarda-en-sanar-una-lesion-de-ligamento\/#respond\"]}]},{\"@type\":\"WebPage\",\"@id\":\"https:\/\/galleanosebastian.com.ar\/index.php\/2025\/03\/28\/cuanto-tiempo-tarda-en-sanar-una-lesion-de-ligamento\/\",\"url\":\"https:\/\/galleanosebastian.com.ar\/index.php\/2025\/03\/28\/cuanto-tiempo-tarda-en-sanar-una-lesion-de-ligamento\/\",\"name\":\"\u00bfCu\u00e1nto tiempo tarda en sanar una lesi\u00f3n de ligamento? -\",\"isPartOf\":{\"@id\":\"https:\/\/galleanosebastian.com.ar\/#website\"},\"primaryImageOfPage\":{\"@id\":\"https:\/\/galleanosebastian.com.ar\/index.php\/2025\/03\/28\/cuanto-tiempo-tarda-en-sanar-una-lesion-de-ligamento\/#primaryimage\"},\"image\":{\"@id\":\"https:\/\/galleanosebastian.com.ar\/index.php\/2025\/03\/28\/cuanto-tiempo-tarda-en-sanar-una-lesion-de-ligamento\/#primaryimage\"},\"thumbnailUrl\":\"https:\/\/galleanosebastian.com.ar\/wp-content\/uploads\/2025\/02\/10-1.jpg\",\"datePublished\":\"2025-03-28T04:16:00+00:00\",\"breadcrumb\":{\"@id\":\"https:\/\/galleanosebastian.com.ar\/index.php\/2025\/03\/28\/cuanto-tiempo-tarda-en-sanar-una-lesion-de-ligamento\/#breadcrumb\"},\"inLanguage\":\"es\",\"potentialAction\":[{\"@type\":\"ReadAction\",\"target\":[\"https:\/\/galleanosebastian.com.ar\/index.php\/2025\/03\/28\/cuanto-tiempo-tarda-en-sanar-una-lesion-de-ligamento\/\"]}]},{\"@type\":\"ImageObject\",\"inLanguage\":\"es\",\"@id\":\"https:\/\/galleanosebastian.com.ar\/index.php\/2025\/03\/28\/cuanto-tiempo-tarda-en-sanar-una-lesion-de-ligamento\/#primaryimage\",\"url\":\"https:\/\/galleanosebastian.com.ar\/wp-content\/uploads\/2025\/02\/10-1.jpg\",\"contentUrl\":\"https:\/\/galleanosebastian.com.ar\/wp-content\/uploads\/2025\/02\/10-1.jpg\",\"width\":1440,\"height\":810},{\"@type\":\"BreadcrumbList\",\"@id\":\"https:\/\/galleanosebastian.com.ar\/index.php\/2025\/03\/28\/cuanto-tiempo-tarda-en-sanar-una-lesion-de-ligamento\/#breadcrumb\",\"itemListElement\":[{\"@type\":\"ListItem\",\"position\":1,\"name\":\"Home\",\"item\":\"https:\/\/galleanosebastian.com.ar\/\"},{\"@type\":\"ListItem\",\"position\":2,\"name\":\"\u00bfCu\u00e1nto tiempo tarda en sanar una lesi\u00f3n de ligamento?\"}]},{\"@type\":\"WebSite\",\"@id\":\"https:\/\/galleanosebastian.com.ar\/#website\",\"url\":\"https:\/\/galleanosebastian.com.ar\/\",\"name\":\"Sebasti\u00e1n Pablo Galleano\",\"description\":\"\",\"publisher\":{\"@id\":\"https:\/\/galleanosebastian.com.ar\/#\/schema\/person\/e9e053bc7d61b5b176e446bc0b052f9c\"},\"potentialAction\":[{\"@type\":\"SearchAction\",\"target\":{\"@type\":\"EntryPoint\",\"urlTemplate\":\"https:\/\/galleanosebastian.com.ar\/?s={search_term_string}\"},\"query-input\":{\"@type\":\"PropertyValueSpecification\",\"valueRequired\":true,\"valueName\":\"search_term_string\"}}],\"inLanguage\":\"es\"},{\"@type\":[\"Person\",\"Organization\"],\"@id\":\"https:\/\/galleanosebastian.com.ar\/#\/schema\/person\/e9e053bc7d61b5b176e446bc0b052f9c\",\"name\":\"galleano.sebastian\",\"image\":{\"@type\":\"ImageObject\",\"inLanguage\":\"es\",\"@id\":\"https:\/\/galleanosebastian.com.ar\/#\/schema\/person\/image\/\",\"url\":\"https:\/\/galleanosebastian.com.ar\/wp-content\/uploads\/2023\/11\/cropped-Diseno-sin-titulo-6.png\",\"contentUrl\":\"https:\/\/galleanosebastian.com.ar\/wp-content\/uploads\/2023\/11\/cropped-Diseno-sin-titulo-6.png\",\"width\":250,\"height\":117,\"caption\":\"galleano.sebastian\"},\"logo\":{\"@id\":\"https:\/\/galleanosebastian.com.ar\/#\/schema\/person\/image\/\"},\"sameAs\":[\"https:\/\/galleanosebastian.com.ar\"],\"url\":\"https:\/\/galleanosebastian.com.ar\/index.php\/author\/galleano-sebastian\/\"}]}<\/script>\n<!-- \/ Yoast SEO plugin. -->","yoast_head_json":{"title":"\u00bfCu\u00e1nto tiempo tarda en sanar una lesi\u00f3n de ligamento? -","robots":{"index":"index","follow":"follow","max-snippet":"max-snippet:-1","max-image-preview":"max-image-preview:large","max-video-preview":"max-video-preview:-1"},"canonical":"https:\/\/galleanosebastian.com.ar\/index.php\/2025\/03\/28\/cuanto-tiempo-tarda-en-sanar-una-lesion-de-ligamento\/","og_locale":"es_ES","og_type":"article","og_title":"\u00bfCu\u00e1nto tiempo tarda en sanar una lesi\u00f3n de ligamento? -","og_description":"Expectativas realistas y un plan de rehabilitaci\u00f3n estructurado Las lesiones de ligamento pueden ser frustrantes y afectar nuestra calidad de vida y rendimiento deportivo. A lo largo de mi experiencia, he visto c\u00f3mo una rehabilitaci\u00f3n adecuada marca la diferencia en el tiempo de recuperaci\u00f3n y en la prevenci\u00f3n de reca\u00eddas. Muchas de las consultas que [&hellip;]","og_url":"https:\/\/galleanosebastian.com.ar\/index.php\/2025\/03\/28\/cuanto-tiempo-tarda-en-sanar-una-lesion-de-ligamento\/","article_published_time":"2025-03-28T04:16:00+00:00","og_image":[{"width":1440,"height":810,"url":"https:\/\/galleanosebastian.com.ar\/wp-content\/uploads\/2025\/02\/10-1.jpg","type":"image\/jpeg"}],"author":"galleano.sebastian","twitter_card":"summary_large_image","twitter_misc":{"Escrito por":"galleano.sebastian","Tiempo de lectura":"5 minutos"},"schema":{"@context":"https:\/\/schema.org","@graph":[{"@type":"Article","@id":"https:\/\/galleanosebastian.com.ar\/index.php\/2025\/03\/28\/cuanto-tiempo-tarda-en-sanar-una-lesion-de-ligamento\/#article","isPartOf":{"@id":"https:\/\/galleanosebastian.com.ar\/index.php\/2025\/03\/28\/cuanto-tiempo-tarda-en-sanar-una-lesion-de-ligamento\/"},"author":{"name":"galleano.sebastian","@id":"https:\/\/galleanosebastian.com.ar\/#\/schema\/person\/e9e053bc7d61b5b176e446bc0b052f9c"},"headline":"\u00bfCu\u00e1nto tiempo tarda en sanar una lesi\u00f3n de ligamento?","datePublished":"2025-03-28T04:16:00+00:00","mainEntityOfPage":{"@id":"https:\/\/galleanosebastian.com.ar\/index.php\/2025\/03\/28\/cuanto-tiempo-tarda-en-sanar-una-lesion-de-ligamento\/"},"wordCount":712,"commentCount":0,"publisher":{"@id":"https:\/\/galleanosebastian.com.ar\/#\/schema\/person\/e9e053bc7d61b5b176e446bc0b052f9c"},"image":{"@id":"https:\/\/galleanosebastian.com.ar\/index.php\/2025\/03\/28\/cuanto-tiempo-tarda-en-sanar-una-lesion-de-ligamento\/#primaryimage"},"thumbnailUrl":"https:\/\/galleanosebastian.com.ar\/wp-content\/uploads\/2025\/02\/10-1.jpg","keywords":["#EjerciciosDeFortalecimiento","#LesionDeLigamento","#Prevenci\u00f3nDeLesiones","#Protocolos","#RecuperacionMuscular","#SaludArticular","rehabilitaci\u00f3n"],"articleSection":["Asistencia","Blog","Prevenci\u00f3n"],"inLanguage":"es","potentialAction":[{"@type":"CommentAction","name":"Comment","target":["https:\/\/galleanosebastian.com.ar\/index.php\/2025\/03\/28\/cuanto-tiempo-tarda-en-sanar-una-lesion-de-ligamento\/#respond"]}]},{"@type":"WebPage","@id":"https:\/\/galleanosebastian.com.ar\/index.php\/2025\/03\/28\/cuanto-tiempo-tarda-en-sanar-una-lesion-de-ligamento\/","url":"https:\/\/galleanosebastian.com.ar\/index.php\/2025\/03\/28\/cuanto-tiempo-tarda-en-sanar-una-lesion-de-ligamento\/","name":"\u00bfCu\u00e1nto tiempo tarda en sanar una lesi\u00f3n de ligamento? -","isPartOf":{"@id":"https:\/\/galleanosebastian.com.ar\/#website"},"primaryImageOfPage":{"@id":"https:\/\/galleanosebastian.com.ar\/index.php\/2025\/03\/28\/cuanto-tiempo-tarda-en-sanar-una-lesion-de-ligamento\/#primaryimage"},"image":{"@id":"https:\/\/galleanosebastian.com.ar\/index.php\/2025\/03\/28\/cuanto-tiempo-tarda-en-sanar-una-lesion-de-ligamento\/#primaryimage"},"thumbnailUrl":"https:\/\/galleanosebastian.com.ar\/wp-content\/uploads\/2025\/02\/10-1.jpg","datePublished":"2025-03-28T04:16:00+00:00","breadcrumb":{"@id":"https:\/\/galleanosebastian.com.ar\/index.php\/2025\/03\/28\/cuanto-tiempo-tarda-en-sanar-una-lesion-de-ligamento\/#breadcrumb"},"inLanguage":"es","potentialAction":[{"@type":"ReadAction","target":["https:\/\/galleanosebastian.com.ar\/index.php\/2025\/03\/28\/cuanto-tiempo-tarda-en-sanar-una-lesion-de-ligamento\/"]}]},{"@type":"ImageObject","inLanguage":"es","@id":"https:\/\/galleanosebastian.com.ar\/index.php\/2025\/03\/28\/cuanto-tiempo-tarda-en-sanar-una-lesion-de-ligamento\/#primaryimage","url":"https:\/\/galleanosebastian.com.ar\/wp-content\/uploads\/2025\/02\/10-1.jpg","contentUrl":"https:\/\/galleanosebastian.com.ar\/wp-content\/uploads\/2025\/02\/10-1.jpg","width":1440,"height":810},{"@type":"BreadcrumbList","@id":"https:\/\/galleanosebastian.com.ar\/index.php\/2025\/03\/28\/cuanto-tiempo-tarda-en-sanar-una-lesion-de-ligamento\/#breadcrumb","itemListElement":[{"@type":"ListItem","position":1,"name":"Home","item":"https:\/\/galleanosebastian.com.ar\/"},{"@type":"ListItem","position":2,"name":"\u00bfCu\u00e1nto tiempo tarda en sanar una lesi\u00f3n de ligamento?"}]},{"@type":"WebSite","@id":"https:\/\/galleanosebastian.com.ar\/#website","url":"https:\/\/galleanosebastian.com.ar\/","name":"Sebasti\u00e1n Pablo Galleano","description":"","publisher":{"@id":"https:\/\/galleanosebastian.com.ar\/#\/schema\/person\/e9e053bc7d61b5b176e446bc0b052f9c"},"potentialAction":[{"@type":"SearchAction","target":{"@type":"EntryPoint","urlTemplate":"https:\/\/galleanosebastian.com.ar\/?s={search_term_string}"},"query-input":{"@type":"PropertyValueSpecification","valueRequired":true,"valueName":"search_term_string"}}],"inLanguage":"es"},{"@type":["Person","Organization"],"@id":"https:\/\/galleanosebastian.com.ar\/#\/schema\/person\/e9e053bc7d61b5b176e446bc0b052f9c","name":"galleano.sebastian","image":{"@type":"ImageObject","inLanguage":"es","@id":"https:\/\/galleanosebastian.com.ar\/#\/schema\/person\/image\/","url":"https:\/\/galleanosebastian.com.ar\/wp-content\/uploads\/2023\/11\/cropped-Diseno-sin-titulo-6.png","contentUrl":"https:\/\/galleanosebastian.com.ar\/wp-content\/uploads\/2023\/11\/cropped-Diseno-sin-titulo-6.png","width":250,"height":117,"caption":"galleano.sebastian"},"logo":{"@id":"https:\/\/galleanosebastian.com.ar\/#\/schema\/person\/image\/"},"sameAs":["https:\/\/galleanosebastian.com.ar"],"url":"https:\/\/galleanosebastian.com.ar\/index.php\/author\/galleano-sebastian\/"}]}},"_links":{"self":[{"href":"https:\/\/galleanosebastian.com.ar\/index.php\/wp-json\/wp\/v2\/posts\/4318","targetHints":{"allow":["GET"]}}],"collection":[{"href":"https:\/\/galleanosebastian.com.ar\/index.php\/wp-json\/wp\/v2\/posts"}],"about":[{"href":"https:\/\/galleanosebastian.com.ar\/index.php\/wp-json\/wp\/v2\/types\/post"}],"author":[{"embeddable":true,"href":"https:\/\/galleanosebastian.com.ar\/index.php\/wp-json\/wp\/v2\/users\/1"}],"replies":[{"embeddable":true,"href":"https:\/\/galleanosebastian.com.ar\/index.php\/wp-json\/wp\/v2\/comments?post=4318"}],"version-history":[{"count":5,"href":"https:\/\/galleanosebastian.com.ar\/index.php\/wp-json\/wp\/v2\/posts\/4318\/revisions"}],"predecessor-version":[{"id":4323,"href":"https:\/\/galleanosebastian.com.ar\/index.php\/wp-json\/wp\/v2\/posts\/4318\/revisions\/4323"}],"wp:featuredmedia":[{"embeddable":true,"href":"https:\/\/galleanosebastian.com.ar\/index.php\/wp-json\/wp\/v2\/media\/4292"}],"wp:attachment":[{"href":"https:\/\/galleanosebastian.com.ar\/index.php\/wp-json\/wp\/v2\/media?parent=4318"}],"wp:term":[{"taxonomy":"category","embeddable":true,"href":"https:\/\/galleanosebastian.com.ar\/index.php\/wp-json\/wp\/v2\/categories?post=4318"},{"taxonomy":"post_tag","embeddable":true,"href":"https:\/\/galleanosebastian.com.ar\/index.php\/wp-json\/wp\/v2\/tags?post=4318"}],"curies":[{"name":"wp","href":"https:\/\/api.w.org\/{rel}","templated":true}]}}